{"id":30885467,"date":"2025-02-25T14:48:38","date_gmt":"2025-02-25T13:48:38","guid":{"rendered":"https:\/\/www.upo.es\/diario\/?p=30885467"},"modified":"2025-02-27T12:34:05","modified_gmt":"2025-02-27T11:34:05","slug":"reunion-decanos-decanas-facultades-derecho-andalucia","status":"publish","type":"post","link":"https:\/\/www.upo.es\/diario\/institucional\/2025\/02\/reunion-decanos-decanas-facultades-derecho-andalucia\/","title":{"rendered":"Reuni\u00f3n de decanos y decana de las Facultades de Derecho de Andaluc\u00eda"},"content":{"rendered":"<p><a href=\"https:\/\/www.upo.es\/diario\/wp-content\/uploads\/2025\/02\/decanos_derecho-1-scaled.jpg\"><img loading=\"lazy\" decoding=\"async\" class=\"aligncenter size-large wp-image-30885477\" src=\"https:\/\/www.upo.es\/diario\/wp-content\/uploads\/2025\/02\/decanos_derecho-1-750x500.jpg\" alt=\"\" width=\"750\" height=\"500\" srcset=\"https:\/\/www.upo.es\/diario\/wp-content\/uploads\/2025\/02\/decanos_derecho-1-750x500.jpg 750w, https:\/\/www.upo.es\/diario\/wp-content\/uploads\/2025\/02\/decanos_derecho-1-420x280.jpg 420w, https:\/\/www.upo.es\/diario\/wp-content\/uploads\/2025\/02\/decanos_derecho-1-768x512.jpg 768w, https:\/\/www.upo.es\/diario\/wp-content\/uploads\/2025\/02\/decanos_derecho-1-1536x1024.jpg 1536w, https:\/\/www.upo.es\/diario\/wp-content\/uploads\/2025\/02\/decanos_derecho-1-2048x1365.jpg 2048w, https:\/\/www.upo.es\/diario\/wp-content\/uploads\/2025\/02\/decanos_derecho-1-165x109.jpg 165w, https:\/\/www.upo.es\/diario\/wp-content\/uploads\/2025\/02\/decanos_derecho-1-1320x880.jpg 1320w\" sizes=\"auto, (max-width: 750px) 100vw, 750px\" \/><\/a><\/p>\n<p>La Universidad Pablo de Olavide ha acogido una reuni\u00f3n de decanos y decana de las Facultades de Derecho de Andaluc\u00eda, un encuentro en el que han participado representantes de ocho de las once facultades andaluzas, incluyendo las de C\u00f3rdoba, Huelva, Ja\u00e9n, Jerez, Loyola Andaluc\u00eda, Sevilla, CEU San Fernando y la propia UPO.<\/p>\n<p>El objetivo principal ha sido retomar estas reuniones peri\u00f3dicas como un espacio de reflexi\u00f3n conjunta sobre los retos y desaf\u00edos de la ense\u00f1anza del Derecho en los centros andaluces. Adem\u00e1s, se ha debatido la posibilidad de formalizar una agrupaci\u00f3n andaluza de Facultades de Derecho, siguiendo el modelo de la organizaci\u00f3n nacional.<\/p>\n<p>Asimismo, el encuentro ha servido como preparaci\u00f3n para la Conferencia de Decanos\/as de las Facultades de Derecho de Espa\u00f1a, que se celebrar\u00e1 los d\u00edas 13 y 14 de marzo en Palma de Mallorca.<\/p>\n","protected":false},"excerpt":{"rendered":"<p>La Universidad Pablo de Olavide ha acogido una reuni\u00f3n de decanos y decanas de las Facultades de Derecho de Andaluc\u00eda, un encuentro en el que han participado representantes de ocho de las once facultades andaluzas, incluyendo las de C\u00f3rdoba, Huelva, Ja\u00e9n, Jerez, Loyola Andaluc\u00eda, Sevilla, CEU San Fernando y la propia UPO.<\/p>\n","protected":false},"author":2,"featured_media":30885477,"comment_status":"closed","ping_status":"open","sticky":false,"template":"","format":"standard","meta":{"_monsterinsights_skip_tracking":false,"_monsterinsights_sitenote_active":false,"_monsterinsights_sitenote_note":"","_monsterinsights_sitenote_category":0,"footnotes":""},"categories":[6],"tags":[2701,1950,821,81],"class_list":["post-30885467","post","type-post","status-publish","format-standard","has-post-thumbnail","hentry","category-institucional","tag-decana","tag-decano","tag-encuentro","tag-facultad-de-derecho"],"_links":{"self":[{"href":"https:\/\/www.upo.es\/diario\/wp-json\/wp\/v2\/posts\/30885467","targetHints":{"allow":["GET"]}}],"collection":[{"href":"https:\/\/www.upo.es\/diario\/wp-json\/wp\/v2\/posts"}],"about":[{"href":"https:\/\/www.upo.es\/diario\/wp-json\/wp\/v2\/types\/post"}],"author":[{"embeddable":true,"href":"https:\/\/www.upo.es\/diario\/wp-json\/wp\/v2\/users\/2"}],"replies":[{"embeddable":true,"href":"https:\/\/www.upo.es\/diario\/wp-json\/wp\/v2\/comments?post=30885467"}],"version-history":[{"count":4,"href":"https:\/\/www.upo.es\/diario\/wp-json\/wp\/v2\/posts\/30885467\/revisions"}],"predecessor-version":[{"id":30885486,"href":"https:\/\/www.upo.es\/diario\/wp-json\/wp\/v2\/posts\/30885467\/revisions\/30885486"}],"wp:featuredmedia":[{"embeddable":true,"href":"https:\/\/www.upo.es\/diario\/wp-json\/wp\/v2\/media\/30885477"}],"wp:attachment":[{"href":"https:\/\/www.upo.es\/diario\/wp-json\/wp\/v2\/media?parent=30885467"}],"wp:term":[{"taxonomy":"category","embeddable":true,"href":"https:\/\/www.upo.es\/diario\/wp-json\/wp\/v2\/categories?post=30885467"},{"taxonomy":"post_tag","embeddable":true,"href":"https:\/\/www.upo.es\/diario\/wp-json\/wp\/v2\/tags?post=30885467"}],"curies":[{"name":"wp","href":"https:\/\/api.w.org\/{rel}","templated":true}]}}