{"id":30885550,"date":"2025-03-04T09:05:32","date_gmt":"2025-03-04T08:05:32","guid":{"rendered":"https:\/\/www.upo.es\/diario\/?p=30885550"},"modified":"2025-03-10T09:21:41","modified_gmt":"2025-03-10T08:21:41","slug":"upo-conmemora-8m-programa-actividades-favor-igualdad","status":"publish","type":"post","link":"https:\/\/www.upo.es\/diario\/cultura-social\/2025\/03\/upo-conmemora-8m-programa-actividades-favor-igualdad\/","title":{"rendered":"La UPO conmemora el 8M con un programa de actividades en favor de la igualdad"},"content":{"rendered":"<p><a href=\"https:\/\/www.upo.es\/diario\/wp-content\/uploads\/2023\/03\/8M_cartelJPG.jpg\"><img loading=\"lazy\" decoding=\"async\" class=\"alignright size-large wp-image-30877324\" src=\"https:\/\/www.upo.es\/diario\/wp-content\/uploads\/2023\/03\/8M_cartelJPG-530x750.jpg\" alt=\"8M - D\u00eda Internacional de las Mujeres\" width=\"371\" height=\"525\" srcset=\"https:\/\/www.upo.es\/diario\/wp-content\/uploads\/2023\/03\/8M_cartelJPG-530x750.jpg 530w, https:\/\/www.upo.es\/diario\/wp-content\/uploads\/2023\/03\/8M_cartelJPG-272x385.jpg 272w, https:\/\/www.upo.es\/diario\/wp-content\/uploads\/2023\/03\/8M_cartelJPG-768x1086.jpg 768w, https:\/\/www.upo.es\/diario\/wp-content\/uploads\/2023\/03\/8M_cartelJPG-1086x1536.jpg 1086w, https:\/\/www.upo.es\/diario\/wp-content\/uploads\/2023\/03\/8M_cartelJPG-1448x2048.jpg 1448w, https:\/\/www.upo.es\/diario\/wp-content\/uploads\/2023\/03\/8M_cartelJPG-1320x1867.jpg 1320w, https:\/\/www.upo.es\/diario\/wp-content\/uploads\/2023\/03\/8M_cartelJPG.jpg 1754w\" sizes=\"auto, (max-width: 371px) 100vw, 371px\" \/><\/a>La Universidad Pablo de Olavide se suma un a\u00f1o m\u00e1s a la conmemoraci\u00f3n del <strong>D\u00eda Internacional de las Mujeres (8M)<\/strong> con un programa de actividades enmarcado en el lema impulsado por la ONU <strong>\u2018Para las mujeres y ni\u00f1as en toda su diversidad: derechos, igualdad y empoderamiento\u2019<\/strong>. Con exposiciones, jornadas, talleres y encuentros, la UPO invita a reflexionar sobre los avances y desaf\u00edos en el camino por la igualdad.<\/p>\n<p>As\u00ed,<strong> M\u00f3nica Dom\u00ednguez Serrano<\/strong>, delegada del rector para la Igualdad de G\u00e9nero, subraya la importancia de poner el foco en la diversidad en este 8M: \u201cIncorporar una perspectiva interseccional es clave para entender las desigualdades desde un enfoque de g\u00e9nero. Por eso, en este d\u00eda, reivindicamos la importancia de mirar a las mujeres en toda su diversidad, respetando sus particularidades, sus cuerpos, sus identidades y sus experiencias de vida\u201d.<\/p>\n<h3><strong>Arte y memoria en el 8M<\/strong><\/h3>\n<p><u>Ma\u00f1ana mi\u00e9rcoles 5 de marzo, a las 11:30 horas en la sala de prensa del Rectorado<\/u>, el rector <strong>Francisco Oliva Bl\u00e1zquez<\/strong> presentar\u00e1 la <strong>exposici\u00f3n permanente \u2018Violeta\u2019<\/strong>, del artista <strong>Pedro Siratz<\/strong>, una muestra organizada por la Delegaci\u00f3n del rector para la Igualdad de G\u00e9nero que recoge las historias de vida y superaci\u00f3n de ocho mujeres, resaltando su diversidad y fortaleza.<\/p>\n<p>Adem\u00e1s, <u>del 6 al 27 de marzo<\/u>, la Biblioteca\/CRAI acoger\u00e1 la <strong>exposici\u00f3n \u2018Por sus palabras las conocer\u00e9is. Luchadoras por la igualdad\u2019<\/strong>, que visibiliza el legado de mujeres clave en el movimiento feminista a trav\u00e9s de sus palabras y bibliograf\u00eda.<\/p>\n<h3><strong>Jornadas y encuentros para la reflexi\u00f3n<\/strong><\/h3>\n<p><u>Del 4 al 6 de marzo, en horario de 17:00 a 21:00 horas en el Aula Profesor Carriazo de la Facultad de Geograf\u00eda e Historia de la Universidad de Sevilla,<\/u> tendr\u00e1n lugar las <strong>X Jornadas Internacionales \u2018Mujeres contra el canon. Arte, Literatura, M\u00fasica\u2019<\/strong>, organizadas por el \u00c1rea de Historia del Arte UPO junto con las Facultades de Filolog\u00eda y Geograf\u00eda e Historia de la US, que abordar\u00e1n el papel de las mujeres en distintas disciplinas art\u00edsticas.<\/p>\n<p><a href=\"https:\/\/www.upo.es\/diario\/wp-content\/uploads\/2025\/03\/WhatsApp-Image-2025-02-27-at-13.59.41.jpeg\"><img loading=\"lazy\" decoding=\"async\" class=\"alignleft size-medium wp-image-30885549\" src=\"https:\/\/www.upo.es\/diario\/wp-content\/uploads\/2025\/03\/WhatsApp-Image-2025-02-27-at-13.59.41-297x420.jpeg\" alt=\"\" width=\"297\" height=\"420\" srcset=\"https:\/\/www.upo.es\/diario\/wp-content\/uploads\/2025\/03\/WhatsApp-Image-2025-02-27-at-13.59.41-297x420.jpeg 297w, https:\/\/www.upo.es\/diario\/wp-content\/uploads\/2025\/03\/WhatsApp-Image-2025-02-27-at-13.59.41-371x525.jpeg 371w, https:\/\/www.upo.es\/diario\/wp-content\/uploads\/2025\/03\/WhatsApp-Image-2025-02-27-at-13.59.41-768x1086.jpeg 768w, https:\/\/www.upo.es\/diario\/wp-content\/uploads\/2025\/03\/WhatsApp-Image-2025-02-27-at-13.59.41-1086x1536.jpeg 1086w, https:\/\/www.upo.es\/diario\/wp-content\/uploads\/2025\/03\/WhatsApp-Image-2025-02-27-at-13.59.41.jpeg 1131w\" sizes=\"auto, (max-width: 297px) 100vw, 297px\" \/><\/a>El <u>jueves 6 de marzo<\/u>, la actividad <strong>\u2018El legado de Rosario Valpuesta\u2019<\/strong> permitir\u00e1 recorrer la vida y obra de la primera rectora de la UPO a trav\u00e9s de una subida guiada a la Torre UPO.<\/p>\n<p>El <u>mi\u00e9rcoles 12 de marzo<\/u>, a las 12:00 horas en la sala de grados del edificio 7, la Facultad de Derecho acoger\u00e1 la \u2018<strong>I Jornada de G\u00e9nero, Igualdad y Conciliaci\u00f3n: usos del tiempo y corresponsabilidad\u2019<\/strong>, con expertas como M\u00aa \u00c1ngeles Dur\u00e1n, Julia Espinosa y M\u00aa Luisa Rodr\u00edguez, centradas en las pol\u00edticas p\u00fablicas de conciliaci\u00f3n.<\/p>\n<p>El <u>jueves 13 de marzo<\/u> la Universidad Pablo de Olavide estar\u00e1 presente en el <strong>IX Encuentro por la Igualdad<\/strong>, organizado por el Ayuntamiento de Sevilla, con un stand informativo en la Alameda de H\u00e9rcules.<\/p>\n<h3><strong>Debates y formaci\u00f3n con perspectiva de g\u00e9nero<\/strong><\/h3>\n<p>El <u>martes 18 de marzo, a las 9:00 horas en el aula 04 del edificio 24<\/u>, la Facultad de Humanidades organizar\u00e1 la actividad <strong>\u2018Di\u00e1logos interdisciplinares con perspectiva de g\u00e9nero: Violencia\u2019<\/strong>, con la participaci\u00f3n de las profesoras expertas en la materia Carmen Velasco e Inmaculada Villa. Ese mismo d\u00eda, a las 17:00 horas en el aula 4 del edificio 11, la Asociaci\u00f3n AMUVI impartir\u00e1 el curso <strong>\u2018Entrenamiento digital para prevenir la ciberviolencia en mujeres j\u00f3venes\u2019<\/strong>, financiado por el Instituto Andaluz de la Mujer.<\/p>\n<p>Tambi\u00e9n el <u>18 de marzo, a las 15:00 horas en el aula 17 del edificio 24<\/u>, la profesora Dra. Luisina Bolla ofrecer\u00e1 la conferencia <strong>\u2018Feminismos, antifeminismo y la reproducci\u00f3n del capital. Un an\u00e1lisis desde Argentina\u2019<\/strong>, que analizar\u00e1 el feminismo actual en este pa\u00eds y los desaf\u00edos ante el avance de las derechas a nivel global.<\/p>\n<p>La jornada concluir\u00e1 con la presentaci\u00f3n del n\u00famero 9 de la <strong>revista \u2018La Pluma Violeta\u2019<\/strong>, creada por estudiantes de la asignatura \u2018G\u00e9nero y cr\u00edtica de las ideolog\u00edas\u2019 de la Facultad de Humanidades, <u>a las 19:30 horas en la Biblioteca del CSIC (REBIS<\/u>).<\/p>\n<h3><strong>Actividades con el Aula Abierta de Mayores<\/strong><\/h3>\n<p>El Aula Abierta de Mayores de la UPO tambi\u00e9n se suma al 8M con dos ciclos formativos: <strong>\u2018Las desigualdades entre mujeres y hombres en la sociedad actual\u2019<\/strong> y <strong>\u2018Marie Curie: una mujer hecha a s\u00ed misma, dos veces premio Nobel y sin embargo no pod\u00eda votar\u2019<\/strong>, que se desarrollar\u00e1n entre marzo y abril en distintas sedes de la provincia.<\/p>\n<h3><strong>Lectura del manifiesto y taller de sensibilizaci\u00f3n<\/strong><\/h3>\n<p>El <u>8 de marzo<\/u>, la UPO se sumar\u00e1 a la difusi\u00f3n del <strong>Manifiesto de la Red de Unidades de Igualdad de G\u00e9nero para la Excelencia Universitaria (RUIGEU)<\/strong> a trav\u00e9s de sus redes sociales.<\/p>\n<p><u>Del 3 hasta el 10 de marzo<\/u> la Torre UPO permanecer\u00e1 iluminada de color morado y el Pasaje de la Ilustraci\u00f3n mostrar\u00e1 banderolas conmemorativas.<\/p>\n<p>Por \u00faltimo, <u>el 10 de marzo<\/u>, a las 13:00 horas en el seminario 3 del edificio 10 de la UPO, FEVIDA UPO, en colaboraci\u00f3n con la Oficina para la Igualdad, impartir\u00e1 el taller <strong>\u2018\u00bfConoces por qu\u00e9 se conmemora el 8M?\u2019<\/strong>, dirigido a estudiantado interesado en conocer el origen y la relevancia de esta fecha.<\/p>\n<p>Con esta programaci\u00f3n, la Universidad Pablo de Olavide reafirma su compromiso con la igualdad de g\u00e9nero, promoviendo la diversidad y la participaci\u00f3n activa de toda la comunidad universitaria.<\/p>\n<h3><strong>M\u00e1s informaci\u00f3n:<\/strong><strong>\u00a0<\/strong><\/h3>\n<p><a href=\"https:\/\/www.upo.es\/upsc\/igualdad\/dia-internacional-mujeres\/\">https:\/\/www.upo.es\/upsc\/igualdad\/dia-internacional-mujeres\/<\/a><\/p>\n","protected":false},"excerpt":{"rendered":"<p>La Universidad Pablo de Olavide se suma un a\u00f1o m\u00e1s a la conmemoraci\u00f3n del D\u00eda Internacional de las Mujeres (8M) con un programa de actividades enmarcado en el lema impulsado por la ONU \u2018Para las mujeres y ni\u00f1as en toda su diversidad: derechos, igualdad y empoderamiento\u2019. Con exposiciones, jornadas, talleres y encuentros, la UPO invita a reflexionar sobre los avances y desaf\u00edos en el camino por la igualdad.<\/p>\n","protected":false},"author":2,"featured_media":30877324,"comment_status":"closed","ping_status":"open","sticky":false,"template":"","format":"standard","meta":{"_monsterinsights_skip_tracking":false,"_monsterinsights_sitenote_active":false,"_monsterinsights_sitenote_note":"","_monsterinsights_sitenote_category":0,"footnotes":""},"categories":[5843],"tags":[8271,5721,6791,9110,7412,1200,2408,74,336,517,9111,7297,9109],"class_list":["post-30885550","post","type-post","status-publish","format-standard","has-post-thumbnail","hentry","category-cultura-social","tag-8m","tag-ciberviolencia","tag-conciliacion","tag-corresponsabilidad","tag-delegacion-del-rector-para-la-igualdad-de-genero","tag-dia-internacional-de-las-mujeres","tag-diversidad","tag-exposiciones","tag-genero","tag-igualdad","tag-pluma-violeta","tag-ruigeu","tag-violeta"],"_links":{"self":[{"href":"https:\/\/www.upo.es\/diario\/wp-json\/wp\/v2\/posts\/30885550","targetHints":{"allow":["GET"]}}],"collection":[{"href":"https:\/\/www.upo.es\/diario\/wp-json\/wp\/v2\/posts"}],"about":[{"href":"https:\/\/www.upo.es\/diario\/wp-json\/wp\/v2\/types\/post"}],"author":[{"embeddable":true,"href":"https:\/\/www.upo.es\/diario\/wp-json\/wp\/v2\/users\/2"}],"replies":[{"embeddable":true,"href":"https:\/\/www.upo.es\/diario\/wp-json\/wp\/v2\/comments?post=30885550"}],"version-history":[{"count":4,"href":"https:\/\/www.upo.es\/diario\/wp-json\/wp\/v2\/posts\/30885550\/revisions"}],"predecessor-version":[{"id":30885554,"href":"https:\/\/www.upo.es\/diario\/wp-json\/wp\/v2\/posts\/30885550\/revisions\/30885554"}],"wp:featuredmedia":[{"embeddable":true,"href":"https:\/\/www.upo.es\/diario\/wp-json\/wp\/v2\/media\/30877324"}],"wp:attachment":[{"href":"https:\/\/www.upo.es\/diario\/wp-json\/wp\/v2\/media?parent=30885550"}],"wp:term":[{"taxonomy":"category","embeddable":true,"href":"https:\/\/www.upo.es\/diario\/wp-json\/wp\/v2\/categories?post=30885550"},{"taxonomy":"post_tag","embeddable":true,"href":"https:\/\/www.upo.es\/diario\/wp-json\/wp\/v2\/tags?post=30885550"}],"curies":[{"name":"wp","href":"https:\/\/api.w.org\/{rel}","templated":true}]}}