{"id":30885555,"date":"2025-03-04T12:13:12","date_gmt":"2025-03-04T11:13:12","guid":{"rendered":"https:\/\/www.upo.es\/diario\/?p=30885555"},"modified":"2025-03-07T12:13:57","modified_gmt":"2025-03-07T11:13:57","slug":"abierto-el-periodo-de-matricula-para-mas-de-40-titulos-propios-que-se-impartiran-el-proximo-curso-en-la-universidad-pablo-de-olavide","status":"publish","type":"post","link":"https:\/\/www.upo.es\/diario\/institucional\/2025\/03\/abierto-el-periodo-de-matricula-para-mas-de-40-titulos-propios-que-se-impartiran-el-proximo-curso-en-la-universidad-pablo-de-olavide\/","title":{"rendered":"Abierto el periodo de matr\u00edcula para m\u00e1s de 40 t\u00edtulos propios que se impartir\u00e1n el pr\u00f3ximo curso en la Universidad Pablo de Olavide"},"content":{"rendered":"<p><img loading=\"lazy\" decoding=\"async\" class=\"aligncenter size-large wp-image-30885556\" src=\"https:\/\/www.upo.es\/diario\/wp-content\/uploads\/2025\/03\/titulos-propios-formacion-permanente-1-1024x638-1-768x479-1-750x468.jpg\" alt=\"Estudiantes en el campus de la UPO, edificio de Postgrado\" width=\"750\" height=\"468\" srcset=\"https:\/\/www.upo.es\/diario\/wp-content\/uploads\/2025\/03\/titulos-propios-formacion-permanente-1-1024x638-1-768x479-1-750x468.jpg 750w, https:\/\/www.upo.es\/diario\/wp-content\/uploads\/2025\/03\/titulos-propios-formacion-permanente-1-1024x638-1-768x479-1-420x262.jpg 420w, https:\/\/www.upo.es\/diario\/wp-content\/uploads\/2025\/03\/titulos-propios-formacion-permanente-1-1024x638-1-768x479-1.jpg 768w\" sizes=\"auto, (max-width: 750px) 100vw, 750px\" \/>La Universidad Pablo de Olavide ha publicado el <strong>avance de los t\u00edtulos propios que se impartir\u00e1n el pr\u00f3ximo curso acad\u00e9mico 2025\/2026.<\/strong> Entre los mismos, figuran programas formativos consolidados, que se reeditan nuevamente por el \u00e9xito obtenido en previas ediciones, orientados a una formaci\u00f3n extensa y profunda en diferentes campos profesionales y \u00e1reas tem\u00e1ticas.<\/p>\n<p>El avance de estos t\u00edtulos incluye <strong>un total de 40 programas formativos, de los cuales trece son m\u00e1steres que buscan especializar y destacar a su alumnado en cada uno de los sectores profesionales<\/strong>. Entre estos programas se encuentran t\u00edtulos con una dilatada trayectoria como \u2018<em>Big Data &amp; Business Analytics<\/em>\u2019 que comienza el pr\u00f3ximo curso su d\u00e9cimo primera edici\u00f3n; \u2018Direcci\u00f3n y Administraci\u00f3n de Empresas Hosteleras\u2019 que lo har\u00e1 con su d\u00e9cimo octava edici\u00f3n o \u2018Planificaci\u00f3n, Econom\u00eda y Operaci\u00f3n del Transporte Urbano y Metropolitano\u2019, que har\u00e1 lo propio con su d\u00e9cimo segunda edici\u00f3n.<\/p>\n<p>Asimismo, tambi\u00e9n se encuentran t\u00edtulos de m\u00e1ster como \u2018Consultor\u00eda Tecnol\u00f3gica: Especializaci\u00f3n en <em>Microsoft Dynamics 365 Business Central<\/em>\u2019 o \u2018Neuroestimulaci\u00f3n Percut\u00e1nea y Acupuntura M\u00e9dica\u2019 que en el pr\u00f3ximo curso iniciar\u00e1n su segunda edici\u00f3n tras impartirse por primera vez en este curso 2024\/2025.<\/p>\n<p>Otros t\u00edtulos, tambi\u00e9n a nivel de postgrado, son los <strong>Diplomas de Especializaci\u00f3n<\/strong> que tienen actualmente abierta la inscripci\u00f3n para <em>\u2018BIM (Building Information Modeling) &amp; VDC (Virtual Design and Construction)<\/em>\u2019, tanto en modalidad online, como presencial; \u2018An\u00e1lisis Bioinform\u00e1tico\u2019; y \u2018Acceso al cuerpo de Ayudantes de Instituciones Penitenciarias\u2019 y \u2018Acceso al cuerpo de Gestor Procesal de la Administraci\u00f3n de Justicia.<\/p>\n<p>Por su parte, y con respecto a los <strong>Diplomas de Experto<\/strong>, se ofertan t\u00edtulos como \u2018Trastornos de la conducta alimentaria y obesidad\u2019; \u2018Programaci\u00f3n did\u00e1ctica y metodolog\u00edas innovadoras\u2019; \u2018Metodolog\u00eda y t\u00e9cnicas de excavaci\u00f3n: Antropolog\u00eda f\u00edsica y arqueolog\u00eda\u2019, \u2018Neurociencia aplicada al Derecho Penal\u2019 o \u2018Rutas e itinerarios culturales: Desarrollo local\/ Desarrollo internacional\u2019.<\/p>\n<p>Para concluir esta oferta, la Universidad Pablo de Olvide tambi\u00e9n ha abierto el plazo de inscripci\u00f3n en once <strong>Certificados Universitarios<\/strong>, para los que no se necesita acreditar estudios universitarios previos, \u00fanicamente nivel de acceso a ciclos formativos de Grado Medio o Superior. Entre estos t\u00edtulos se encuentran \u2018Detective privado\u2019, \u2018Direcci\u00f3n y Administraci\u00f3n de Empresas Hosteleras\u2019, \u2018Director de Seguridad\u2019, \u2018Gesti\u00f3n y Direcci\u00f3n de Hosteler\u00eda\u2019 o \u2018Formaci\u00f3n de formadores: metodolog\u00eda presencial y <em>e-learning<\/em>\u2019.<\/p>\n<p>Los T\u00edtulos Propios <strong>son formaciones universitarias que conviven junto a la formaci\u00f3n oficial, y que se caracterizan por responder de forma inmediata y \u00e1gil a las necesidades de capacitaci\u00f3n de profesionales en los distintos \u00e1mbitos empresarial y social<\/strong>. Se clasifican en distintas tipolog\u00edas en funci\u00f3n del n\u00famero de cr\u00e9ditos, de su complejidad y del perfil de acceso de su alumnado. Por un lado, en estudios de nivel de postgrado: M\u00e1ster de Formaci\u00f3n Permanente (con una carga de 60, 90 y 120 ECTS), Diploma de Especializaci\u00f3n (con una carga igual o superior a 30 ECTS e inferior a 60 ECTS), y Diploma de Experto (con una carga igual o superior a 15 ECTS e inferior a 30 ECTS). Por otro lado, en estudios de nivel de grado: Certificado Universitario (con una carga m\u00e1xima de 30 ECTS).<\/p>\n<p>Para que todos estos t\u00edtulos de Formaci\u00f3n Permanente ofrezcan una formaci\u00f3n de calidad y actualizada a las \u00faltimas tendencias, la Universidad Pablo de Olavide cuenta <strong>con la colaboraci\u00f3n de numerosas entidades que participan en el dise\u00f1o y la impartici\u00f3n de algunos de ellos<\/strong>. Existen alianzas con asociaciones empresariales, destacados colegios profesionales, administraciones p\u00fablicas y empresas y entidades consolidadas tras numerosas ediciones.<\/p>\n<p>Los T\u00edtulos Propios de la Universidad Pablo de Olavide son dise\u00f1ados bajo las directrices del Vicerrectorado de Relaciones Institucionales, Formaci\u00f3n Permanente y Fundaciones y <strong>gestionados por la Fundaci\u00f3n Universidad Pablo de Olavide<\/strong> a trav\u00e9s del \u00c1rea de T\u00edtulos Propios. Para cualquier duda o consulta se puede contactar con este servicio a trav\u00e9s del correo electr\u00f3nico <a href=\"mailto:titulospropios@fundacion.upo.es\">titulospropios@fundacion.upo.es<\/a>.<\/p>\n<p>M\u00e1s informaci\u00f3n en: <a href=\"https:\/\/www.upo.es\/formacionpermanente\/titulos-propios\/oferta-academica-2025-2026\/\">Avance T\u00edtulos Propios 2025\/2026<\/a><\/p>\n<p>Fuente: Fundaci\u00f3n Universidad Pablo de Olavide<\/p>\n","protected":false},"excerpt":{"rendered":"<p>La Universidad Pablo de Olavide ha publicado el avance de los t\u00edtulos propios que se impartir\u00e1n el pr\u00f3ximo curso acad\u00e9mico 2025\/2026. Entre los mismos, figuran programas formativos consolidados, que se reeditan nuevamente por el \u00e9xito obtenido en previas ediciones, orientados a una formaci\u00f3n extensa y profunda en diferentes campos profesionales y \u00e1reas tem\u00e1ticas. <\/p>\n","protected":false},"author":6,"featured_media":30885556,"comment_status":"closed","ping_status":"open","sticky":false,"template":"","format":"standard","meta":{"_monsterinsights_skip_tracking":false,"_monsterinsights_sitenote_active":false,"_monsterinsights_sitenote_note":"","_monsterinsights_sitenote_category":0,"footnotes":""},"categories":[6],"tags":[2660,609,3666,5057,7216,2474,118,1320],"class_list":["post-30885555","post","type-post","status-publish","format-standard","has-post-thumbnail","hentry","category-institucional","tag-diploma-de-especializacion","tag-especializacion","tag-experto-universitario","tag-formacion-continua","tag-formacion-practica","tag-fundacion-universidad-pablo-de-olavide","tag-master","tag-titulos-propios"],"_links":{"self":[{"href":"https:\/\/www.upo.es\/diario\/wp-json\/wp\/v2\/posts\/30885555","targetHints":{"allow":["GET"]}}],"collection":[{"href":"https:\/\/www.upo.es\/diario\/wp-json\/wp\/v2\/posts"}],"about":[{"href":"https:\/\/www.upo.es\/diario\/wp-json\/wp\/v2\/types\/post"}],"author":[{"embeddable":true,"href":"https:\/\/www.upo.es\/diario\/wp-json\/wp\/v2\/users\/6"}],"replies":[{"embeddable":true,"href":"https:\/\/www.upo.es\/diario\/wp-json\/wp\/v2\/comments?post=30885555"}],"version-history":[{"count":1,"href":"https:\/\/www.upo.es\/diario\/wp-json\/wp\/v2\/posts\/30885555\/revisions"}],"predecessor-version":[{"id":30885557,"href":"https:\/\/www.upo.es\/diario\/wp-json\/wp\/v2\/posts\/30885555\/revisions\/30885557"}],"wp:featuredmedia":[{"embeddable":true,"href":"https:\/\/www.upo.es\/diario\/wp-json\/wp\/v2\/media\/30885556"}],"wp:attachment":[{"href":"https:\/\/www.upo.es\/diario\/wp-json\/wp\/v2\/media?parent=30885555"}],"wp:term":[{"taxonomy":"category","embeddable":true,"href":"https:\/\/www.upo.es\/diario\/wp-json\/wp\/v2\/categories?post=30885555"},{"taxonomy":"post_tag","embeddable":true,"href":"https:\/\/www.upo.es\/diario\/wp-json\/wp\/v2\/tags?post=30885555"}],"curies":[{"name":"wp","href":"https:\/\/api.w.org\/{rel}","templated":true}]}}