{"id":30885567,"date":"2025-03-03T19:22:47","date_gmt":"2025-03-03T18:22:47","guid":{"rendered":"https:\/\/www.upo.es\/diario\/?p=30885567"},"modified":"2025-03-07T12:14:02","modified_gmt":"2025-03-07T11:14:02","slug":"el-profesor-jose-maria-contreras-mazario-nombrado-delegado-para-la-reforma-estatutaria-de-la-universidad-pablo-de-olavide","status":"publish","type":"post","link":"https:\/\/www.upo.es\/diario\/institucional\/2025\/03\/el-profesor-jose-maria-contreras-mazario-nombrado-delegado-para-la-reforma-estatutaria-de-la-universidad-pablo-de-olavide\/","title":{"rendered":"El profesor Jos\u00e9 Mar\u00eda Contreras Mazar\u00edo, nombrado delegado para la Reforma Estatutaria de la Universidad Pablo de Olavide"},"content":{"rendered":"<figure id=\"attachment_30885537\" aria-describedby=\"caption-attachment-30885537\" style=\"width: 750px\" class=\"wp-caption aligncenter\"><a href=\"https:\/\/www.upo.es\/diario\/wp-content\/uploads\/2025\/02\/27022025-Consejo-Gobierno-0738-scaled.jpg\"><img loading=\"lazy\" decoding=\"async\" class=\"wp-image-30885537 size-large\" src=\"https:\/\/www.upo.es\/diario\/wp-content\/uploads\/2025\/02\/27022025-Consejo-Gobierno-0738-750x422.jpg\" alt=\"Consejo de Gobierno celebrado el 27 de febrero\" width=\"750\" height=\"422\" srcset=\"https:\/\/www.upo.es\/diario\/wp-content\/uploads\/2025\/02\/27022025-Consejo-Gobierno-0738-750x422.jpg 750w, https:\/\/www.upo.es\/diario\/wp-content\/uploads\/2025\/02\/27022025-Consejo-Gobierno-0738-420x236.jpg 420w, https:\/\/www.upo.es\/diario\/wp-content\/uploads\/2025\/02\/27022025-Consejo-Gobierno-0738-768x432.jpg 768w, https:\/\/www.upo.es\/diario\/wp-content\/uploads\/2025\/02\/27022025-Consejo-Gobierno-0738-1536x864.jpg 1536w, https:\/\/www.upo.es\/diario\/wp-content\/uploads\/2025\/02\/27022025-Consejo-Gobierno-0738-2048x1152.jpg 2048w, https:\/\/www.upo.es\/diario\/wp-content\/uploads\/2025\/02\/27022025-Consejo-Gobierno-0738-1320x743.jpg 1320w\" sizes=\"auto, (max-width: 750px) 100vw, 750px\" \/><\/a><figcaption id=\"caption-attachment-30885537\" class=\"wp-caption-text\">Consejo de Gobierno del 27 de febrero<\/figcaption><\/figure>\n<p>El rector de la Universidad Pablo de Olavide ha informado durante el Consejo de Gobierno, celebrado el pasado jueves, del<strong> inicio del proceso de reforma de los Estatutos de la Universidad, tal como requiere la Ley Org\u00e1nica del Sistema Universitario (LOSU)<\/strong>. A tal fin comunic\u00f3 el nombramiento del profesor Jos\u00e9 Mar\u00eda Contreras Mazar\u00edo, catedr\u00e1tico de Derecho, como delegado para la Reforma Estatutaria de la Universidad. Francisco Oliva, resalt\u00f3 su experiencia en la redacci\u00f3n y gesti\u00f3n de textos normativos, y su responsabilidad como director general del Ministerio de Justicia, como avales para este cargo. Asimismo, se\u00f1al\u00f3 que la Comisi\u00f3n para la reforma de los Estatutos celebrar\u00e1 su primera sesi\u00f3n el pr\u00f3ximo 11 de marzo.<\/p>\n<p><a href=\"https:\/\/www.upo.es\/diario\/wp-content\/uploads\/2025\/02\/27022025-Consejo-Gobierno-0723.jpg\"><img loading=\"lazy\" decoding=\"async\" class=\"size-medium wp-image-30885538 alignright\" src=\"https:\/\/www.upo.es\/diario\/wp-content\/uploads\/2025\/02\/27022025-Consejo-Gobierno-0723-420x280.jpg\" alt=\"Francisco Oliva\" width=\"420\" height=\"280\" srcset=\"https:\/\/www.upo.es\/diario\/wp-content\/uploads\/2025\/02\/27022025-Consejo-Gobierno-0723-420x280.jpg 420w, https:\/\/www.upo.es\/diario\/wp-content\/uploads\/2025\/02\/27022025-Consejo-Gobierno-0723-750x500.jpg 750w, https:\/\/www.upo.es\/diario\/wp-content\/uploads\/2025\/02\/27022025-Consejo-Gobierno-0723-768x512.jpg 768w, https:\/\/www.upo.es\/diario\/wp-content\/uploads\/2025\/02\/27022025-Consejo-Gobierno-0723-1536x1024.jpg 1536w, https:\/\/www.upo.es\/diario\/wp-content\/uploads\/2025\/02\/27022025-Consejo-Gobierno-0723-165x109.jpg 165w, https:\/\/www.upo.es\/diario\/wp-content\/uploads\/2025\/02\/27022025-Consejo-Gobierno-0723-1320x880.jpg 1320w, https:\/\/www.upo.es\/diario\/wp-content\/uploads\/2025\/02\/27022025-Consejo-Gobierno-0723.jpg 1689w\" sizes=\"auto, (max-width: 420px) 100vw, 420px\" \/><\/a>En cuestiones de personal, el rector anunci\u00f3 que se sigue con la pol\u00edtica de promoci\u00f3n del profesorado. As\u00ed, ya han sido enviadas al BOE <strong>siete plazas de Profesorado Titular<\/strong> y, respeto al Programa Mar\u00eda Goyri, las <strong>49 plazas de Profesorado Ayudante Doctor<\/strong> financiadas por el Ministerio, de un total de 81 que contempla el programa, han sido ya publicadas en BOJA y el plazo de solicitudes finaliza este mi\u00e9rcoles 5 de marzo.<\/p>\n<p>En lo referente a las cuotas de la Seguridad Social de las <strong>convocatorias Margarita Salas y Mar\u00eda Zambrano<\/strong>, Francisco Oliva ha explicado que ya han sido abonadas el 100% de las cuotas, m\u00e1s los incrementos salariales de los a\u00f1os 2023 y 2024. El rector ha explicado que, a pesar de que las universidades han intentado buscar una soluci\u00f3n jur\u00eddica a nivel andaluz para liquidar los salarios de anualidades anteriores, no es posible para las administraciones pagar salarios prescritos. Se trata de un requerimiento legal al que tienen que atenerse los campus. Respecto de los <strong>trienios del personal investigador<\/strong>, contratos predoctorales y postdoctorales, el rector inform\u00f3 que ha sido completado el pago de las cantidades correspondientes a 2024 y se est\u00e1 ya negociando un calendario para abonar el resto de las sumas pendientes.<\/p>\n<p>El rector inform\u00f3 a continuaci\u00f3n de los requerimientos que la Agencia para la Calidad Cient\u00edfica y Universitaria de Andaluc\u00eda (ACCUA) mantiene sobre los <strong>grados duales que la Universidad proyecta en Finanzas y Contabilidad y Administraci\u00f3n y Direcci\u00f3n de Empresas<\/strong>, a pesar de que \u2014como incidi\u00f3 Francisco Oliva\u2014 la Comisi\u00f3n de Reclamaciones de Verificaci\u00f3n y Acreditaci\u00f3n del Consejo de Universidades ha dado la raz\u00f3n por dos veces a la Pablo de Olavide. El expediente se ha vuelto a remitir a ACCUA, que tendr\u00e1 que pronunciarse de nuevo sobre su requisito de especificar en los convenios el n\u00famero de contrataciones que tendr\u00e1n que realizar las empresas.<\/p>\n<p>En <strong>materia de infraestructuras<\/strong>, prosiguen los trabajos de impermeabilizaci\u00f3n del edificio 12. Adem\u00e1s, el rector dio a conocer el origen de la ca\u00edda del sistema de climatizaci\u00f3n del campus ocurrido los d\u00edas 11 y 12 de febrero; ocasionada por el deterioro de un cableado subterr\u00e1neo de m\u00e1s de cincuenta a\u00f1os de antig\u00fcedad, fecha en que los requerimientos t\u00e9cnicos no eran los actuales. Oliva se\u00f1al\u00f3 que ya se est\u00e1 actuando preventivamente para localizar otros puntos donde pudiera surgir esta incidencia, y ha recordado que el campus, al ser mucho m\u00e1s antiguo que la Universidad, requiere de una inversi\u00f3n importante para el mantenimiento de sus infraestructuras.<\/p>\n<h3><strong>El campus, reconocido \u2018Espacio libre de LGTBIfobia\u2019<\/strong><\/h3>\n<p>Francisco Oliva se ha felicitado de que la Universidad Pablo de Olavide haya sido reconocida <strong>\u2018Espacio libre de LGTBIfobia\u2019<\/strong> por la Consejer\u00eda de Inclusi\u00f3n Social, Juventud, Familias e Igualdad, una acreditaci\u00f3n que \u201cpone de manifiesto nuestra gran vocaci\u00f3n por la defensa de la inclusi\u00f3n en toda la sociedad, y l\u00f3gicamente en la Universidad, que debe reflejarla\u201d. El rector ha felicitado tambi\u00e9n al equipo de estudiantes que ha sido seleccionado para participar en la incubadora de emprendimiento sostenible organizada por \u2018imagin\u2019, una iniciativa de CaixaBank. El proyecto de <strong>Mar\u00eda Santiago Guti\u00e9rrez, Francisco Jos\u00e9 Puente Rodr\u00edguez de Austria y Mar\u00eda del Carmen Garc\u00eda Barrera<\/strong>, <a href=\"https:\/\/www.upo.es\/diario\/comunidad\/2025\/02\/estudiantes-de-la-universidad-pablo-de-olavide-destacan-en-la-incubadora-de-emprendimiento-sostenible-de-imagin\/\"><em>Protein Bar-Ley<\/em><\/a>, ha sido seleccionado de entre los m\u00e1s de 1.600 presentados en las cuatro ediciones del <em>imaginPlanet Challenge<\/em>. Por \u00faltimo, el rector ha agradecido la participaci\u00f3n y el esfuerzo de los estudiantes que han tomado parte en la primera fase de los <strong>Campeonatos de Andaluc\u00eda Universitarios<\/strong> (CAU), que se celebran en la Universidad de Almer\u00eda y de la que han vuelto con <a href=\"https:\/\/www.upo.es\/diario\/comunidad\/2025\/02\/la-universidad-pablo-de-olavide-consigue-seis-medallas-en-las-primeras-competiciones-cau-en-almeria\/\">ocho medallas<\/a>.<\/p>\n","protected":false},"excerpt":{"rendered":"<p>El rector de la Universidad Pablo de Olavide ha informado durante el Consejo de Gobierno, celebrado el pasado jueves, del inicio del proceso de reforma de los Estatutos de la Universidad, tal como requiere la Ley Org\u00e1nica del Sistema Universitario (LOSU). A tal fin comunic\u00f3 el nombramiento del profesor Jos\u00e9 Mar\u00eda Contreras Mazar\u00edo, catedr\u00e1tico de Derecho, como delegado para la Reforma Estatutaria de la Universidad. Francisco Oliva, resalt\u00f3 su experiencia en la redacci\u00f3n y gesti\u00f3n de textos normativos, y su responsabilidad como director general del Ministerio de Justicia, como avales para este cargo.<\/p>\n","protected":false},"author":6,"featured_media":30885538,"comment_status":"closed","ping_status":"open","sticky":false,"template":"","format":"standard","meta":{"_monsterinsights_skip_tracking":false,"_monsterinsights_sitenote_active":false,"_monsterinsights_sitenote_note":"","_monsterinsights_sitenote_category":0,"footnotes":""},"categories":[6],"tags":[8569,2132,9112,21,8568,2349,266,203,8040,8626,199],"class_list":["post-30885567","post","type-post","status-publish","format-standard","has-post-thumbnail","hentry","category-institucional","tag-accua","tag-campeonatos-de-andalucia-universitarios","tag-estatutos","tag-estudiantes","tag-formacion-dual","tag-genero-e-igualdad","tag-grados","tag-junta-de-andalucia","tag-losu","tag-normativa-universitaria","tag-profesorado"],"_links":{"self":[{"href":"https:\/\/www.upo.es\/diario\/wp-json\/wp\/v2\/posts\/30885567","targetHints":{"allow":["GET"]}}],"collection":[{"href":"https:\/\/www.upo.es\/diario\/wp-json\/wp\/v2\/posts"}],"about":[{"href":"https:\/\/www.upo.es\/diario\/wp-json\/wp\/v2\/types\/post"}],"author":[{"embeddable":true,"href":"https:\/\/www.upo.es\/diario\/wp-json\/wp\/v2\/users\/6"}],"replies":[{"embeddable":true,"href":"https:\/\/www.upo.es\/diario\/wp-json\/wp\/v2\/comments?post=30885567"}],"version-history":[{"count":1,"href":"https:\/\/www.upo.es\/diario\/wp-json\/wp\/v2\/posts\/30885567\/revisions"}],"predecessor-version":[{"id":30885568,"href":"https:\/\/www.upo.es\/diario\/wp-json\/wp\/v2\/posts\/30885567\/revisions\/30885568"}],"wp:featuredmedia":[{"embeddable":true,"href":"https:\/\/www.upo.es\/diario\/wp-json\/wp\/v2\/media\/30885538"}],"wp:attachment":[{"href":"https:\/\/www.upo.es\/diario\/wp-json\/wp\/v2\/media?parent=30885567"}],"wp:term":[{"taxonomy":"category","embeddable":true,"href":"https:\/\/www.upo.es\/diario\/wp-json\/wp\/v2\/categories?post=30885567"},{"taxonomy":"post_tag","embeddable":true,"href":"https:\/\/www.upo.es\/diario\/wp-json\/wp\/v2\/tags?post=30885567"}],"curies":[{"name":"wp","href":"https:\/\/api.w.org\/{rel}","templated":true}]}}