{"id":30885594,"date":"2025-03-06T09:38:57","date_gmt":"2025-03-06T08:38:57","guid":{"rendered":"https:\/\/www.upo.es\/diario\/?p=30885594"},"modified":"2025-03-24T16:15:47","modified_gmt":"2025-03-24T15:15:47","slug":"avances-enfermedades-neurodegenerativas-psiquiatricas-master-neurociencia","status":"publish","type":"post","link":"https:\/\/www.upo.es\/diario\/docencia-formacion\/2025\/03\/avances-enfermedades-neurodegenerativas-psiquiatricas-master-neurociencia\/","title":{"rendered":"Los \u00faltimos avances en enfermedades neurodegenerativas y psiqui\u00e1tricas, en el M\u00e1ster Universitario en Neurociencia de la UPO"},"content":{"rendered":"<figure id=\"attachment_30885596\" aria-describedby=\"caption-attachment-30885596\" style=\"width: 420px\" class=\"wp-caption alignright\"><a href=\"https:\/\/www.upo.es\/diario\/wp-content\/uploads\/2025\/03\/Foto_noticia_Master-Neurociencias_2024-2025.png\"><img loading=\"lazy\" decoding=\"async\" class=\"wp-image-30885596 size-medium\" src=\"https:\/\/www.upo.es\/diario\/wp-content\/uploads\/2025\/03\/Foto_noticia_Master-Neurociencias_2024-2025-420x408.png\" alt=\"Desde la parte superior y de izquierda a derecha, Merc\u00e8 Pall\u00e0s, Miquel Vila, Ana Frank y Rafael Maldonado\" width=\"420\" height=\"408\" srcset=\"https:\/\/www.upo.es\/diario\/wp-content\/uploads\/2025\/03\/Foto_noticia_Master-Neurociencias_2024-2025-420x408.png 420w, https:\/\/www.upo.es\/diario\/wp-content\/uploads\/2025\/03\/Foto_noticia_Master-Neurociencias_2024-2025-541x525.png 541w, https:\/\/www.upo.es\/diario\/wp-content\/uploads\/2025\/03\/Foto_noticia_Master-Neurociencias_2024-2025-768x745.png 768w, https:\/\/www.upo.es\/diario\/wp-content\/uploads\/2025\/03\/Foto_noticia_Master-Neurociencias_2024-2025.png 784w\" sizes=\"auto, (max-width: 420px) 100vw, 420px\" \/><\/a><figcaption id=\"caption-attachment-30885596\" class=\"wp-caption-text\">Desde la parte superior y de izquierda a derecha, Merc\u00e8 Pall\u00e0s, Miquel Vila, Ana Frank y Rafael Maldonado<\/figcaption><\/figure>\n<p><strong>Merc\u00e8 Pall\u00e0s, Ana Frank Garc\u00eda, Miquel Vila y Rafael Maldonado<\/strong>, personal investigador de referencia en el \u00e1mbito de la neurociencia, <strong>impartir\u00e1n la pr\u00f3xima semana clases sobre los mecanismos fisiopatol\u00f3gicos y nuevas terapias de enfermedades como el Alzheimer, Parkinson y los trastornos por adicci\u00f3n<\/strong> en el <a href=\"https:\/\/www.upo.es\/master\/Master-Oficial-Neurociencia-Fundamental-y-Traslacional\/\">M\u00e1ster Universitario en Neurociencia Fundamental y Traslacional<\/a> de la Universidad Pablo de Olavide. Las ponencias, en el aula B10 del edificio Alexander von Humboldt, se desarrollar\u00e1n <strong>en el marco de la asignatura \u2018Enfermedades del Sistema Nervioso\u2019<\/strong>, coordinada por el profesor <strong>Jos\u00e9 Luis Cantero Lorente<\/strong>, catedr\u00e1tico de Fisiolog\u00eda de la Universidad Pablo de Olavide.<\/p>\n<p><strong>Merc\u00e8 Pall\u00e0s<\/strong> es catedr\u00e1tica de Farmacolog\u00eda en el Departamento de Farmacolog\u00eda, Toxicolog\u00eda y Qu\u00edmica Terap\u00e9utica de la Universidad de Barcelona. Es miembro fundador del Instituto de Neurociencias de la Universidad de Barcelona (NeuroUB) y cuenta con m\u00e1s de 25 a\u00f1os de experiencia en farmacolog\u00eda precl\u00ednica, con especial atenci\u00f3n al deterioro cognitivo asociado al envejecimiento y a la enfermedad de Alzheimer. Dirige un grupo de investigaci\u00f3n, perteneciente al CIBER de enfermedades Neurodegenerativas (CIBERNED), dedicado a estudiar las v\u00edas moleculares implicadas en los procesos neurodegenerativos y a evaluar nuevos compuestos que frenen los efectos de la senescencia y la enfermedad de Alzheimer. Las clases de la Dra. Pall\u00e0s, el <strong>martes 11 de marzo<\/strong>, versar\u00e1n sobre la senescencia celular como diana terap\u00e9utica, as\u00ed como sobre el desarrollo de nuevos f\u00e1rmacos contra el deterioro cognitivo asociado a la edad y a la enfermedad de Alzheimer.<\/p>\n<p><strong>Ana Frank Garc\u00eda<\/strong> es Jefa del Servicio de Neurolog\u00eda del Hospital Universitario La Paz (Madrid); dirige la Secci\u00f3n de Enfermedades Neurodegenerativas y coordina la Unidad de Trastornos Cognitivos y del Comportamiento. Doctora en Medicina y Cirug\u00eda por la Universidad Aut\u00f3noma de Madrid (UAM) con Premio Extraordinario, complet\u00f3 su formaci\u00f3n como m\u00e9dico especialista en Neurolog\u00eda en La Paz y es profesora titular de Neurolog\u00eda del Departamento de Medicina de la UAM. Forma parte del \u00e1rea de Neurociencias en el Instituto de Investigaciones Biom\u00e9dicas del Hospital Universitario La Paz (IdiPAZ) y su principal l\u00ednea de investigaci\u00f3n est\u00e1 centrada en la enfermedad de Alzheimer y otras demencias. Ha publicado m\u00e1s de 100 trabajos cient\u00edficos y ha sido investigadora principal de 85 ensayos cl\u00ednicos multic\u00e9ntricos sobre esta enfermedad. Miembro tambi\u00e9n del CIBER de enfermedades Neurodegenerativas (CIBERNED), la Dra. Frank <strong>impartir\u00e1 clases el 12 de marzo<\/strong>, que tratar\u00e1n sobre la fisiopatolog\u00eda de la enfermedad de Alzheimer, el presente y el futuro de los biomarcadores y las nuevas estrategias terap\u00e9uticas dirigidas a frenar esta enfermedad.<\/p>\n<p><strong>Miquel Vila<\/strong> es director del Grupo de Investigaci\u00f3n en Enfermedades Neurodegenerativas del Vall d\u2019Hebron Institut de Recerca (VHIR). Su l\u00ednea de investigaci\u00f3n trata sobre los mecanismos moleculares implicados en la enfermedad del Parkinson. Licenciado en Medicina y Cirug\u00eda por la Universidad de Barcelona, se doctor\u00f3 en Neurociencia por la Universidad de Par\u00eds VI y trabaj\u00f3 posteriormente en la Universidad de Columbia (Nueva York). Actualmente, es profesor de investigaci\u00f3n ICREA en el VHIR y profesor asociado del Departamento de Bioqu\u00edmica y Biolog\u00eda Molecular de la Universidad Aut\u00f3noma de Barcelona. Su grupo forma parte de CIBERNED y se encuentra entre los 50 investigadores m\u00e1s citados en el mundo sobre la enfermedad de Parkinson. Destacan sus trabajos dirigidos a descifrar los efectos de la disfunci\u00f3n mitocondrial en la cascada patol\u00f3gica de la enfermedad de Parkinson, la identificaci\u00f3n del n\u00facleo subtal\u00e1mico como el lugar id\u00f3neo para realizar terapia de estimulaci\u00f3n cerebral profunda en estos pacientes o, m\u00e1s recientemente, la detecci\u00f3n de ac\u00famulos de neuromelanina intracelular como mecanismo patog\u00e9nico de la enfermedad de Parkinson. El Dr. Vila, que impartir\u00e1 clases el <strong>jueves 13 de marzo<\/strong>, hablar\u00e1 sobre modelos experimentales y mecanismos de neurodegeneraci\u00f3n en la enfermedad de Parkinson.<\/p>\n<p><strong>Rafael Maldonado<\/strong> es catedr\u00e1tico de Farmacolog\u00eda de la Universidad Pompeu Fabra. Su investigaci\u00f3n est\u00e1 centrada en las bases neurobiol\u00f3gicas del dolor cr\u00f3nico, dependencia de drogas, trastornos afectivos e ingesta alimentaria, combinando diferentes estrategias farmacol\u00f3gicas y gen\u00e9ticas. Ha publicado m\u00e1s de 400 art\u00edculos cient\u00edficos relacionados con la materia, muchos de ellos en las revistas m\u00e1s prestigiosas. Ha dirigido proyectos de investigaci\u00f3n financiados por agencias p\u00fablicas y privadas y posee siete patentes. El profesor Maldonado, que impartir\u00e1 clases el <strong>14 de marzo<\/strong>, abordar\u00e1 las bases neurobiol\u00f3gicas de los trastornos por adicci\u00f3n.<\/p>\n<p><img loading=\"lazy\" decoding=\"async\" class=\"alignright size-medium wp-image-30881364\" src=\"https:\/\/www.upo.es\/diario\/wp-content\/uploads\/2024\/03\/Master-Neurociencia-UPO-385x420.jpg\" alt=\"\" width=\"385\" height=\"420\" srcset=\"https:\/\/www.upo.es\/diario\/wp-content\/uploads\/2024\/03\/Master-Neurociencia-UPO-385x420.jpg 385w, https:\/\/www.upo.es\/diario\/wp-content\/uploads\/2024\/03\/Master-Neurociencia-UPO-481x525.jpg 481w, https:\/\/www.upo.es\/diario\/wp-content\/uploads\/2024\/03\/Master-Neurociencia-UPO-768x838.jpg 768w, https:\/\/www.upo.es\/diario\/wp-content\/uploads\/2024\/03\/Master-Neurociencia-UPO-1408x1536.jpg 1408w, https:\/\/www.upo.es\/diario\/wp-content\/uploads\/2024\/03\/Master-Neurociencia-UPO-1877x2048.jpg 1877w, https:\/\/www.upo.es\/diario\/wp-content\/uploads\/2024\/03\/Master-Neurociencia-UPO-1320x1440.jpg 1320w\" sizes=\"auto, (max-width: 385px) 100vw, 385px\" \/>El <strong>M\u00e1ster Universitario en Neurociencia Fundamental y Traslacional<\/strong> abarca las disciplinas que se dedican al estudio fundamental y aplicado del sistema nervioso. Con el objetivo de ofrecer una formaci\u00f3n completa que permita a sus estudiantes desarrollarse como futuros neurocient\u00edficos y neurocient\u00edficas, <strong>este t\u00edtulo oficial de postgrado permite adquirir competencias en los principales retos que aborda actualmente la Neurociencia<\/strong>, una disciplina que juega un papel fundamental, no solo en el \u00e1mbito de la salud, sino tambi\u00e9n en temas como la neurociencia cognitiva, la neuroeducaci\u00f3n, el dise\u00f1o de neuropr\u00f3tesis o la neurorob\u00f3tica.<\/p>\n","protected":false},"excerpt":{"rendered":"<p>Merc\u00e8 Pall\u00e0s, Ana Frank Garc\u00eda, Miquel Vila y Rafael Maldonado, personal investigador de referencia en el \u00e1mbito de la neurociencia, impartir\u00e1n la pr\u00f3xima semana clases sobre los mecanismos fisiopatol\u00f3gicos y nuevas terapias de enfermedades como el Alzheimer, Parkinson y los trastornos por adicci\u00f3n en el M\u00e1ster Universitario en Neurociencia Fundamental y Traslacional de la Universidad Pablo de Olavide.<\/p>\n","protected":false},"author":6,"featured_media":30885596,"comment_status":"closed","ping_status":"open","sticky":false,"template":"","format":"standard","meta":{"_monsterinsights_skip_tracking":false,"_monsterinsights_sitenote_active":false,"_monsterinsights_sitenote_note":"","_monsterinsights_sitenote_category":0,"footnotes":""},"categories":[2779],"tags":[272,6074,4402,609,763,1577,114,82,218],"class_list":["post-30885594","post","type-post","status-publish","format-standard","has-post-thumbnail","hentry","category-docencia-formacion","tag-alzheimer","tag-ciberned","tag-enfermedades-neurodegenerativas","tag-especializacion","tag-jose-luis-cantero","tag-master-universitario","tag-neurociencia","tag-postgrado","tag-salud"],"_links":{"self":[{"href":"https:\/\/www.upo.es\/diario\/wp-json\/wp\/v2\/posts\/30885594","targetHints":{"allow":["GET"]}}],"collection":[{"href":"https:\/\/www.upo.es\/diario\/wp-json\/wp\/v2\/posts"}],"about":[{"href":"https:\/\/www.upo.es\/diario\/wp-json\/wp\/v2\/types\/post"}],"author":[{"embeddable":true,"href":"https:\/\/www.upo.es\/diario\/wp-json\/wp\/v2\/users\/6"}],"replies":[{"embeddable":true,"href":"https:\/\/www.upo.es\/diario\/wp-json\/wp\/v2\/comments?post=30885594"}],"version-history":[{"count":4,"href":"https:\/\/www.upo.es\/diario\/wp-json\/wp\/v2\/posts\/30885594\/revisions"}],"predecessor-version":[{"id":30885599,"href":"https:\/\/www.upo.es\/diario\/wp-json\/wp\/v2\/posts\/30885594\/revisions\/30885599"}],"wp:featuredmedia":[{"embeddable":true,"href":"https:\/\/www.upo.es\/diario\/wp-json\/wp\/v2\/media\/30885596"}],"wp:attachment":[{"href":"https:\/\/www.upo.es\/diario\/wp-json\/wp\/v2\/media?parent=30885594"}],"wp:term":[{"taxonomy":"category","embeddable":true,"href":"https:\/\/www.upo.es\/diario\/wp-json\/wp\/v2\/categories?post=30885594"},{"taxonomy":"post_tag","embeddable":true,"href":"https:\/\/www.upo.es\/diario\/wp-json\/wp\/v2\/tags?post=30885594"}],"curies":[{"name":"wp","href":"https:\/\/api.w.org\/{rel}","templated":true}]}}