{"id":30885604,"date":"2025-03-05T06:52:18","date_gmt":"2025-03-05T05:52:18","guid":{"rendered":"https:\/\/www.upo.es\/diario\/?p=30885604"},"modified":"2025-03-06T23:01:22","modified_gmt":"2025-03-06T22:01:22","slug":"evolucion-del-concepto-de-justicia-en-bartolome-de-las-casas-conferencia-en-la-upo-de-ramon-valdivia","status":"publish","type":"post","link":"https:\/\/www.upo.es\/diario\/docencia-formacion\/2025\/03\/evolucion-del-concepto-de-justicia-en-bartolome-de-las-casas-conferencia-en-la-upo-de-ramon-valdivia\/","title":{"rendered":"\u2018Evoluci\u00f3n del concepto de justicia en Bartolom\u00e9 de las Casas\u2019, conferencia en la UPO de Ram\u00f3n Valdivia"},"content":{"rendered":"<p><a href=\"https:\/\/www.upo.es\/diario\/wp-content\/uploads\/2025\/03\/2-scaled.jpg\"><img loading=\"lazy\" decoding=\"async\" class=\"aligncenter size-large wp-image-30885606\" src=\"https:\/\/www.upo.es\/diario\/wp-content\/uploads\/2025\/03\/2-750x422.jpg\" alt=\"\" width=\"750\" height=\"422\" srcset=\"https:\/\/www.upo.es\/diario\/wp-content\/uploads\/2025\/03\/2-750x422.jpg 750w, https:\/\/www.upo.es\/diario\/wp-content\/uploads\/2025\/03\/2-420x236.jpg 420w, https:\/\/www.upo.es\/diario\/wp-content\/uploads\/2025\/03\/2-768x432.jpg 768w, https:\/\/www.upo.es\/diario\/wp-content\/uploads\/2025\/03\/2-1536x864.jpg 1536w, https:\/\/www.upo.es\/diario\/wp-content\/uploads\/2025\/03\/2-2048x1152.jpg 2048w, https:\/\/www.upo.es\/diario\/wp-content\/uploads\/2025\/03\/2-1320x743.jpg 1320w\" sizes=\"auto, (max-width: 750px) 100vw, 750px\" \/><\/a>Este mi\u00e9rcoles 5 de marzo, en el Paraninfo de la Universidad, ha tenido lugar la conferencia &#8216;Evoluci\u00f3n del concepto de Justicia en Bartolom\u00e9 de las Casas&#8217;, a cargo del Dr. Ram\u00f3n Valdivia Gim\u00e9nez, Obispo auxiliar de la Archidi\u00f3cesis de Sevilla.<\/p>\n<p>Reconocido especialista en la figura de Bartolom\u00e9 de las Casas \u2014sobre \u00e9ste vers\u00f3 su tesis doctoral en Derecho &#8216;El nacimiento de la modernidad: Justicia y Poder en Bartolom\u00e9 de Las Casas (1484-1566)&#8217;\u2014, Ram\u00f3n Valdivia Gim\u00e9nez (Osuna, 1974) es doctor en Derecho por la Universidad de Sevilla y doctor en Filosof\u00eda por la Universidad Pontificia Lateranense. Ha sido profesor de Filosof\u00eda y director del Departamento de Historia de la Facultad de Teolog\u00eda de San Isidoro de Sevilla, y profesor en el Grado en Derecho del Centro de Estudios Universitarios Cardenal Sp\u00ednola CEU.<\/p>\n","protected":false},"excerpt":{"rendered":"<p>Este mi\u00e9rcoles 5 de marzo, en el Paraninfo de la Universidad, ha tenido lugar la conferencia &#8216;Evoluci\u00f3n del concepto de Justicia en Bartolom\u00e9 de las Casas&#8217;, a cargo del Dr. Ram\u00f3n Valdivia Gim\u00e9nez.<\/p>\n","protected":false},"author":6,"featured_media":30885606,"comment_status":"closed","ping_status":"open","sticky":false,"template":"","format":"standard","meta":{"_monsterinsights_skip_tracking":false,"_monsterinsights_sitenote_active":false,"_monsterinsights_sitenote_note":"","_monsterinsights_sitenote_category":0,"footnotes":""},"categories":[2779],"tags":[227,714],"class_list":["post-30885604","post","type-post","status-publish","format-standard","has-post-thumbnail","hentry","category-docencia-formacion","tag-conferencia","tag-derecho-privado"],"_links":{"self":[{"href":"https:\/\/www.upo.es\/diario\/wp-json\/wp\/v2\/posts\/30885604","targetHints":{"allow":["GET"]}}],"collection":[{"href":"https:\/\/www.upo.es\/diario\/wp-json\/wp\/v2\/posts"}],"about":[{"href":"https:\/\/www.upo.es\/diario\/wp-json\/wp\/v2\/types\/post"}],"author":[{"embeddable":true,"href":"https:\/\/www.upo.es\/diario\/wp-json\/wp\/v2\/users\/6"}],"replies":[{"embeddable":true,"href":"https:\/\/www.upo.es\/diario\/wp-json\/wp\/v2\/comments?post=30885604"}],"version-history":[{"count":3,"href":"https:\/\/www.upo.es\/diario\/wp-json\/wp\/v2\/posts\/30885604\/revisions"}],"predecessor-version":[{"id":30885608,"href":"https:\/\/www.upo.es\/diario\/wp-json\/wp\/v2\/posts\/30885604\/revisions\/30885608"}],"wp:featuredmedia":[{"embeddable":true,"href":"https:\/\/www.upo.es\/diario\/wp-json\/wp\/v2\/media\/30885606"}],"wp:attachment":[{"href":"https:\/\/www.upo.es\/diario\/wp-json\/wp\/v2\/media?parent=30885604"}],"wp:term":[{"taxonomy":"category","embeddable":true,"href":"https:\/\/www.upo.es\/diario\/wp-json\/wp\/v2\/categories?post=30885604"},{"taxonomy":"post_tag","embeddable":true,"href":"https:\/\/www.upo.es\/diario\/wp-json\/wp\/v2\/tags?post=30885604"}],"curies":[{"name":"wp","href":"https:\/\/api.w.org\/{rel}","templated":true}]}}