{"id":30885632,"date":"2025-03-07T14:32:30","date_gmt":"2025-03-07T13:32:30","guid":{"rendered":"https:\/\/www.upo.es\/diario\/?p=30885632"},"modified":"2025-03-07T14:44:07","modified_gmt":"2025-03-07T13:44:07","slug":"universidad-pablo-olavide-acoge-fase-territorial-sevilla-xvi-olimpiada-espanola-geologia","status":"publish","type":"post","link":"https:\/\/www.upo.es\/diario\/docencia-formacion\/2025\/03\/universidad-pablo-olavide-acoge-fase-territorial-sevilla-xvi-olimpiada-espanola-geologia\/","title":{"rendered":"La Universidad Pablo de Olavide acoge la fase territorial de Sevilla de la XVI Olimpiada Espa\u00f1ola de Geolog\u00eda"},"content":{"rendered":"<figure id=\"attachment_30885634\" aria-describedby=\"caption-attachment-30885634\" style=\"width: 750px\" class=\"wp-caption aligncenter\"><a href=\"https:\/\/www.upo.es\/diario\/wp-content\/uploads\/2025\/03\/Olimpiada_Geologia5.jpg\"><img loading=\"lazy\" decoding=\"async\" class=\"size-large wp-image-30885634\" src=\"https:\/\/www.upo.es\/diario\/wp-content\/uploads\/2025\/03\/Olimpiada_Geologia5-750x500.jpg\" alt=\"\" width=\"750\" height=\"500\" srcset=\"https:\/\/www.upo.es\/diario\/wp-content\/uploads\/2025\/03\/Olimpiada_Geologia5-750x500.jpg 750w, https:\/\/www.upo.es\/diario\/wp-content\/uploads\/2025\/03\/Olimpiada_Geologia5-420x280.jpg 420w, https:\/\/www.upo.es\/diario\/wp-content\/uploads\/2025\/03\/Olimpiada_Geologia5-768x512.jpg 768w, https:\/\/www.upo.es\/diario\/wp-content\/uploads\/2025\/03\/Olimpiada_Geologia5-1536x1024.jpg 1536w, https:\/\/www.upo.es\/diario\/wp-content\/uploads\/2025\/03\/Olimpiada_Geologia5-2048x1365.jpg 2048w, https:\/\/www.upo.es\/diario\/wp-content\/uploads\/2025\/03\/Olimpiada_Geologia5-165x109.jpg 165w, https:\/\/www.upo.es\/diario\/wp-content\/uploads\/2025\/03\/Olimpiada_Geologia5-1320x880.jpg 1320w\" sizes=\"auto, (max-width: 750px) 100vw, 750px\" \/><\/a><figcaption id=\"caption-attachment-30885634\" class=\"wp-caption-text\">El evento ha sido inaugurado por la vicerrectora Laura L\u00f3pez de la Cruz, quien ha estado acompa\u00f1ada por el profesor Manuel D\u00edaz Azpiroz.<\/figcaption><\/figure>\n<p>M\u00e1s de 160 estudiantes de 4\u00ba de ESO y 1\u00ba y 2\u00ba de Bachillerato, procedentes de 13 centros de la provincia de Sevilla, han participado a lo largo de esta ma\u00f1ana en la fase territorial de Sevilla de la <strong>XVI Olimpiada Espa\u00f1ola de Geolog\u00eda<\/strong>, un evento celebrado en el campus de la Universidad Pablo de Olavide.<\/p>\n<p>Organizadas y coordinadas a nivel nacional por la Asociaci\u00f3n Espa\u00f1ola de Ense\u00f1anza de Ciencias de la Tierra (AEPECT) y la Sociedad Geol\u00f3gica de Espa\u00f1a (SGE), esta iniciativa se ha celebrado en la UPO a cargo de los\u00a0<strong>profesores y profesoras de Geodin\u00e1mica Externa y Geodin\u00e1mica Interna del Departamento de Sistemas F\u00edsicos, Qu\u00edmicos y Naturales<\/strong>\u00a0de esta universidad. Patrocinado por la Facultad de Ciencias Experimentales y por los vicerrectorados de Estudiantes, Empleabilidad y Emprendimiento y de Relaciones Institucionales, Formaci\u00f3n Permanente y Fundaciones, en \u00e9l colaboran profesorado de Geolog\u00eda de la Universidad de Sevilla, estudiantes del Grado en Ciencias Ambientales de la Universidad Pablo de Olavide y el Ilustre Colegio Oficial de Ge\u00f3logos de Andaluc\u00eda.<\/p>\n<p>Los tres ganadores de esta fase han sido <strong>Julio garrido S\u00e1nchez<\/strong>, del IES Mar\u00eda Galiana (primer premio); <strong>Maksym Koval<\/strong> IES Galileo Galilei (segundo premio); y <strong>Mathias Ernesto Rodr\u00edguez<\/strong> <strong>del Negro<\/strong>, del IES San Isidoro (tercer premio), quienes participar\u00e1n en la <strong>fase nacional<\/strong>, que se celebrar\u00e1 en <strong>Tremp (Lleida) el 15 de abril de 2025<\/strong>. A su vez, los cuatro primeros clasificados de esta fase nacional formar\u00e1n el equipo espa\u00f1ol que participar\u00e1 en la Olimpiada Internacional de Ciencias de la Tierra, organizada por la Organizaci\u00f3n Internacional de Educaci\u00f3n en Geociencias (IGEO) y la Uni\u00f3n Europea de Geociencias (EGU), y que se celebrar\u00e1 en Ji\u2019ning (China) del 7 al 17 de agosto de 2025, y en la que competir\u00e1n estudiantes de m\u00e1s de 30 pa\u00edses.<\/p>\n<p>Los participantes de la fase territorial se han enfrentado a una <strong>prueba individual<\/strong> con <strong>cuestiones te\u00f3ricas y de aplicaci\u00f3n pr\u00e1ctica<\/strong>. Mientras tanto, sus profesores y profesoras han participado en un taller de docencia de cartograf\u00eda geol\u00f3gica con modelos 3D en plastilina, impartido por la profesora Inmaculada Exp\u00f3sito. Posteriormente, estudiantes y profesores han participado en una yincana geol\u00f3gica por el campus de la UPO.<\/p>\n<p>Las jornadas han sido inauguradas por <strong>Laura L\u00f3pez de la Cruz<\/strong>, vicerrectora de Relaciones Institucionales, Formaci\u00f3n Permanente y Fundaciones; y clausuradas por <strong>Juan Carlos Rodr\u00edguez Aguilera<\/strong>, decano de la Facultad de Ciencias Experimentales.<\/p>\n","protected":false},"excerpt":{"rendered":"<p>M\u00e1s de 160 estudiantes de 4\u00ba de ESO y 1\u00ba y 2\u00ba de Bachillerato, procedentes de 13 centros de la provincia de Sevilla, han participado a lo largo de esta ma\u00f1ana en la fase territorial de Sevilla de la XVI Olimpiada Espa\u00f1ola de Geolog\u00eda, un evento celebrado en el campus de la Universidad Pablo de Olavide.<\/p>\n","protected":false},"author":2,"featured_media":30885634,"comment_status":"closed","ping_status":"open","sticky":false,"template":"","format":"standard","meta":{"_monsterinsights_skip_tracking":false,"_monsterinsights_sitenote_active":false,"_monsterinsights_sitenote_note":"","_monsterinsights_sitenote_category":0,"footnotes":""},"categories":[2779],"tags":[644,1310,970,21,557,1382],"class_list":["post-30885632","post","type-post","status-publish","format-standard","has-post-thumbnail","hentry","category-docencia-formacion","tag-bachillerato","tag-competicion","tag-divulgacion","tag-estudiantes","tag-geologia","tag-secundaria"],"_links":{"self":[{"href":"https:\/\/www.upo.es\/diario\/wp-json\/wp\/v2\/posts\/30885632","targetHints":{"allow":["GET"]}}],"collection":[{"href":"https:\/\/www.upo.es\/diario\/wp-json\/wp\/v2\/posts"}],"about":[{"href":"https:\/\/www.upo.es\/diario\/wp-json\/wp\/v2\/types\/post"}],"author":[{"embeddable":true,"href":"https:\/\/www.upo.es\/diario\/wp-json\/wp\/v2\/users\/2"}],"replies":[{"embeddable":true,"href":"https:\/\/www.upo.es\/diario\/wp-json\/wp\/v2\/comments?post=30885632"}],"version-history":[{"count":3,"href":"https:\/\/www.upo.es\/diario\/wp-json\/wp\/v2\/posts\/30885632\/revisions"}],"predecessor-version":[{"id":30885637,"href":"https:\/\/www.upo.es\/diario\/wp-json\/wp\/v2\/posts\/30885632\/revisions\/30885637"}],"wp:featuredmedia":[{"embeddable":true,"href":"https:\/\/www.upo.es\/diario\/wp-json\/wp\/v2\/media\/30885634"}],"wp:attachment":[{"href":"https:\/\/www.upo.es\/diario\/wp-json\/wp\/v2\/media?parent=30885632"}],"wp:term":[{"taxonomy":"category","embeddable":true,"href":"https:\/\/www.upo.es\/diario\/wp-json\/wp\/v2\/categories?post=30885632"},{"taxonomy":"post_tag","embeddable":true,"href":"https:\/\/www.upo.es\/diario\/wp-json\/wp\/v2\/tags?post=30885632"}],"curies":[{"name":"wp","href":"https:\/\/api.w.org\/{rel}","templated":true}]}}