{"id":30885672,"date":"2025-03-11T14:25:08","date_gmt":"2025-03-11T13:25:08","guid":{"rendered":"https:\/\/www.upo.es\/diario\/?p=30885672"},"modified":"2025-03-18T13:30:44","modified_gmt":"2025-03-18T12:30:44","slug":"upo-fundacion-manolita-chen-crean-catedra-pasaje-begona-investigacion-diversidad-sexual-genero","status":"publish","type":"post","link":"https:\/\/www.upo.es\/diario\/cultura-social\/2025\/03\/upo-fundacion-manolita-chen-crean-catedra-pasaje-begona-investigacion-diversidad-sexual-genero\/","title":{"rendered":"La UPO y la Fundaci\u00f3n Manolita Chen crean la C\u00e1tedra \u2018Pasaje Bego\u00f1a\u2019 para la investigaci\u00f3n en diversidad sexual y de g\u00e9nero"},"content":{"rendered":"<figure id=\"attachment_30885674\" aria-describedby=\"caption-attachment-30885674\" style=\"width: 750px\" class=\"wp-caption aligncenter\"><a href=\"https:\/\/www.upo.es\/diario\/wp-content\/uploads\/2025\/03\/conve_catedra_Pasaje_Begona01-1-scaled.jpg\"><img loading=\"lazy\" decoding=\"async\" class=\"size-large wp-image-30885674\" src=\"https:\/\/www.upo.es\/diario\/wp-content\/uploads\/2025\/03\/conve_catedra_Pasaje_Begona01-1-750x500.jpg\" alt=\"\" width=\"750\" height=\"500\" srcset=\"https:\/\/www.upo.es\/diario\/wp-content\/uploads\/2025\/03\/conve_catedra_Pasaje_Begona01-1-750x500.jpg 750w, https:\/\/www.upo.es\/diario\/wp-content\/uploads\/2025\/03\/conve_catedra_Pasaje_Begona01-1-420x280.jpg 420w, https:\/\/www.upo.es\/diario\/wp-content\/uploads\/2025\/03\/conve_catedra_Pasaje_Begona01-1-768x512.jpg 768w, https:\/\/www.upo.es\/diario\/wp-content\/uploads\/2025\/03\/conve_catedra_Pasaje_Begona01-1-1536x1024.jpg 1536w, https:\/\/www.upo.es\/diario\/wp-content\/uploads\/2025\/03\/conve_catedra_Pasaje_Begona01-1-2048x1365.jpg 2048w, https:\/\/www.upo.es\/diario\/wp-content\/uploads\/2025\/03\/conve_catedra_Pasaje_Begona01-1-165x109.jpg 165w, https:\/\/www.upo.es\/diario\/wp-content\/uploads\/2025\/03\/conve_catedra_Pasaje_Begona01-1-1320x880.jpg 1320w\" sizes=\"auto, (max-width: 750px) 100vw, 750px\" \/><\/a><figcaption id=\"caption-attachment-30885674\" class=\"wp-caption-text\">El rector Francisco Oliva junto a Manuela Saborido.<\/figcaption><\/figure>\n<p>La Universidad Pablo de Olavide y la <a href=\"https:\/\/fundacionmanolitachen.com\/\">Fundaci\u00f3n Manuela Saborido-Manolita Chen<\/a> han firmado un convenio de colaboraci\u00f3n para la creaci\u00f3n y desarrollo de la <strong>C\u00e1tedra \u2018Pasaje Bego\u00f1a\u2019 sobre diversidad sexual y de g\u00e9nero<\/strong>. El acuerdo, suscrito por el rector de la UPO, <strong>Francisco Oliva Bl\u00e1zquez<\/strong>, y la presidenta de la Fundaci\u00f3n Manolita Chen, <strong>Manuela Saborido Mu\u00f1oz<\/strong>, busca promover la investigaci\u00f3n, la formaci\u00f3n y la divulgaci\u00f3n en materia de diversidad afectivo-sexual, identidad y expresi\u00f3n de g\u00e9nero, as\u00ed como diversidades corporales y familiares.<\/p>\n<p>El rector Francisco Oliva, ha destacado que \u201ceste convenio refuerza el compromiso de la UPO con los valores de igualdad, inclusi\u00f3n y respeto a la diversidad, en un momento social dif\u00edcil en el que la Universidad tiene que ser vanguardia en el conocimiento y la acci\u00f3n\u201d. En la misma l\u00ednea, Manuela Saborido ha subrayado la importancia de esta iniciativa afirmando que \u201cla C\u00e1tedra &#8216;Pasaje Bego\u00f1a&#8217; ser\u00e1 un espacio de referencia en la defensa de los derechos LGTBIQ+, con vocaci\u00f3n de generar conocimiento y sensibilizaci\u00f3n en la sociedad\u201d.<\/p>\n<h3><strong>Un espacio de investigaci\u00f3n y formaci\u00f3n en diversidad<\/strong><strong>\u00a0<\/strong><\/h3>\n<p>La C\u00e1tedra \u2018Pasaje Bego\u00f1a\u2019 se centrar\u00e1 en la investigaci\u00f3n acad\u00e9mica, la formaci\u00f3n y la sensibilizaci\u00f3n social, abordando la diversidad sexual y de g\u00e9nero desde un enfoque multidisciplinar. Para ello, contar\u00e1 con un Consejo de C\u00e1tedra integrado por representantes de la Universidad Pablo de Olavide y de la Fundaci\u00f3n Manolita Chen, garantizando as\u00ed una mirada plural y enriquecedora. Su primer director ser\u00e1 <strong>Rafael C\u00e1ceres Feria<\/strong>, profesor del Departamento de Antropolog\u00eda Social, Psicolog\u00eda B\u00e1sica y Salud P\u00fablica de la UPO.<\/p>\n<figure id=\"attachment_30885675\" aria-describedby=\"caption-attachment-30885675\" style=\"width: 420px\" class=\"wp-caption alignright\"><a href=\"https:\/\/www.upo.es\/diario\/wp-content\/uploads\/2025\/03\/conve_catedra_Pasaje_Begona02-1-scaled.jpg\"><img loading=\"lazy\" decoding=\"async\" class=\"size-medium wp-image-30885675\" src=\"https:\/\/www.upo.es\/diario\/wp-content\/uploads\/2025\/03\/conve_catedra_Pasaje_Begona02-1-420x280.jpg\" alt=\"\" width=\"420\" height=\"280\" srcset=\"https:\/\/www.upo.es\/diario\/wp-content\/uploads\/2025\/03\/conve_catedra_Pasaje_Begona02-1-420x280.jpg 420w, https:\/\/www.upo.es\/diario\/wp-content\/uploads\/2025\/03\/conve_catedra_Pasaje_Begona02-1-750x500.jpg 750w, https:\/\/www.upo.es\/diario\/wp-content\/uploads\/2025\/03\/conve_catedra_Pasaje_Begona02-1-768x512.jpg 768w, https:\/\/www.upo.es\/diario\/wp-content\/uploads\/2025\/03\/conve_catedra_Pasaje_Begona02-1-1536x1024.jpg 1536w, https:\/\/www.upo.es\/diario\/wp-content\/uploads\/2025\/03\/conve_catedra_Pasaje_Begona02-1-2048x1365.jpg 2048w, https:\/\/www.upo.es\/diario\/wp-content\/uploads\/2025\/03\/conve_catedra_Pasaje_Begona02-1-165x109.jpg 165w, https:\/\/www.upo.es\/diario\/wp-content\/uploads\/2025\/03\/conve_catedra_Pasaje_Begona02-1-1320x880.jpg 1320w\" sizes=\"auto, (max-width: 420px) 100vw, 420px\" \/><\/a><figcaption id=\"caption-attachment-30885675\" class=\"wp-caption-text\">De izquierda a derecha, Jorge Mart\u00edn P\u00e9rez Garc\u00eda, director general de la Fundaci\u00f3n Manuela Saborido-Manolita Chen; el rector Francisco Oliva; Manuela Saborido y Rafael C\u00e1ceres, director de la C\u00e1tedra.<\/figcaption><\/figure>\n<p>Las actividades de la C\u00e1tedra se desarrollar\u00e1n en tres grandes \u00e1mbitos. En el \u00e1rea de <strong>formaci\u00f3n y empleabilidad<\/strong>, se organizar\u00e1n seminarios, talleres, conferencias y jornadas dirigidas a la comunidad universitaria y a la sociedad en general, adem\u00e1s de promover la concesi\u00f3n de becas y ayudas. Tambi\u00e9n se fomentar\u00e1n convenios de cooperaci\u00f3n educativa y programas que faciliten la integraci\u00f3n de los estudiantes y profesionales en el entorno social y laboral.<\/p>\n<p>En el \u00e1mbito de la <strong>investigaci\u00f3n<\/strong>, la C\u00e1tedra impulsar\u00e1 estudios especializados en diversidad sexual y de g\u00e9nero, promoviendo la elaboraci\u00f3n de informes y trabajos acad\u00e9micos, as\u00ed como la participaci\u00f3n en proyectos y grupos de investigaci\u00f3n que contribuyan al avance del conocimiento en esta materia.<\/p>\n<p>Por otro lado, la <strong>divulgaci\u00f3n <\/strong>y la <strong>transferencia de conocimiento<\/strong> ser\u00e1n claves para dar visibilidad a estos estudios y generar impacto social. A trav\u00e9s de campa\u00f1as de sensibilizaci\u00f3n, publicaciones acad\u00e9micas y la organizaci\u00f3n de congresos y encuentros cient\u00edficos, se pretende fomentar el di\u00e1logo y la reflexi\u00f3n en torno a la diversidad y la igualdad.<\/p>\n<p>Con este enfoque integral, la C\u00e1tedra \u2018Pasaje Bego\u00f1a\u2019 no solo impulsar\u00e1 la empleabilidad de las personas LGTBIQ+, sino que tambi\u00e9n contribuir\u00e1 a la construcci\u00f3n de un entorno universitario m\u00e1s inclusivo y diverso, consolidando a la Universidad Pablo de Olavide como un referente en la defensa de los derechos y la igualdad.<\/p>\n<h3><strong>Una alianza por la igualdad y los derechos LGTBI+<\/strong><\/h3>\n<p>La Universidad Pablo de Olavide y la Fundaci\u00f3n Manuela Saborido-Manolita Chen mantienen una estrecha colaboraci\u00f3n en la defensa de la diversidad y la igualdad. Fruto de esta alianza, en el a\u00f1o 2023 la Fundaci\u00f3n se uni\u00f3 al <strong>Programa de Voluntariado<\/strong> de la UPO y, en 2024, ambas entidades firmaron un convenio para la <strong>reserva de plazas en la Residencia Universitaria Flora Trist\u00e1n,<\/strong> con el objetivo de brindar apoyo a personas LGTBI+ en situaci\u00f3n de especial vulnerabilidad. Esta iniciativa permite ofrecer oportunidades formativas y laborales a quienes, por falta de respaldo familiar o social, necesitan un entorno seguro y de acompa\u00f1amiento para desarrollar sus proyectos de vida.<\/p>\n<p><a href=\"https:\/\/www.upo.es\/diario\/wp-content\/uploads\/2025\/03\/conve_catedra_Pasaje_Begona03-1-scaled.jpg\"><img loading=\"lazy\" decoding=\"async\" class=\"alignleft size-medium wp-image-30885677\" src=\"https:\/\/www.upo.es\/diario\/wp-content\/uploads\/2025\/03\/conve_catedra_Pasaje_Begona03-1-420x219.jpg\" alt=\"\" width=\"420\" height=\"219\" srcset=\"https:\/\/www.upo.es\/diario\/wp-content\/uploads\/2025\/03\/conve_catedra_Pasaje_Begona03-1-420x219.jpg 420w, https:\/\/www.upo.es\/diario\/wp-content\/uploads\/2025\/03\/conve_catedra_Pasaje_Begona03-1-750x391.jpg 750w, https:\/\/www.upo.es\/diario\/wp-content\/uploads\/2025\/03\/conve_catedra_Pasaje_Begona03-1-768x401.jpg 768w, https:\/\/www.upo.es\/diario\/wp-content\/uploads\/2025\/03\/conve_catedra_Pasaje_Begona03-1-1536x801.jpg 1536w, https:\/\/www.upo.es\/diario\/wp-content\/uploads\/2025\/03\/conve_catedra_Pasaje_Begona03-1-2048x1068.jpg 2048w, https:\/\/www.upo.es\/diario\/wp-content\/uploads\/2025\/03\/conve_catedra_Pasaje_Begona03-1-1320x689.jpg 1320w\" sizes=\"auto, (max-width: 420px) 100vw, 420px\" \/><\/a>La relaci\u00f3n entre ambas instituciones se fortalece con la presencia de la <strong>sede en Sevilla de la Fundaci\u00f3n Manolita Chen en el Espacio de Innovaci\u00f3n Social y Cultural de la Residencia Universitaria Flora Trist\u00e1n<\/strong>. Desde este espacio, la Fundaci\u00f3n trabaja activamente en la promoci\u00f3n del legado de Manuela Saborido como referente del activismo LGTBI+ y en la defensa de los derechos de otros colectivos en situaci\u00f3n de vulnerabilidad. Su labor se centra en dar visibilidad a las luchas por la igualdad y la justicia social, impulsando programas de sensibilizaci\u00f3n y formaci\u00f3n en colaboraci\u00f3n con la comunidad universitaria.<\/p>\n<p>Con la creaci\u00f3n de la C\u00e1tedra \u2018Pasaje Bego\u00f1a\u2019, la Universidad Pablo de Olavide y la Fundaci\u00f3n Manolita Chen refuerzan su compromiso com\u00fan, consolidando un espacio de estudio, reflexi\u00f3n y acci\u00f3n en favor de la diversidad sexual y de g\u00e9nero.<\/p>\n<p>La Universidad Pablo de Olavide refuerza su papel como referente en la defensa de la diversidad y la igualdad de g\u00e9nero, avanzando en su misi\u00f3n de contribuir al progreso social mediante la educaci\u00f3n y la investigaci\u00f3n. Un compromiso que le ha valido a la UPO el <strong>reconocimiento como \u2018Espacio Libre de LGTBIfobia\u2019<\/strong> por parte de la Junta de Andaluc\u00eda, distinci\u00f3n que reconoce las acciones desarrolladas en la universidad para garantizar la igualdad y la no discriminaci\u00f3n por motivos de orientaci\u00f3n sexual e identidad de g\u00e9nero.<\/p>\n","protected":false},"excerpt":{"rendered":"<p>La Universidad Pablo de Olavide y la Fundaci\u00f3n Manuela Saborido-Manolita Chen han firmado un convenio de colaboraci\u00f3n para la creaci\u00f3n y desarrollo de la C\u00e1tedra \u2018Pasaje Bego\u00f1a\u2019 sobre diversidad sexual y de g\u00e9nero. El acuerdo, suscrito por el rector de la UPO, Francisco Oliva Bl\u00e1zquez, y la presidenta de la Fundaci\u00f3n Manolita Chen, Manuela Saborido Mu\u00f1oz, busca promover la investigaci\u00f3n, la formaci\u00f3n y la divulgaci\u00f3n en materia de diversidad afectivo-sexual, identidad y expresi\u00f3n de g\u00e9nero, as\u00ed como diversidades corporales y familiares.<\/p>\n","protected":false},"author":2,"featured_media":30885674,"comment_status":"closed","ping_status":"open","sticky":false,"template":"","format":"standard","meta":{"_monsterinsights_skip_tracking":false,"_monsterinsights_sitenote_active":false,"_monsterinsights_sitenote_note":"","_monsterinsights_sitenote_category":0,"footnotes":""},"categories":[5843],"tags":[8137,9114,92,6138,9115,4021,8670],"class_list":["post-30885672","post","type-post","status-publish","format-standard","has-post-thumbnail","hentry","category-cultura-social","tag-asociacion-pasaje-begona","tag-catedra-pasaje-begona","tag-derechos-humanos","tag-derechos-lgtbi","tag-diversidad-sexual-y-de-genero","tag-francisco-oliva-blazquez","tag-fundacion-manuela-saborido"],"_links":{"self":[{"href":"https:\/\/www.upo.es\/diario\/wp-json\/wp\/v2\/posts\/30885672","targetHints":{"allow":["GET"]}}],"collection":[{"href":"https:\/\/www.upo.es\/diario\/wp-json\/wp\/v2\/posts"}],"about":[{"href":"https:\/\/www.upo.es\/diario\/wp-json\/wp\/v2\/types\/post"}],"author":[{"embeddable":true,"href":"https:\/\/www.upo.es\/diario\/wp-json\/wp\/v2\/users\/2"}],"replies":[{"embeddable":true,"href":"https:\/\/www.upo.es\/diario\/wp-json\/wp\/v2\/comments?post=30885672"}],"version-history":[{"count":4,"href":"https:\/\/www.upo.es\/diario\/wp-json\/wp\/v2\/posts\/30885672\/revisions"}],"predecessor-version":[{"id":30885704,"href":"https:\/\/www.upo.es\/diario\/wp-json\/wp\/v2\/posts\/30885672\/revisions\/30885704"}],"wp:featuredmedia":[{"embeddable":true,"href":"https:\/\/www.upo.es\/diario\/wp-json\/wp\/v2\/media\/30885674"}],"wp:attachment":[{"href":"https:\/\/www.upo.es\/diario\/wp-json\/wp\/v2\/media?parent=30885672"}],"wp:term":[{"taxonomy":"category","embeddable":true,"href":"https:\/\/www.upo.es\/diario\/wp-json\/wp\/v2\/categories?post=30885672"},{"taxonomy":"post_tag","embeddable":true,"href":"https:\/\/www.upo.es\/diario\/wp-json\/wp\/v2\/tags?post=30885672"}],"curies":[{"name":"wp","href":"https:\/\/api.w.org\/{rel}","templated":true}]}}