{"id":30885680,"date":"2025-03-10T14:46:02","date_gmt":"2025-03-10T13:46:02","guid":{"rendered":"https:\/\/www.upo.es\/diario\/?p=30885680"},"modified":"2025-03-24T16:15:31","modified_gmt":"2025-03-24T15:15:31","slug":"upo-asesora-primer-plan-salvaguarda-yacimiento-arqueologico-declarado-patrimonio-mundial","status":"publish","type":"post","link":"https:\/\/www.upo.es\/diario\/ciencia\/2025\/03\/upo-asesora-primer-plan-salvaguarda-yacimiento-arqueologico-declarado-patrimonio-mundial\/","title":{"rendered":"La UPO asesora en el primer Plan de Salvaguarda de un yacimiento arqueol\u00f3gico declarado Patrimonio Mundial"},"content":{"rendered":"<p><a href=\"https:\/\/www.upo.es\/diario\/wp-content\/uploads\/2025\/03\/simulacro_antequera.jpeg\"><img loading=\"lazy\" decoding=\"async\" class=\"aligncenter size-large wp-image-30885682\" src=\"https:\/\/www.upo.es\/diario\/wp-content\/uploads\/2025\/03\/simulacro_antequera-750x304.jpeg\" alt=\"\" width=\"750\" height=\"304\" srcset=\"https:\/\/www.upo.es\/diario\/wp-content\/uploads\/2025\/03\/simulacro_antequera-750x304.jpeg 750w, https:\/\/www.upo.es\/diario\/wp-content\/uploads\/2025\/03\/simulacro_antequera-420x170.jpeg 420w, https:\/\/www.upo.es\/diario\/wp-content\/uploads\/2025\/03\/simulacro_antequera-768x311.jpeg 768w, https:\/\/www.upo.es\/diario\/wp-content\/uploads\/2025\/03\/simulacro_antequera-1536x622.jpeg 1536w, https:\/\/www.upo.es\/diario\/wp-content\/uploads\/2025\/03\/simulacro_antequera-1320x534.jpeg 1320w, https:\/\/www.upo.es\/diario\/wp-content\/uploads\/2025\/03\/simulacro_antequera.jpeg 1564w\" sizes=\"auto, (max-width: 750px) 100vw, 750px\" \/><\/a><\/p>\n<p>El grupo de investigaci\u00f3n de la Universidad Pablo de Olavide <a href=\"https:\/\/www.upo.es\/otri\/oferta-cientifico-tecnologica\/grupos-de-investigacion\/PATRIMONIO-MEDIOAMBIENTE-Y-TECNOLOGIA-TEP-199\/\">\u2018Patrimonio, Medioambiente y Tecnolog\u00eda\u2019<\/a>, dirigido por la profesora <strong>Pilar Ortiz Calder\u00f3n<\/strong>, ha participado en las <strong>\u2018Jornadas de coordinaci\u00f3n del simulacro y t\u00e9cnicas formativas sobre gesti\u00f3n de riesgos y emergencia en patrimonio cultural\u2019<\/strong>, un evento en el que se han abordado las distintas l\u00edneas de actuaci\u00f3n que se llevar\u00e1n a cabo en el simulacro m\u00faltiple que se celebrar\u00e1 <u>el pr\u00f3ximo lunes 24 de marzo<\/u> en el <strong>Conjunto Arqueol\u00f3gico D\u00f3lmenes de Antequera<\/strong>.<\/p>\n<p>En este contexto, la Consejer\u00eda de Cultura y Deporte ha presentado el <strong>Plan de Salvaguarda del Conjunto Arqueol\u00f3gico D\u00f3lmenes de Antequera<\/strong>, el primero planteado en un yacimiento arqueol\u00f3gico declarado Patrimonio Mundial. El documento recoge las medidas para garantizar la protecci\u00f3n del bien en situaciones de emergencia, organizando y planificando las estrategias, los procedimientos y los recursos necesarios para dar una respuesta adecuada ante cualquier amenaza.<\/p>\n<figure id=\"attachment_30885683\" aria-describedby=\"caption-attachment-30885683\" style=\"width: 420px\" class=\"wp-caption alignright\"><a href=\"https:\/\/www.upo.es\/diario\/wp-content\/uploads\/2025\/03\/WhatsApp-Image-2025-03-11-at-10.34.12.jpeg\"><img loading=\"lazy\" decoding=\"async\" class=\"size-medium wp-image-30885683\" src=\"https:\/\/www.upo.es\/diario\/wp-content\/uploads\/2025\/03\/WhatsApp-Image-2025-03-11-at-10.34.12-420x189.jpeg\" alt=\"\" width=\"420\" height=\"189\" srcset=\"https:\/\/www.upo.es\/diario\/wp-content\/uploads\/2025\/03\/WhatsApp-Image-2025-03-11-at-10.34.12-420x189.jpeg 420w, https:\/\/www.upo.es\/diario\/wp-content\/uploads\/2025\/03\/WhatsApp-Image-2025-03-11-at-10.34.12-750x338.jpeg 750w, https:\/\/www.upo.es\/diario\/wp-content\/uploads\/2025\/03\/WhatsApp-Image-2025-03-11-at-10.34.12-768x346.jpeg 768w, https:\/\/www.upo.es\/diario\/wp-content\/uploads\/2025\/03\/WhatsApp-Image-2025-03-11-at-10.34.12-1536x691.jpeg 1536w, https:\/\/www.upo.es\/diario\/wp-content\/uploads\/2025\/03\/WhatsApp-Image-2025-03-11-at-10.34.12-1320x594.jpeg 1320w, https:\/\/www.upo.es\/diario\/wp-content\/uploads\/2025\/03\/WhatsApp-Image-2025-03-11-at-10.34.12.jpeg 2040w\" sizes=\"auto, (max-width: 420px) 100vw, 420px\" \/><\/a><figcaption id=\"caption-attachment-30885683\" class=\"wp-caption-text\">\u2018Jornadas de coordinaci\u00f3n del simulacro y t\u00e9cnicas formativas sobre gesti\u00f3n de riesgos y emergencia en patrimonio cultural\u2019.<\/figcaption><\/figure>\n<p>\u201cCon la presentaci\u00f3n del Plan de Salvaguarda del Conjunto Arqueol\u00f3gico D\u00f3lmenes de Antequera, avanzamos en la protecci\u00f3n del patrimonio cultural andaluz, integr\u00e1ndolo en el sistema de Protecci\u00f3n Civil\u201d, ha indicado la consejera <strong>Patricia del Pozo<\/strong>, quien ha recordado que \u201cla respuesta ante fen\u00f3menos naturales adversos en los bienes integrantes del patrimonio hist\u00f3rico y cultural es de suma importancia para el Gobierno andaluz\u201d.<\/p>\n<p>El <strong>Plan de Salvaguarda de los D\u00f3lmenes de Antequera<\/strong> ha sido redactado por el equipo t\u00e9cnico del conjunto en el marco de colaboraci\u00f3n suscrito entre la Consejer\u00eda de Cultura y la Universidad Pablo de Olavide. El grupo de investigaci\u00f3n liderado por la catedr\u00e1tica <strong>Pilar Ortiz<\/strong> ha prestado un <strong>asesoramiento especializado<\/strong> para dotar el proceso de un soporte metodol\u00f3gico con garant\u00edas, en un caso tan complejo por la diversidad de bienes, inmuebles y muebles, desde la prehistoria a la contemporaneidad.<\/p>\n<p>\u201cLa investigaci\u00f3n que realizamos desde la Universidad est\u00e1 directamente dirigida a la prevenci\u00f3n y mejora de la respuesta ante emergencia para el Patrimonio Cultural. Durante el simulacro se recoger\u00e1 la opini\u00f3n de expertos que servir\u00e1 para desarrollar \u00e1rboles de decisiones y contribuir al desarrollo de municipios m\u00e1s resilientes. Adem\u00e1s, el plan de salvaguarda se ha digitalizado con la colaboraci\u00f3n de la empresa Mission Track, para poder saber en tiempo real d\u00f3nde se encuentran los equipos de rescate y el estado de las obras durante el simulacro\u201d, explica la investigadora de la UPO.<\/p>\n<h3><strong>El simulacro, una herramienta clave en la gesti\u00f3n de riesgos<\/strong><\/h3>\n<p>A las jornadas, que se han celebrado en el Conjunto Arqueol\u00f3gico D\u00f3lmenes de Antequera y el Centro de Protecci\u00f3n Civil de Antequera, han asistido el alcalde de Antequera, <strong>Manuel Bar\u00f3n<\/strong>; la directora general de Museos y Conjuntos Culturales, <strong>Aurora Villalobos;<\/strong> la directora del Instituto Valenciano de Conservaci\u00f3n, Restauraci\u00f3n e Investigaci\u00f3n, <strong>Gemma Contreras; <\/strong>representantes de la Polic\u00eda Local, la Polic\u00eda Nacional, la Cruz Roja, los Bomberos y la Unidad Militar de Emergencias (UME), adem\u00e1s de m\u00e9dicos y sanitarios y miembros del grupo de investigaci\u00f3n de la Universidad Pablo de Olavide, entre otras instituciones participantes, como el IES Pintor Jos\u00e9 Mar\u00eda Fern\u00e1ndez y la residencia San Juan de Dios.<\/p>\n<p>Por su parte, el director general de Emergencias, Protecci\u00f3n Civil y Lucha contra Incendios Forestales, <strong>Alejandro Garc\u00eda<\/strong>, ha trasladado la importancia de este tipo de simulacros porque \u00abc\u00f3mo se entrena se juega\u00bb, haciendo referencia a la relevancia que tienen este tipo de herramientas en la intervenci\u00f3n y la reacci\u00f3n en situaciones de emergencia.<\/p>\n<p>Garc\u00eda ha destacado tambi\u00e9n \u00abel compromiso de Ayuntamiento de Antequera y su extraordinario trabajo en situaciones adversas que, adem\u00e1s, cuenta con un importante equipo t\u00e9cnico y el voluntariado de Protecci\u00f3n Civil que estar\u00e1 el pr\u00f3ximo d\u00eda 24 en el simulacro\u201d. \u201cNuestro objetivo es participar para apoyar y aprender en este tipo de ejercicios\u00bb, ha recalcado el director general de Emergencias.<\/p>\n<p>El alcalde de Antequera, <strong>Manolo Bar\u00f3n<\/strong>, ha destacado la importancia del simulacro celebrado en la ciudad como una acci\u00f3n clave para proteger tanto a las personas como al patrimonio hist\u00f3rico, subrayando la responsabilidad colectiva de conservar y transmitir este legado a las generaciones futuras. Bar\u00f3n ha agradecido especialmente la implicaci\u00f3n multidisciplinar de instituciones p\u00fablicas, fuerzas de seguridad, universidades y colectivos participantes, se\u00f1alando que esta colaboraci\u00f3n sit\u00faa a Antequera en la vanguardia de la protecci\u00f3n del patrimonio mundial.<\/p>\n<p>Fuente: Consejer\u00eda de Cultura y Deporte<\/p>\n","protected":false},"excerpt":{"rendered":"<p>El grupo de investigaci\u00f3n de la Universidad Pablo de Olavide \u2018Patrimonio, Medioambiente y Tecnolog\u00eda\u2019, dirigido por la profesora Pilar Ortiz Calder\u00f3n, ha participado en las \u2018Jornadas de coordinaci\u00f3n del simulacro y t\u00e9cnicas formativas sobre gesti\u00f3n de riesgos y emergencia en patrimonio cultural\u2019, un evento en el que se han abordado las distintas l\u00edneas de actuaci\u00f3n que se llevar\u00e1n a cabo en el simulacro m\u00faltiple que se celebrar\u00e1 el pr\u00f3ximo lunes 24 de marzo en el Conjunto Arqueol\u00f3gico D\u00f3lmenes de Antequera.<\/p>\n","protected":false},"author":2,"featured_media":30885682,"comment_status":"closed","ping_status":"open","sticky":false,"template":"","format":"standard","meta":{"_monsterinsights_skip_tracking":false,"_monsterinsights_sitenote_active":false,"_monsterinsights_sitenote_note":"","_monsterinsights_sitenote_category":0,"footnotes":""},"categories":[3],"tags":[8094,9116,2130,1092,129,1603,8657],"class_list":["post-30885680","post","type-post","status-publish","format-standard","has-post-thumbnail","hentry","category-ciencia","tag-antequera","tag-consejeria-de-cultura-y-deporte","tag-departamento-de-sistemas-fisicos","tag-emergencias","tag-patrimonio","tag-pilar-ortiz","tag-simulacro"],"_links":{"self":[{"href":"https:\/\/www.upo.es\/diario\/wp-json\/wp\/v2\/posts\/30885680","targetHints":{"allow":["GET"]}}],"collection":[{"href":"https:\/\/www.upo.es\/diario\/wp-json\/wp\/v2\/posts"}],"about":[{"href":"https:\/\/www.upo.es\/diario\/wp-json\/wp\/v2\/types\/post"}],"author":[{"embeddable":true,"href":"https:\/\/www.upo.es\/diario\/wp-json\/wp\/v2\/users\/2"}],"replies":[{"embeddable":true,"href":"https:\/\/www.upo.es\/diario\/wp-json\/wp\/v2\/comments?post=30885680"}],"version-history":[{"count":4,"href":"https:\/\/www.upo.es\/diario\/wp-json\/wp\/v2\/posts\/30885680\/revisions"}],"predecessor-version":[{"id":30885707,"href":"https:\/\/www.upo.es\/diario\/wp-json\/wp\/v2\/posts\/30885680\/revisions\/30885707"}],"wp:featuredmedia":[{"embeddable":true,"href":"https:\/\/www.upo.es\/diario\/wp-json\/wp\/v2\/media\/30885682"}],"wp:attachment":[{"href":"https:\/\/www.upo.es\/diario\/wp-json\/wp\/v2\/media?parent=30885680"}],"wp:term":[{"taxonomy":"category","embeddable":true,"href":"https:\/\/www.upo.es\/diario\/wp-json\/wp\/v2\/categories?post=30885680"},{"taxonomy":"post_tag","embeddable":true,"href":"https:\/\/www.upo.es\/diario\/wp-json\/wp\/v2\/tags?post=30885680"}],"curies":[{"name":"wp","href":"https:\/\/api.w.org\/{rel}","templated":true}]}}