{"id":30885744,"date":"2025-03-14T12:08:05","date_gmt":"2025-03-14T11:08:05","guid":{"rendered":"https:\/\/www.upo.es\/diario\/?p=30885744"},"modified":"2025-03-14T12:08:05","modified_gmt":"2025-03-14T11:08:05","slug":"upo-fuam-impulsaran-innovacion-educativa","status":"publish","type":"post","link":"https:\/\/www.upo.es\/diario\/institucional\/2025\/03\/upo-fuam-impulsaran-innovacion-educativa\/","title":{"rendered":"La Universidad Pablo de Olavide y la Fundaci\u00f3n de la Universidad Aut\u00f3noma de Madrid impulsar\u00e1n la innovaci\u00f3n educativa"},"content":{"rendered":"<figure id=\"attachment_30885745\" aria-describedby=\"caption-attachment-30885745\" style=\"width: 750px\" class=\"wp-caption aligncenter\"><a href=\"https:\/\/www.upo.es\/diario\/wp-content\/uploads\/2025\/03\/14032025-Conve-UPO-FUAM-0967-scaled.jpg\"><img loading=\"lazy\" decoding=\"async\" class=\"wp-image-30885745 size-large\" src=\"https:\/\/www.upo.es\/diario\/wp-content\/uploads\/2025\/03\/14032025-Conve-UPO-FUAM-0967-750x422.jpg\" alt=\"Sonia D\u00edez, Francisco Oliva, Santiago Atrio y Laura G\u00f3mez\" width=\"750\" height=\"422\" srcset=\"https:\/\/www.upo.es\/diario\/wp-content\/uploads\/2025\/03\/14032025-Conve-UPO-FUAM-0967-750x422.jpg 750w, https:\/\/www.upo.es\/diario\/wp-content\/uploads\/2025\/03\/14032025-Conve-UPO-FUAM-0967-420x236.jpg 420w, https:\/\/www.upo.es\/diario\/wp-content\/uploads\/2025\/03\/14032025-Conve-UPO-FUAM-0967-768x432.jpg 768w, https:\/\/www.upo.es\/diario\/wp-content\/uploads\/2025\/03\/14032025-Conve-UPO-FUAM-0967-1536x864.jpg 1536w, https:\/\/www.upo.es\/diario\/wp-content\/uploads\/2025\/03\/14032025-Conve-UPO-FUAM-0967-2048x1152.jpg 2048w, https:\/\/www.upo.es\/diario\/wp-content\/uploads\/2025\/03\/14032025-Conve-UPO-FUAM-0967-1320x743.jpg 1320w\" sizes=\"auto, (max-width: 750px) 100vw, 750px\" \/><\/a><figcaption id=\"caption-attachment-30885745\" class=\"wp-caption-text\">Sonia D\u00edez, Francisco Oliva, Santiago Atrio y Laura G\u00f3mez<\/figcaption><\/figure>\n<p>En un esfuerzo por transformar el futuro de la educaci\u00f3n a trav\u00e9s de la investigaci\u00f3n y del estudio comparado de experiencias de vanguardia, <strong>la Universidad Pablo de Olavide y la Fundaci\u00f3n de la Universidad Aut\u00f3noma de Madrid (FUAM) han ratificado esta ma\u00f1ana un convenio de colaboraci\u00f3n que busca situar a ambas instituciones como referentes de innovaci\u00f3n educativa en Espa\u00f1a<\/strong>.<\/p>\n<p><a href=\"https:\/\/www.upo.es\/diario\/wp-content\/uploads\/2025\/03\/14032025-Conve-UPO-FUAM-0956-scaled.jpg\"><img loading=\"lazy\" decoding=\"async\" class=\"alignright size-medium wp-image-30885746\" src=\"https:\/\/www.upo.es\/diario\/wp-content\/uploads\/2025\/03\/14032025-Conve-UPO-FUAM-0956-420x280.jpg\" alt=\"Francisco Oliva y Santiago Atrio\" width=\"420\" height=\"280\" srcset=\"https:\/\/www.upo.es\/diario\/wp-content\/uploads\/2025\/03\/14032025-Conve-UPO-FUAM-0956-420x280.jpg 420w, https:\/\/www.upo.es\/diario\/wp-content\/uploads\/2025\/03\/14032025-Conve-UPO-FUAM-0956-750x500.jpg 750w, https:\/\/www.upo.es\/diario\/wp-content\/uploads\/2025\/03\/14032025-Conve-UPO-FUAM-0956-768x512.jpg 768w, https:\/\/www.upo.es\/diario\/wp-content\/uploads\/2025\/03\/14032025-Conve-UPO-FUAM-0956-1536x1024.jpg 1536w, https:\/\/www.upo.es\/diario\/wp-content\/uploads\/2025\/03\/14032025-Conve-UPO-FUAM-0956-2048x1365.jpg 2048w, https:\/\/www.upo.es\/diario\/wp-content\/uploads\/2025\/03\/14032025-Conve-UPO-FUAM-0956-165x109.jpg 165w, https:\/\/www.upo.es\/diario\/wp-content\/uploads\/2025\/03\/14032025-Conve-UPO-FUAM-0956-1320x880.jpg 1320w\" sizes=\"auto, (max-width: 420px) 100vw, 420px\" \/><\/a>Este convenio se inscribe en el marco de la <strong>C\u00e1tedra EducAcci\u00f3n<\/strong>, un espacio de referencia en la Universidad Aut\u00f3noma de Madrid dedicado a la medici\u00f3n del impacto ambiental, social y de gobernanza en el \u00e1mbito educativo que gestiona su Fundaci\u00f3n (FUAM). El rector de la Universidad Pablo de Olavide, <strong>Francisco Oliva<\/strong>, y el director de la C\u00e1tedra, <strong>Santiago Atrio<\/strong>, han firmado un acuerdo que permitir\u00e1 desarrollar estrategias acad\u00e9micas y cient\u00edficas orientadas a redefinir el aprendizaje en un contexto global. Han estado tambi\u00e9n presentes en el acto de ratificaci\u00f3n, <strong>Sonia D\u00edez<\/strong>, presidenta del consejo cient\u00edfico de la C\u00e1tedra, y <strong>Laura G\u00f3mez<\/strong>, vicerrectora de Cultura y Pol\u00edticas Sociales de la Olavide.<\/p>\n<p>Sonia D\u00edez ha se\u00f1alado tras la firma que, como parte de esta iniciativa, EducAcci\u00f3n \u201ccoordina la colaboraci\u00f3n de expertos de diversas disciplinas, como tecnolog\u00eda, sostenibilidad, arquitectura, pedagog\u00eda, \u00e9tica y derecho, fomentando un di\u00e1logo interdisciplinar que contribuya a dise\u00f1ar soluciones integrales para el futuro de la educaci\u00f3n\u201d.<\/p>\n<h3><strong>Un ecosistema global de innovaci\u00f3n educativa<\/strong><\/h3>\n<p>Uno de los pilares fundamentales de esta alianza es la creaci\u00f3n de un ecosistema global de innovaci\u00f3n educativa que integre a universidades, organizaciones del sector y actores clave en el desarrollo de nuevas metodolog\u00edas de ense\u00f1anza. La educaci\u00f3n enfrenta desaf\u00edos sin precedentes debido a los cambios tecnol\u00f3gicos, las nuevas demandas sociales y la necesidad de formaci\u00f3n continua, por lo que la colaboraci\u00f3n entre instituciones se vuelve esencial para dise\u00f1ar soluciones eficaces basadas en evidencias. El convenio contempla la producci\u00f3n de investigaciones avanzadas y estudios de casos de vanguardia que permitir\u00e1n establecer tendencias y recomendaciones estrat\u00e9gicas y de pol\u00edtica educativa.<\/p>\n<p>El acuerdo subraya la importancia del intercambio de conocimiento y la generaci\u00f3n de an\u00e1lisis rigurosos sobre el impacto del sistema educativo en el desarrollo econ\u00f3mico y social. <strong>La colaboraci\u00f3n entre la Facultad de Ciencias Empresariales de la UPO y la Facultad de Educaci\u00f3n de la UAM permite abordar, de manera pionera a nivel internacional, el estudio de la gobernanza educativa desde la perspectiva de la doble materialidad<\/strong>. Esto implica evaluar no solo el rendimiento econ\u00f3mico del sector, sino tambi\u00e9n su impacto ambiental, social y de gobernanza (ASG), un enfoque ya obligatorio en otros sectores y empresas cotizadas a nivel global. A trav\u00e9s de esta alianza, se impulsar\u00e1 la creaci\u00f3n de m\u00e9tricas innovadoras para analizar el impacto de la inversi\u00f3n en educaci\u00f3n, facilitando as\u00ed una asignaci\u00f3n de recursos m\u00e1s eficiente y fundamentada en criterios de sostenibilidad y retorno social. Adem\u00e1s, el convenio promover\u00e1 modelos comparativos con otros sectores regulados por est\u00e1ndares internacionales, permitiendo extraer aprendizajes clave y formular estrategias para mejorar la financiaci\u00f3n del sistema educativo.<\/p>\n<h3><strong>C\u00e1tedra EducAcci\u00f3n, plataforma de proyectos de innovaci\u00f3n educativa<\/strong><\/h3>\n<p>La C\u00e1tedra EducAcci\u00f3n de la Universidad Aut\u00f3noma de Madrid (UAM), presentada en abril de 2024, tiene como objetivo principal promover nuevas v\u00edas hacia una educaci\u00f3n m\u00e1s justa, equitativa y sostenible. Esta c\u00e1tedra se crea como una plataforma para discutir y promover nuevas orientaciones destinadas a mejorar el sistema educativo, pilar fundamental de toda sociedad avanzada.<\/p>\n","protected":false},"excerpt":{"rendered":"<p>\u2022\tLa Facultad de Ciencias Empresariales de la UPO y la Facultad de Ciencias de la Educaci\u00f3n de la UAM colaborar\u00e1n en la creaci\u00f3n de m\u00e9tricas innovadoras para analizar el impacto de la inversi\u00f3n en educaci\u00f3n.<\/p>\n","protected":false},"author":6,"featured_media":30885745,"comment_status":"closed","ping_status":"open","sticky":false,"template":"","format":"standard","meta":{"_monsterinsights_skip_tracking":false,"_monsterinsights_sitenote_active":false,"_monsterinsights_sitenote_note":"","_monsterinsights_sitenote_category":0,"footnotes":""},"categories":[6],"tags":[358,326,465,360,874,1571,8441,6466],"class_list":["post-30885744","post","type-post","status-publish","format-standard","has-post-thumbnail","hentry","category-institucional","tag-catedra","tag-convenio","tag-educacion","tag-facultad-de-ciencias-empresariales","tag-financiacion","tag-gobernanza","tag-innovacion-educativa","tag-universidad-autonoma-de-madrid"],"_links":{"self":[{"href":"https:\/\/www.upo.es\/diario\/wp-json\/wp\/v2\/posts\/30885744","targetHints":{"allow":["GET"]}}],"collection":[{"href":"https:\/\/www.upo.es\/diario\/wp-json\/wp\/v2\/posts"}],"about":[{"href":"https:\/\/www.upo.es\/diario\/wp-json\/wp\/v2\/types\/post"}],"author":[{"embeddable":true,"href":"https:\/\/www.upo.es\/diario\/wp-json\/wp\/v2\/users\/6"}],"replies":[{"embeddable":true,"href":"https:\/\/www.upo.es\/diario\/wp-json\/wp\/v2\/comments?post=30885744"}],"version-history":[{"count":1,"href":"https:\/\/www.upo.es\/diario\/wp-json\/wp\/v2\/posts\/30885744\/revisions"}],"predecessor-version":[{"id":30885747,"href":"https:\/\/www.upo.es\/diario\/wp-json\/wp\/v2\/posts\/30885744\/revisions\/30885747"}],"wp:featuredmedia":[{"embeddable":true,"href":"https:\/\/www.upo.es\/diario\/wp-json\/wp\/v2\/media\/30885745"}],"wp:attachment":[{"href":"https:\/\/www.upo.es\/diario\/wp-json\/wp\/v2\/media?parent=30885744"}],"wp:term":[{"taxonomy":"category","embeddable":true,"href":"https:\/\/www.upo.es\/diario\/wp-json\/wp\/v2\/categories?post=30885744"},{"taxonomy":"post_tag","embeddable":true,"href":"https:\/\/www.upo.es\/diario\/wp-json\/wp\/v2\/tags?post=30885744"}],"curies":[{"name":"wp","href":"https:\/\/api.w.org\/{rel}","templated":true}]}}