{"id":30885754,"date":"2025-03-18T13:35:46","date_gmt":"2025-03-18T12:35:46","guid":{"rendered":"https:\/\/www.upo.es\/diario\/?p=30885754"},"modified":"2025-03-20T14:34:46","modified_gmt":"2025-03-20T13:34:46","slug":"la-solidaridad-intergeneracional-centra-la-celebracion-del-dia-mundial-del-trabajo-social","status":"publish","type":"post","link":"https:\/\/www.upo.es\/diario\/docencia-formacion\/2025\/03\/la-solidaridad-intergeneracional-centra-la-celebracion-del-dia-mundial-del-trabajo-social\/","title":{"rendered":"La solidaridad intergeneracional centra la celebraci\u00f3n del D\u00eda Mundial del Trabajo Social"},"content":{"rendered":"<figure id=\"attachment_30885790\" aria-describedby=\"caption-attachment-30885790\" style=\"width: 750px\" class=\"wp-caption aligncenter\"><a href=\"https:\/\/www.upo.es\/diario\/wp-content\/uploads\/2025\/03\/18032025-Dia-Trabajo-Social-9045-scaled.jpg\"><img loading=\"lazy\" decoding=\"async\" class=\"wp-image-30885790 size-large\" src=\"https:\/\/www.upo.es\/diario\/wp-content\/uploads\/2025\/03\/18032025-Dia-Trabajo-Social-9045-750x422.jpg\" alt=\"Juan Miguel G\u00f3mez, Evaristo Barrera, Ra\u00fal \u00e1lvarez y Auora Castillo durante la presentaci\u00f3n del Acto organizado con motivo del D\u00eda Mundial del Trabajo Social\" width=\"750\" height=\"422\" srcset=\"https:\/\/www.upo.es\/diario\/wp-content\/uploads\/2025\/03\/18032025-Dia-Trabajo-Social-9045-750x422.jpg 750w, https:\/\/www.upo.es\/diario\/wp-content\/uploads\/2025\/03\/18032025-Dia-Trabajo-Social-9045-420x236.jpg 420w, https:\/\/www.upo.es\/diario\/wp-content\/uploads\/2025\/03\/18032025-Dia-Trabajo-Social-9045-768x432.jpg 768w, https:\/\/www.upo.es\/diario\/wp-content\/uploads\/2025\/03\/18032025-Dia-Trabajo-Social-9045-1536x864.jpg 1536w, https:\/\/www.upo.es\/diario\/wp-content\/uploads\/2025\/03\/18032025-Dia-Trabajo-Social-9045-2048x1152.jpg 2048w, https:\/\/www.upo.es\/diario\/wp-content\/uploads\/2025\/03\/18032025-Dia-Trabajo-Social-9045-1320x742.jpg 1320w\" sizes=\"auto, (max-width: 750px) 100vw, 750px\" \/><\/a><figcaption id=\"caption-attachment-30885790\" class=\"wp-caption-text\">Juan Miguel G\u00f3mez, Evaristo Barrera, Ra\u00fal \u00c1lvarez y Aurora Castillo durante la presentaci\u00f3n del Acto celebrado en el campus con motivo del D\u00eda Mundial del Trabajo Social<\/figcaption><\/figure>\n<p>El D\u00eda Mundial del Trabajo Social se celebra cada a\u00f1o el tercer martes del mes de marzo. La <a href=\"https:\/\/www.ifsw.org\/\">Federaci\u00f3n Internacional de Trabajadores Sociales (IFSW)<\/a> eligi\u00f3 como lema para 2025 &#8216;<strong><em>F<\/em><em>ortalecer la solidaridad intergeneracional para un bienestar duradero<\/em><\/strong>&#8216;. Trata de este modo de poner de relieve la importancia de cuidar y respetar a las generaciones para construir sociedades fuertes, preservar el medio ambiente y compartir la sabidur\u00eda para un futuro mejor.<\/p>\n<p><a href=\"https:\/\/www.ifsw.org\/social-work-action\/world-social-work-day\/world-social-work-day-2025\/\"><img loading=\"lazy\" decoding=\"async\" class=\"alignright wp-image-30885743 size-medium\" src=\"https:\/\/www.upo.es\/diario\/wp-content\/uploads\/2025\/03\/2025-WSWD-PO-Spanish-298x420.jpg\" alt=\"D\u00eda Mundial del Trabajo Social 2025, 18 de marzo. Lema: Fortalecer la solidaridad intergeneracional para un bienestar duradero\" width=\"298\" height=\"420\" srcset=\"https:\/\/www.upo.es\/diario\/wp-content\/uploads\/2025\/03\/2025-WSWD-PO-Spanish-298x420.jpg 298w, https:\/\/www.upo.es\/diario\/wp-content\/uploads\/2025\/03\/2025-WSWD-PO-Spanish-372x525.jpg 372w, https:\/\/www.upo.es\/diario\/wp-content\/uploads\/2025\/03\/2025-WSWD-PO-Spanish-768x1083.jpg 768w, https:\/\/www.upo.es\/diario\/wp-content\/uploads\/2025\/03\/2025-WSWD-PO-Spanish-1089x1536.jpg 1089w, https:\/\/www.upo.es\/diario\/wp-content\/uploads\/2025\/03\/2025-WSWD-PO-Spanish-1452x2048.jpg 1452w, https:\/\/www.upo.es\/diario\/wp-content\/uploads\/2025\/03\/2025-WSWD-PO-Spanish-1320x1861.jpg 1320w, https:\/\/www.upo.es\/diario\/wp-content\/uploads\/2025\/03\/2025-WSWD-PO-Spanish-scaled.jpg 1816w\" sizes=\"auto, (max-width: 298px) 100vw, 298px\" \/><\/a>Por este motivo, <strong>el Departamento de Trabajo Social y Servicios Sociales de la Universidad Pablo de Olavide ha organizado esta ma\u00f1ana un acto especial en el campus<\/strong>, que ha contado con profesionales e investigadores para abordar el papel crucial del Trabajo Social frente a algunos de los nuevos desaf\u00edos contempor\u00e1neos.<\/p>\n<p>El programa contempla tem\u00e1ticas innovadoras, tales como el Trabajo Social en el Metaverso, presentado por el profesor de la Olavide <strong>Fernando Relinque<\/strong>, y la experiencia de la preincubadora de emprendimiento social, a cargo de <strong>Carmen Miguel Vicente<\/strong>, de la Universidad Complutense de Madrid. Asimismo, <strong>Antonio Ia\u00f1ez<\/strong>, profesor del Departamento de Trabajo Social y Servicios Sociales, ha analizado el impacto de los Grupos Socioeducativos de Atenci\u00f3n Primaria (Gruse) en la salud mental y el bienestar masculino, mientras que <strong>Aurora Castillo<\/strong> ha destacado la importancia de la Asociaci\u00f3n Universitaria Espa\u00f1ola de Trabajo Social, la cual preside, en el \u00e1mbito acad\u00e9mico y profesional.<\/p>\n<p>Ra\u00fal \u00c1lvarez P\u00e9rez, director general de Pol\u00edticas Sociales de la Universidad Pablo de Olavide, ha presentado el acto con motivo del D\u00eda Mundial del Trabajo Social, acompa\u00f1ado de Aurora Castillo, de Juan Miguel G\u00f3mez Espino, decano de la Facultad de Ciencias Sociales, y de Evaristo Barrera, director del Departamento de Trabajo Social y Servicios Sociales.<\/p>\n<p>\u00abEl individualismo es poco proclive para que haya solidaridad intergeneracional\u00bb, ha declarado Aurora Castillo, quien ha destacado el \u00abgran desconocimiento y distanciamiento\u00bb que existe entre las generaciones. \u00abContar con las personas mayores es un recurso important\u00edsimo en el Trabajo Social\u00bb, ha recalcado la presidenta de la Asociaci\u00f3n Universitaria Espa\u00f1ola de la profesi\u00f3n, que ha reclamado, en relaci\u00f3n a lo sucedido recientemente en Badajoz, espacios seguros para todas las personas que trabajan en intervenci\u00f3n social.<\/p>\n<p>El director general de Pol\u00edticas Sociales de la Olavide ha recordado que hoy \u00abes un d\u00eda para alzar la voz con actitud cr\u00edtica sobre la vulnerabilidad y el principio de justicia social\u00bb. Sobre la solidaridad intergeneracional Ra\u00fal \u00c1lvarez ha subrayado \u00abla gran segmentaci\u00f3n y visiones parceladas de la realidad\u00bb que existen hoy en d\u00eda y ha situado tambi\u00e9n en el centro del debate del D\u00eda Mundial del Trabajo Social la cuesti\u00f3n de los cuidados y la medioambiental.<\/p>\n<p>Por su parte, el decano de la Facultad de Ciencias Sociales ha destacado la alta demanda que tiene el Grado en Trabajo Social en la Universidad Pablo de Olavide y ha hecho \u00e9nfasis en que el sistema de protecci\u00f3n social \u00abincluso cuando cumple sus prop\u00f3sitos cae en la deshumanizaci\u00f3n y el alejamiento entre generaciones\u00bb.<\/p>\n<p>\u00abEl Trabajo Social tiene retos y vulnerabilidades, es una profesi\u00f3n en la que en ocasiones tienes que enfrentar situaciones para las que nunca est\u00e1s preparado\u00bb, ha declarado Evaristo Barrera, que ha recordado el movimiento del colectivo de trabajadores sociales que se produjo en Espa\u00f1a a ra\u00edz de la Dana de Valencia. \u00abEs un d\u00eda en el que nos tenemos que felicitar todas y todos, y a nuestros compa\u00f1eros\u00bb, apunt\u00f3 el director del Departamento de Trabajo Social y Servicios Sociales para cerrar presentaci\u00f3n del acto.<\/p>\n<p>La <strong>Escuela de Econom\u00eda Social y la comunidad energ\u00e9tica &#8216;Torreblanca Ilumina&#8217;<\/strong> han aportado, con un estand durante toda la jornada, informaci\u00f3n y propuestas sobre c\u00f3mo hacer frente a la pobreza energ\u00e9tica y c\u00f3mo abordar la transici\u00f3n hacia nuevos modelos de consumo . Ambas entidades informaron sobre la importancia que tienen los trabajadores y trabajadoras sociales en soluciones de ahorro y eficiencia (alfabetizaci\u00f3n energ\u00e9tica), en la atenci\u00f3n a las personas vulnerables en la transici\u00f3n energ\u00e9tica y en soluciones de autoconsumo y c\u00f3mo lograr el empoderamiento y la autonom\u00eda a trav\u00e9s de la creaci\u00f3n de comunidades.<\/p>\n<figure id=\"attachment_30885792\" aria-describedby=\"caption-attachment-30885792\" style=\"width: 750px\" class=\"wp-caption aligncenter\"><a href=\"https:\/\/www.upo.es\/diario\/wp-content\/uploads\/2025\/03\/18032025-Dia-Trabajo-Social-9050-scaled.jpg\"><img loading=\"lazy\" decoding=\"async\" class=\"size-large wp-image-30885792\" src=\"https:\/\/www.upo.es\/diario\/wp-content\/uploads\/2025\/03\/18032025-Dia-Trabajo-Social-9050-750x422.jpg\" alt=\"Yana de Vuyst, estudiante de Educaci\u00f3n Social y Trabajo Social, instrumentista de violonchelo, actu\u00f3 durante la presentaci\u00f3n de la joranada\" width=\"750\" height=\"422\" srcset=\"https:\/\/www.upo.es\/diario\/wp-content\/uploads\/2025\/03\/18032025-Dia-Trabajo-Social-9050-750x422.jpg 750w, https:\/\/www.upo.es\/diario\/wp-content\/uploads\/2025\/03\/18032025-Dia-Trabajo-Social-9050-420x236.jpg 420w, https:\/\/www.upo.es\/diario\/wp-content\/uploads\/2025\/03\/18032025-Dia-Trabajo-Social-9050-768x432.jpg 768w, https:\/\/www.upo.es\/diario\/wp-content\/uploads\/2025\/03\/18032025-Dia-Trabajo-Social-9050-1536x864.jpg 1536w, https:\/\/www.upo.es\/diario\/wp-content\/uploads\/2025\/03\/18032025-Dia-Trabajo-Social-9050-2048x1152.jpg 2048w, https:\/\/www.upo.es\/diario\/wp-content\/uploads\/2025\/03\/18032025-Dia-Trabajo-Social-9050-1320x743.jpg 1320w\" sizes=\"auto, (max-width: 750px) 100vw, 750px\" \/><\/a><figcaption id=\"caption-attachment-30885792\" class=\"wp-caption-text\">Yana de Vuyst, estudiante de Educaci\u00f3n Social y Trabajo Social e instrumentista de violonchelo, durante la presentaci\u00f3n de la jornada<\/figcaption><\/figure>\n","protected":false},"excerpt":{"rendered":"<p>El D\u00eda Mundial del Trabajo Social se celebra cada a\u00f1o el tercer martes del mes de marzo. La Federaci\u00f3n Internacional de Trabajadores Sociales (IFSW) eligi\u00f3 como lema para 2025 &#8216;Fortalecer la solidaridad intergeneracional para un bienestar duradero&#8217;. Trata de este modo de poner de relieve la importancia de cuidar y respetar a las generaciones para construir sociedades fuertes, preservar el medio ambiente y compartir la sabidur\u00eda para un futuro mejor.<\/p>\n","protected":false},"author":6,"featured_media":30885790,"comment_status":"closed","ping_status":"open","sticky":false,"template":"","format":"standard","meta":{"_monsterinsights_skip_tracking":false,"_monsterinsights_sitenote_active":false,"_monsterinsights_sitenote_note":"","_monsterinsights_sitenote_category":0,"footnotes":""},"categories":[2779],"tags":[3405,5860,487,5847,1024,103],"class_list":["post-30885754","post","type-post","status-publish","format-standard","has-post-thumbnail","hentry","category-docencia-formacion","tag-departamento-de-trabajo-social-y-servicios-sociales","tag-dia-mundial-del-trabajo-social","tag-facultad-ciencias-sociales","tag-intergeneracional","tag-solidaridad","tag-trabajo-social"],"_links":{"self":[{"href":"https:\/\/www.upo.es\/diario\/wp-json\/wp\/v2\/posts\/30885754","targetHints":{"allow":["GET"]}}],"collection":[{"href":"https:\/\/www.upo.es\/diario\/wp-json\/wp\/v2\/posts"}],"about":[{"href":"https:\/\/www.upo.es\/diario\/wp-json\/wp\/v2\/types\/post"}],"author":[{"embeddable":true,"href":"https:\/\/www.upo.es\/diario\/wp-json\/wp\/v2\/users\/6"}],"replies":[{"embeddable":true,"href":"https:\/\/www.upo.es\/diario\/wp-json\/wp\/v2\/comments?post=30885754"}],"version-history":[{"count":15,"href":"https:\/\/www.upo.es\/diario\/wp-json\/wp\/v2\/posts\/30885754\/revisions"}],"predecessor-version":[{"id":30885820,"href":"https:\/\/www.upo.es\/diario\/wp-json\/wp\/v2\/posts\/30885754\/revisions\/30885820"}],"wp:featuredmedia":[{"embeddable":true,"href":"https:\/\/www.upo.es\/diario\/wp-json\/wp\/v2\/media\/30885790"}],"wp:attachment":[{"href":"https:\/\/www.upo.es\/diario\/wp-json\/wp\/v2\/media?parent=30885754"}],"wp:term":[{"taxonomy":"category","embeddable":true,"href":"https:\/\/www.upo.es\/diario\/wp-json\/wp\/v2\/categories?post=30885754"},{"taxonomy":"post_tag","embeddable":true,"href":"https:\/\/www.upo.es\/diario\/wp-json\/wp\/v2\/tags?post=30885754"}],"curies":[{"name":"wp","href":"https:\/\/api.w.org\/{rel}","templated":true}]}}