{"id":30885768,"date":"2025-03-17T14:45:03","date_gmt":"2025-03-17T13:45:03","guid":{"rendered":"https:\/\/www.upo.es\/diario\/?p=30885768"},"modified":"2025-03-24T16:15:15","modified_gmt":"2025-03-24T15:15:15","slug":"divulgacion-e-investigacion-6a-semana-historia-upo","status":"publish","type":"post","link":"https:\/\/www.upo.es\/diario\/docencia-formacion\/2025\/03\/divulgacion-e-investigacion-6a-semana-historia-upo\/","title":{"rendered":"Divulgaci\u00f3n e investigaci\u00f3n en la 6\u00aa Semana de la Historia de la UPO"},"content":{"rendered":"<figure id=\"attachment_30885770\" aria-describedby=\"caption-attachment-30885770\" style=\"width: 750px\" class=\"wp-caption aligncenter\"><a href=\"https:\/\/www.upo.es\/diario\/wp-content\/uploads\/2025\/03\/semana_historia01-1-scaled.jpg\"><img loading=\"lazy\" decoding=\"async\" class=\"size-large wp-image-30885770\" src=\"https:\/\/www.upo.es\/diario\/wp-content\/uploads\/2025\/03\/semana_historia01-1-750x517.jpg\" alt=\"\" width=\"750\" height=\"517\" srcset=\"https:\/\/www.upo.es\/diario\/wp-content\/uploads\/2025\/03\/semana_historia01-1-750x517.jpg 750w, https:\/\/www.upo.es\/diario\/wp-content\/uploads\/2025\/03\/semana_historia01-1-420x289.jpg 420w, https:\/\/www.upo.es\/diario\/wp-content\/uploads\/2025\/03\/semana_historia01-1-768x529.jpg 768w, https:\/\/www.upo.es\/diario\/wp-content\/uploads\/2025\/03\/semana_historia01-1-1536x1059.jpg 1536w, https:\/\/www.upo.es\/diario\/wp-content\/uploads\/2025\/03\/semana_historia01-1-2048x1411.jpg 2048w, https:\/\/www.upo.es\/diario\/wp-content\/uploads\/2025\/03\/semana_historia01-1-1320x910.jpg 1320w\" sizes=\"auto, (max-width: 750px) 100vw, 750px\" \/><\/a><figcaption id=\"caption-attachment-30885770\" class=\"wp-caption-text\">De izquierda a derecha, Mar\u00eda Losada, Antonia Jim\u00e9nez y Rosario Jim\u00e9nez.<\/figcaption><\/figure>\n<p>Con el objetivo resaltar la importancia de la historia y el patrimonio cultural, acercando a la sociedad el trabajo de quienes investigan en este campo, la Universidad Pablo de Olavide celebra <u>del 17 al 21 de marzo<\/u>, la <a href=\"https:\/\/eventos.upo.es\/129751\/detail\/6o-semana-de-la-historia-de-la-universidad-pablo-de-olavide.html\"><strong>6\u00aa Semana de la Historia<\/strong><\/a>, una cita dedicada a la divulgaci\u00f3n cient\u00edfica bajo el lema <strong>\u2018Tanto por descubrir\u2019<\/strong>.<\/p>\n<p>Consolidada como una cita anual destacada en la UPO, la Semana de la Historia ha sido inaugurada esta ma\u00f1ana en un acto que ha contado con las intervenciones de la vicerrectora de Investigaci\u00f3n, Transferencia y Doctorado de la UPO, <strong>Antonia Jim\u00e9nez Rodr\u00edguez<\/strong>; la decana de la Facultad de Humanidades, <strong>Mar\u00eda Losada Friend<\/strong>; y la directora de la Oficina de Transferencia de Resultados de Investigaci\u00f3n (OTRI), <strong>Rosario Jim\u00e9nez Rodr\u00edguez<\/strong>.<\/p>\n<figure id=\"attachment_30885771\" aria-describedby=\"caption-attachment-30885771\" style=\"width: 420px\" class=\"wp-caption alignright\"><a href=\"https:\/\/www.upo.es\/diario\/wp-content\/uploads\/2025\/03\/semana_historia02-1-scaled.jpg\"><img loading=\"lazy\" decoding=\"async\" class=\"size-medium wp-image-30885771\" src=\"https:\/\/www.upo.es\/diario\/wp-content\/uploads\/2025\/03\/semana_historia02-1-420x280.jpg\" alt=\"\" width=\"420\" height=\"280\" srcset=\"https:\/\/www.upo.es\/diario\/wp-content\/uploads\/2025\/03\/semana_historia02-1-420x280.jpg 420w, https:\/\/www.upo.es\/diario\/wp-content\/uploads\/2025\/03\/semana_historia02-1-750x500.jpg 750w, https:\/\/www.upo.es\/diario\/wp-content\/uploads\/2025\/03\/semana_historia02-1-768x512.jpg 768w, https:\/\/www.upo.es\/diario\/wp-content\/uploads\/2025\/03\/semana_historia02-1-1536x1024.jpg 1536w, https:\/\/www.upo.es\/diario\/wp-content\/uploads\/2025\/03\/semana_historia02-1-2048x1365.jpg 2048w, https:\/\/www.upo.es\/diario\/wp-content\/uploads\/2025\/03\/semana_historia02-1-165x109.jpg 165w, https:\/\/www.upo.es\/diario\/wp-content\/uploads\/2025\/03\/semana_historia02-1-1320x880.jpg 1320w\" sizes=\"auto, (max-width: 420px) 100vw, 420px\" \/><\/a><figcaption id=\"caption-attachment-30885771\" class=\"wp-caption-text\">El director del Instituto Cervantes en Londres, V\u00edctor Ugarte Farrerons, la decana Mar\u00eda Losada y el profesor de la UPO Alberto Egea.<\/figcaption><\/figure>\n<p>En su intervenci\u00f3n, <strong>Antonia Jim\u00e9nez<\/strong> ha destacado c\u00f3mo este evento \u201crefleja el compromiso del Vicerrectorado, y del equipo de gobierno, con la divulgaci\u00f3n cient\u00edfica y en particular con la puesta en valor de la historia y del patrimonio cultural como medio para acercar a la sociedad la investigaci\u00f3n y el conocimiento generado en nuestra Universidad\u201d. La vicerrectora ha agradecido as\u00ed el trabajo de todas las personas que hacen posible que el p\u00fablico se acerque a la historia de forma enriquecedora y emocionante a lo largo de esta semana.<\/p>\n<p>Por su parte, <strong>Rosario Jim\u00e9nez<\/strong>, ha resaltado la implicaci\u00f3n de los m\u00e1s de 60 investigadores e investigadoras de la Facultad de Humanidades fundamentalmente, pero tambi\u00e9n de otras \u00e1reas, como Matem\u00e1ticas, Econom\u00eda, Derecho o Sociolog\u00eda, \u201cdeseosos de \u2018descubrirle\u2019 a la sociedad el enorme patrimonio cultural con el que contamos y que son la base de sus investigaciones\u201d.<\/p>\n<p>Finalmente, <strong>Mar\u00eda Losada<\/strong> ha hecho alusi\u00f3n al eslogan \u2018Tanto por descubrir\u2019, que, seg\u00fan sus palabras, \u201cdeber\u00eda alinearse con otra expresi\u00f3n para repetir con la cabeza muy alta, \u2018Tanto que mostrar\u2019, para probar lo mucho que estamos haciendo en investigaci\u00f3n, en docencia, en difusi\u00f3n. Mostramos las muchas horas trabajadas en estudios, clases, contactos, espacios para la defensa del conocimiento y la educaci\u00f3n, en las que creemos ciegamente\u201d. La decana ha hecho un repaso a la programaci\u00f3n, compuesta por m\u00e1s de 40 actividades \u201cpara entender y conocer el patrimonio, actividades que son un repaso de culturas e identidades, teatro, y que cubren el espacio fundamental de las mujeres en la historia, incluyendo nuevas perspectivas\u201d.<\/p>\n<figure id=\"attachment_30885772\" aria-describedby=\"caption-attachment-30885772\" style=\"width: 420px\" class=\"wp-caption alignleft\"><a href=\"https:\/\/www.upo.es\/diario\/wp-content\/uploads\/2025\/03\/semana_historia03-1-scaled.jpg\"><img loading=\"lazy\" decoding=\"async\" class=\"size-medium wp-image-30885772\" src=\"https:\/\/www.upo.es\/diario\/wp-content\/uploads\/2025\/03\/semana_historia03-1-420x284.jpg\" alt=\"\" width=\"420\" height=\"284\" srcset=\"https:\/\/www.upo.es\/diario\/wp-content\/uploads\/2025\/03\/semana_historia03-1-420x284.jpg 420w, https:\/\/www.upo.es\/diario\/wp-content\/uploads\/2025\/03\/semana_historia03-1-750x508.jpg 750w, https:\/\/www.upo.es\/diario\/wp-content\/uploads\/2025\/03\/semana_historia03-1-768x520.jpg 768w, https:\/\/www.upo.es\/diario\/wp-content\/uploads\/2025\/03\/semana_historia03-1-1536x1040.jpg 1536w, https:\/\/www.upo.es\/diario\/wp-content\/uploads\/2025\/03\/semana_historia03-1-2048x1387.jpg 2048w, https:\/\/www.upo.es\/diario\/wp-content\/uploads\/2025\/03\/semana_historia03-1-1320x894.jpg 1320w\" sizes=\"auto, (max-width: 420px) 100vw, 420px\" \/><\/a><figcaption id=\"caption-attachment-30885772\" class=\"wp-caption-text\">Eladia Illescas, Mar\u00eda Jos\u00e9 del Pino y Trist\u00e1n Pert\u00ed\u00f1ez Blasco, director de la Fundaci\u00f3n P\u00fablica Centro de Estudios Andaluces.<\/figcaption><\/figure>\n<p>Tras el acto de apertura de la Semana de la Historia, el director del Instituto Cervantes en Londres,\u00a0<strong>V\u00edctor Ugarte Farrerons,<\/strong>\u00a0ha ofrecido la\u00a0charla inaugural<strong> \u2018El Instituto Cervantes en el mundo y en la Historia: oportunidades profesionales en los \u00e1mbitos de la ense\u00f1anza y gesti\u00f3n cultural\u2019<\/strong>.<\/p>\n<p>Una vez finalizada la charla, en el Paraninfo se ha representado la obra\u00a0<strong>\u2018Dramatizando el derecho, una forma de entenderlo. Cap\u00edtulo: La historia\u2019,<\/strong>\u00a0a cargo del Taller de Teatro del Ilustre Colegio de Abogados de Sevilla (ICAS), a trav\u00e9s de la coordinaci\u00f3n de la investigadora del \u00c1rea de Derecho Internacional P\u00fablico y Relaciones Internacionales, Ana Isabel Melo Montero.<\/p>\n<h3><strong>Historia y memoria a trav\u00e9s de la investigaci\u00f3n<\/strong><\/h3>\n<p>Compuesta por 9 paneles de gran tama\u00f1o, la exposici\u00f3n <strong>\u2018Mujeres fundadoras de la Sociolog\u00eda\u2019<\/strong> detalla los perfiles de diferentes cient\u00edficas y sus aportaciones a la Sociolog\u00eda durante los siglos XIX y XX. Cada uno de los paneles incluye un c\u00f3digo QR que dirige a un p\u00f3dcast espec\u00edfico dedicado a cada una de ellas. Estos posters muestran los resultados de un proyecto de investigaci\u00f3n financiado por la <strong>Fundaci\u00f3n P\u00fablica Centro de Estudios Andaluces CENTRA<\/strong> -Pioneras y Fundadoras de la Sociolog\u00eda- y coordinado por la profesora de la UPO Mar\u00eda Jos\u00e9 del Pino Espejo, donde se incluyen apoyos para las diferentes capacidades: los p\u00f3steres est\u00e1n en formato ivoox para personas ciegas y signados y subtitulados para personas sordas. Posteriormente, con ayuda de Inclusi\u00f3n Activa Dos Hermanas, se han hecho <a href=\"https:\/\/www.dykinson.com\/autores\/pino-espejo-maria-jose-del\/56650\/\">adaptaciones a lectura f\u00e1cil<\/a>.<\/p>\n<p>La selecci\u00f3n de pensadoras incluye a Harriet Martineau, Anna Julia Cooper, Ida B. Wells, Charlotte Perkins Gilman, Beatrice Potter Webb, Marianne Schnither Weber, Jane Addams, as\u00ed como los grupos formados por las mujeres de la Escuela de Chicago y las precursoras de la Sociolog\u00eda andaluza. La muestra ha sido coordinada por Mar\u00eda Jos\u00e9 del Pino Espejo, investigadora del \u00c1rea de Sociolog\u00eda, y Jos\u00e9 Mar\u00eda Miura Andrades, investigador del \u00c1rea de Historia Medieval.<strong>\u00a0<\/strong><\/p>\n<figure id=\"attachment_30885773\" aria-describedby=\"caption-attachment-30885773\" style=\"width: 420px\" class=\"wp-caption alignright\"><a href=\"https:\/\/www.upo.es\/diario\/wp-content\/uploads\/2025\/03\/semana_historia05-1-scaled.jpg\"><img loading=\"lazy\" decoding=\"async\" class=\"size-medium wp-image-30885773\" src=\"https:\/\/www.upo.es\/diario\/wp-content\/uploads\/2025\/03\/semana_historia05-1-420x280.jpg\" alt=\"\" width=\"420\" height=\"280\" srcset=\"https:\/\/www.upo.es\/diario\/wp-content\/uploads\/2025\/03\/semana_historia05-1-420x280.jpg 420w, https:\/\/www.upo.es\/diario\/wp-content\/uploads\/2025\/03\/semana_historia05-1-750x500.jpg 750w, https:\/\/www.upo.es\/diario\/wp-content\/uploads\/2025\/03\/semana_historia05-1-768x512.jpg 768w, https:\/\/www.upo.es\/diario\/wp-content\/uploads\/2025\/03\/semana_historia05-1-1536x1024.jpg 1536w, https:\/\/www.upo.es\/diario\/wp-content\/uploads\/2025\/03\/semana_historia05-1-2048x1365.jpg 2048w, https:\/\/www.upo.es\/diario\/wp-content\/uploads\/2025\/03\/semana_historia05-1-165x109.jpg 165w, https:\/\/www.upo.es\/diario\/wp-content\/uploads\/2025\/03\/semana_historia05-1-1320x880.jpg 1320w\" sizes=\"auto, (max-width: 420px) 100vw, 420px\" \/><\/a><figcaption id=\"caption-attachment-30885773\" class=\"wp-caption-text\">Exposici\u00f3n \u2018Rolando 2:15 \u2013 2:45. 50 a\u00f1os de la primera masacre de ETA\u2019.<\/figcaption><\/figure>\n<p>Por otro lado, la exposici\u00f3n<strong> \u2018Rolando 2:15 \u2013 2:45. 50 a\u00f1os de la primera masacre de ETA\u2019, <\/strong>que coordina <strong>Juan Luis Mart\u00ednez de la Fuente<\/strong>, investigador del \u00c1rea de Historia Contempor\u00e1nea de la UPO, hace un recorrido por el primer gran atentado de la banda terrorista ETA en la Cafeter\u00eda Rolando, en Madrid, en septiembre de 1974. La exposici\u00f3n estar\u00e1 expuesta en la Biblioteca-CRAI hasta el 10 de abril y ser\u00e1 inaugurada en la tarde de hoy lunes 17 de marzo a las 18:00 horas, con las intervenciones de Juan Luis Mart\u00ednez; Ana Escauriaza, de la Universidad de Navarra y autora &#8211; junto a Gaizka Fer\u00e1ndez &#8211; del libro \u2018Dinamita, tuercas y mentiras: el atentado de la cafeter\u00eda Rolando\u2019; y Mar\u00eda Isabel Lobo, hija de Antonio Lobo, la primera v\u00edctima andaluza (de Villanueva del R\u00edo y Minas) y cliente de la cafeter\u00eda Rolando en el momento de la explosi\u00f3n.<\/p>\n<p>La 6\u00aa Semana de la Historia de la Universidad Pablo de Olavide ha sido\u00a0organizada por el<strong> Vicerrectorado de Investigaci\u00f3n, Transferencia y Doctorado, <\/strong>a trav\u00e9s de la<strong>\u00a0<\/strong><a href=\"https:\/\/www.upo.es\/otri\/\"><strong>Oficina de Transferencia de Resultados de Investigaci\u00f3n (OTRI),<\/strong><\/a><strong>\u00a0<\/strong>con la colaboraci\u00f3n del <strong>Decanato de la Facultad de Humanidades.<\/strong><strong>\u00a0<\/strong><\/p>\n<h3><strong>M\u00e1s informaci\u00f3n:<\/strong><\/h3>\n<p><a href=\"https:\/\/eventos.upo.es\/129751\/detail\/6o-semana-de-la-historia-de-la-universidad-pablo-de-olavide.html\">6\u00aa Semana de la Historia de la Universidad Pablo de Olavide<\/a><\/p>\n<p>&nbsp;<\/p>\n","protected":false},"excerpt":{"rendered":"<p>Con el objetivo resaltar la importancia de la historia y el patrimonio cultural, acercando a la sociedad el trabajo de quienes investigan en este campo, la Universidad Pablo de Olavide celebra del 17 al 21 de marzo, la 6\u00aa Semana de la Historia, una cita dedicada a la divulgaci\u00f3n cient\u00edfica bajo el lema \u2018Tanto por descubrir\u2019.<\/p>\n","protected":false},"author":2,"featured_media":30885770,"comment_status":"closed","ping_status":"open","sticky":false,"template":"","format":"standard","meta":{"_monsterinsights_skip_tracking":false,"_monsterinsights_sitenote_active":false,"_monsterinsights_sitenote_note":"","_monsterinsights_sitenote_category":0,"footnotes":""},"categories":[2779],"tags":[544,96,150,83,8297,95,7331],"class_list":["post-30885768","post","type-post","status-publish","format-standard","has-post-thumbnail","hentry","category-docencia-formacion","tag-conferencias","tag-facultad-de-humanidades","tag-historia","tag-otri","tag-semana-de-la-historia","tag-teatro","tag-vicerrectorado-de-investigacion"],"_links":{"self":[{"href":"https:\/\/www.upo.es\/diario\/wp-json\/wp\/v2\/posts\/30885768","targetHints":{"allow":["GET"]}}],"collection":[{"href":"https:\/\/www.upo.es\/diario\/wp-json\/wp\/v2\/posts"}],"about":[{"href":"https:\/\/www.upo.es\/diario\/wp-json\/wp\/v2\/types\/post"}],"author":[{"embeddable":true,"href":"https:\/\/www.upo.es\/diario\/wp-json\/wp\/v2\/users\/2"}],"replies":[{"embeddable":true,"href":"https:\/\/www.upo.es\/diario\/wp-json\/wp\/v2\/comments?post=30885768"}],"version-history":[{"count":2,"href":"https:\/\/www.upo.es\/diario\/wp-json\/wp\/v2\/posts\/30885768\/revisions"}],"predecessor-version":[{"id":30885774,"href":"https:\/\/www.upo.es\/diario\/wp-json\/wp\/v2\/posts\/30885768\/revisions\/30885774"}],"wp:featuredmedia":[{"embeddable":true,"href":"https:\/\/www.upo.es\/diario\/wp-json\/wp\/v2\/media\/30885770"}],"wp:attachment":[{"href":"https:\/\/www.upo.es\/diario\/wp-json\/wp\/v2\/media?parent=30885768"}],"wp:term":[{"taxonomy":"category","embeddable":true,"href":"https:\/\/www.upo.es\/diario\/wp-json\/wp\/v2\/categories?post=30885768"},{"taxonomy":"post_tag","embeddable":true,"href":"https:\/\/www.upo.es\/diario\/wp-json\/wp\/v2\/tags?post=30885768"}],"curies":[{"name":"wp","href":"https:\/\/api.w.org\/{rel}","templated":true}]}}