{"id":30885801,"date":"2025-03-17T15:05:05","date_gmt":"2025-03-17T14:05:05","guid":{"rendered":"https:\/\/www.upo.es\/diario\/?p=30885801"},"modified":"2025-03-18T15:14:06","modified_gmt":"2025-03-18T14:14:06","slug":"universidad-pablo-olavide-acerca-a-las-empresas-oferta-cientifica-tecnologica-en-el-foro-transfiere-2025","status":"publish","type":"post","link":"https:\/\/www.upo.es\/diario\/docencia-formacion\/2025\/03\/universidad-pablo-olavide-acerca-a-las-empresas-oferta-cientifica-tecnologica-en-el-foro-transfiere-2025\/","title":{"rendered":"La Universidad Pablo de Olavide acerca a las empresas su oferta cient\u00edfica y tecnol\u00f3gica en el Foro Transfiere 2025"},"content":{"rendered":"<figure id=\"attachment_30885802\" aria-describedby=\"caption-attachment-30885802\" style=\"width: 750px\" class=\"wp-caption aligncenter\"><a href=\"https:\/\/www.upo.es\/diario\/wp-content\/uploads\/2025\/03\/foro_transfiere01.jpg\"><img loading=\"lazy\" decoding=\"async\" class=\"wp-image-30885802 size-large\" src=\"https:\/\/www.upo.es\/diario\/wp-content\/uploads\/2025\/03\/foro_transfiere01-750x422.jpg\" alt=\"\" width=\"750\" height=\"422\" srcset=\"https:\/\/www.upo.es\/diario\/wp-content\/uploads\/2025\/03\/foro_transfiere01-750x422.jpg 750w, https:\/\/www.upo.es\/diario\/wp-content\/uploads\/2025\/03\/foro_transfiere01-420x236.jpg 420w, https:\/\/www.upo.es\/diario\/wp-content\/uploads\/2025\/03\/foro_transfiere01-768x432.jpg 768w, https:\/\/www.upo.es\/diario\/wp-content\/uploads\/2025\/03\/foro_transfiere01-1536x864.jpg 1536w, https:\/\/www.upo.es\/diario\/wp-content\/uploads\/2025\/03\/foro_transfiere01-1320x743.jpg 1320w, https:\/\/www.upo.es\/diario\/wp-content\/uploads\/2025\/03\/foro_transfiere01.jpg 1600w\" sizes=\"auto, (max-width: 750px) 100vw, 750px\" \/><\/a><figcaption id=\"caption-attachment-30885802\" class=\"wp-caption-text\">El investigador de la UPO Manuel J. Mu\u00f1oz Ruiz, ha participado en una de las mesas organizadas por la ROA.<\/figcaption><\/figure>\n<p>La Universidad Pablo de Olavide participa en la 14\u00aa edici\u00f3n de\u00a0<a href=\"https:\/\/transfiere.fycma.com\/\"><strong>Transfiere, Foro Europeo para la Ciencia, Tecnolog\u00eda e Innovaci\u00f3n,<\/strong><\/a>\u00a0 celebrado en el Palacio de Ferias y Congresos de M\u00e1laga. Se trata del principal encuentro de I+D+i del sur de Europa para compartir conocimiento cient\u00edfico y tecnol\u00f3gico, promover la innovaci\u00f3n y conectar ciencia y empresa.<\/p>\n<p>La decimocuarta edici\u00f3n de Transfiere cuenta con la participaci\u00f3n de m\u00e1s de 600 empresas, entidades y administraciones p\u00fablicas del ecosistema I+D+i a nivel internacional. Participan delegaciones procedentes de m\u00e1s de 30 pa\u00edses. En este sentido, el foro se ha convertido en el punto de encuentro para las pol\u00edticas territoriales de innovaci\u00f3n, congregando al 90 por ciento de las comunidades y ciudades aut\u00f3nomas del \u00e1mbito nacional. Adem\u00e1s, son m\u00e1s de 80 universidades nacionales e internacionales entre entidades acad\u00e9micas participantes e inscritas, y m\u00e1s de 100 organismos intermedios de la innovaci\u00f3n entre cl\u00fasteres, centros y plataformas tecnol\u00f3gicas, parques cient\u00edficos y tecnol\u00f3gicos, y las Infraestructuras Cient\u00edficas y T\u00e9cnicas Singulares (ICTS), entre otros.<\/p>\n<p><a href=\"https:\/\/www.upo.es\/diario\/wp-content\/uploads\/2025\/03\/foro_transfiere02.jpg\"><img loading=\"lazy\" decoding=\"async\" class=\"alignright size-medium wp-image-30885803\" src=\"https:\/\/www.upo.es\/diario\/wp-content\/uploads\/2025\/03\/foro_transfiere02-420x315.jpg\" alt=\"\" width=\"420\" height=\"315\" srcset=\"https:\/\/www.upo.es\/diario\/wp-content\/uploads\/2025\/03\/foro_transfiere02-420x315.jpg 420w, https:\/\/www.upo.es\/diario\/wp-content\/uploads\/2025\/03\/foro_transfiere02-700x525.jpg 700w, https:\/\/www.upo.es\/diario\/wp-content\/uploads\/2025\/03\/foro_transfiere02-768x576.jpg 768w, https:\/\/www.upo.es\/diario\/wp-content\/uploads\/2025\/03\/foro_transfiere02.jpg 1200w\" sizes=\"auto, (max-width: 420px) 100vw, 420px\" \/><\/a>La Universidad Pablo de Olavide est\u00e1 presente un a\u00f1o m\u00e1s promocionando la oferta cient\u00edfico-tecnol\u00f3gica de los grupos de investigaci\u00f3n, celebrando\u00a0<strong>encuentros y reuniones con entidades interesadas,<\/strong>\u00a0con el objetivo de lograr acuerdos de colaboraci\u00f3n en investigaci\u00f3n. As\u00ed, entidades como\u00a0<strong>Repsol<\/strong>,\u00a0<strong> Resaver, Arvor \u2013 Business, Tech &amp; Science, Bio4Health o Innova-IRV , <\/strong>entre otras, han mantenido reuniones con t\u00e9cnicos de transferencia e investigadores de la Universidad Pablo de Olavide con el fin de conocer las capacidades cient\u00edfico-tecnol\u00f3gicas de la universidad, de cara a futuros acuerdos de colaboraci\u00f3n.<\/p>\n<p>La participaci\u00f3n de la Universidad Pablo de Olavide en el Foro Transfiere ha sido coordinada por la\u00a0<a href=\"https:\/\/www.upo.es\/otri\/\"><strong>Oficina de Transferencia de Resultados de Investigaci\u00f3n (OTRI)<\/strong><\/a>. Desde la misma se trabaja en\u00a0<a href=\"https:\/\/www.upo.es\/upotec\/\">la identificaci\u00f3n y promoci\u00f3n del conocimiento cient\u00edfico-tecnol\u00f3gico con aplicabilidad pr\u00e1ctica<\/a>, con especial inter\u00e9s en aquellas soluciones capaces de solventar demandas y necesidades tecnol\u00f3gicas del entorno productivo.<\/p>\n<p>Adem\u00e1s, la OTRI de la Universidad Pablo de Olavide, como integrante de\u00a0<strong>la Red OTRI Andaluc\u00eda (ROA)<\/strong>, ha participado en la organizaci\u00f3n de mesas tem\u00e1ticas enfocadas a la promoci\u00f3n de la transferencia de conocimiento<strong>.\u00a0<\/strong>Las mesas han tratado diversos temas, la dedicada a los proyectos desarrollados en el marco de los Planes Complementarios, priorizados por la Junta de Andaluc\u00eda, ha estado <strong>moderadora por Rosario Jim\u00e9nez<\/strong>, la directora de la OTRI de la Olavide. Entre los invitados a la mesa ha estado <strong>Francisco Rodr\u00edguez Le\u00f3n<\/strong>, director t\u00e9cnico de ECU\u00d3RUM Servicios Ecosist\u00e9micos S.L, empresa que colabora en el proyecto AGROREG, coordinado por la \u00a0\u00a0Universidad Pablo de Olavide, su intervenci\u00f3n ha puesto de manifiesto los avances del proyecto en la mejora del funcionamiento y de la biodiversidad\u00a0 de los espacios adehesados gracias a un modelo la agricultura regenerativa,\u00a0\u00a0 desarrollado en el marco del proyecto AGROREG y que se est\u00e1 aplicando en diversas fincas de Andaluc\u00eda y Extremadura, con gran \u00e9xito. De otro lado, el investigador del \u00e1rea de Gen\u00e9tica de la Universidad Pablo de Olavide, <strong>Manuel J. Mu\u00f1oz Ruiz<\/strong>, ha participado en otra de las mesas organizadas por la ROA, la dedicada a las EBC y ha contado su experiencia en la creaci\u00f3n de la spin-off Olavide Neuron STX, SL.<\/p>\n<p><a href=\"https:\/\/www.upo.es\/diario\/wp-content\/uploads\/2025\/03\/foro_transfiere03.jpg\"><img loading=\"lazy\" decoding=\"async\" class=\"alignleft size-medium wp-image-30885804\" src=\"https:\/\/www.upo.es\/diario\/wp-content\/uploads\/2025\/03\/foro_transfiere03-420x236.jpg\" alt=\"\" width=\"420\" height=\"236\" srcset=\"https:\/\/www.upo.es\/diario\/wp-content\/uploads\/2025\/03\/foro_transfiere03-420x236.jpg 420w, https:\/\/www.upo.es\/diario\/wp-content\/uploads\/2025\/03\/foro_transfiere03-750x422.jpg 750w, https:\/\/www.upo.es\/diario\/wp-content\/uploads\/2025\/03\/foro_transfiere03-768x432.jpg 768w, https:\/\/www.upo.es\/diario\/wp-content\/uploads\/2025\/03\/foro_transfiere03-1536x864.jpg 1536w, https:\/\/www.upo.es\/diario\/wp-content\/uploads\/2025\/03\/foro_transfiere03-1320x743.jpg 1320w, https:\/\/www.upo.es\/diario\/wp-content\/uploads\/2025\/03\/foro_transfiere03.jpg 2000w\" sizes=\"auto, (max-width: 420px) 100vw, 420px\" \/><\/a>Transfiere 2025 ha contado este a\u00f1o con un nuevo Foro dedicado a las invenciones tecnol\u00f3gicas, el <strong>Espacio de Patentes<\/strong>, organizado por la Red OTRI Andaluc\u00eda, en colaboraci\u00f3n con la Oficina Espa\u00f1ola de Patentes y Marcas (OPEM). En este espacio, investigadores de distintas universidades y centros de investigaci\u00f3n han tenido la ocasi\u00f3n de dar a conocer a inversores y al p\u00fablico asistente, sus desarrollos tecnol\u00f3gicos patentados.<\/p>\n<p>Como parte de las actividades del Espacio de Patentes, coordinadas por la OEPM, se han organizado varias mesas redondas, el profesor del \u00e1rea de Filosof\u00eda del Derecho de la Universidad Pablo de Olavide, <strong>Manuel Jes\u00fas L\u00f3pez Baroni<\/strong>, ha intervenido en la mesa \u2018<strong><em>La Inteligencia Artificial como herramienta en los procesos de investigaci\u00f3n y patentes\u2019<\/em><\/strong>. donde ha aportado una interesante reflexi\u00f3n, desde la Filosof\u00eda del Derecho, sobre la aplicaci\u00f3n de la IA en el \u00e1mbito cient\u00edfico.<\/p>\n<p>Finalmente, tambi\u00e9n en un nuevo formato expositivo dispuesto en el espacio de la Junta de Andaluc\u00eda en Transfiere, <em>Andaluc\u00eda Knowledge<\/em>, <strong>Alfredo Garc\u00eda Hern\u00e1ndez<\/strong>, catedr\u00e1tico del \u00e1rea M\u00e9todos cuantitativos para la econom\u00eda y empresa, de la Universidad Pablo de Olavide, ha dado a conocer sus investigaciones sobre la optimizaci\u00f3n log\u00edstica a trav\u00e9s de algoritmos heur\u00edsticos, de gran impacto para la competitividad empresarial.<\/p>\n<p>Transfiere est\u00e1 organizado por el Ayuntamiento de M\u00e1laga; la Consejer\u00eda de Universidad, Investigaci\u00f3n e Innovaci\u00f3n de la Junta de Andaluc\u00eda, y el Ministerio de Ciencia, Innovaci\u00f3n y Universidades.<\/p>\n<p>Fuente: Oficina de Transferencia de Resultados de Investigaci\u00f3n (OTRI) de la Universidad Pablo de Olavide.<\/p>\n","protected":false},"excerpt":{"rendered":"<p>La Universidad Pablo de Olavide participa en la 14\u00aa edici\u00f3n de\u00a0Transfiere, Foro Europeo para la Ciencia, Tecnolog\u00eda e Innovaci\u00f3n,\u00a0 celebrado en el Palacio de Ferias y Congresos de M\u00e1laga. Se trata del principal encuentro de I+D+i del sur de Europa para compartir conocimiento cient\u00edfico y tecnol\u00f3gico, promover la innovaci\u00f3n y conectar ciencia y empresa.<\/p>\n","protected":false},"author":2,"featured_media":30885802,"comment_status":"closed","ping_status":"open","sticky":false,"template":"","format":"standard","meta":{"_monsterinsights_skip_tracking":false,"_monsterinsights_sitenote_active":false,"_monsterinsights_sitenote_note":"","_monsterinsights_sitenote_category":0,"footnotes":""},"categories":[2779],"tags":[5833,8075,1059,5498,8076,3074,83,5686,6799,2465],"class_list":["post-30885801","post","type-post","status-publish","format-standard","has-post-thumbnail","hentry","category-docencia-formacion","tag-ciencia","tag-consejeria-de-universidad","tag-empresas","tag-innovacion-tecnologica","tag-investigacion-e-innovacion","tag-malaga","tag-otri","tag-red-otri-andalucia","tag-transferencia-de-conocimiento","tag-transferencia-tecnologica"],"_links":{"self":[{"href":"https:\/\/www.upo.es\/diario\/wp-json\/wp\/v2\/posts\/30885801","targetHints":{"allow":["GET"]}}],"collection":[{"href":"https:\/\/www.upo.es\/diario\/wp-json\/wp\/v2\/posts"}],"about":[{"href":"https:\/\/www.upo.es\/diario\/wp-json\/wp\/v2\/types\/post"}],"author":[{"embeddable":true,"href":"https:\/\/www.upo.es\/diario\/wp-json\/wp\/v2\/users\/2"}],"replies":[{"embeddable":true,"href":"https:\/\/www.upo.es\/diario\/wp-json\/wp\/v2\/comments?post=30885801"}],"version-history":[{"count":2,"href":"https:\/\/www.upo.es\/diario\/wp-json\/wp\/v2\/posts\/30885801\/revisions"}],"predecessor-version":[{"id":30885806,"href":"https:\/\/www.upo.es\/diario\/wp-json\/wp\/v2\/posts\/30885801\/revisions\/30885806"}],"wp:featuredmedia":[{"embeddable":true,"href":"https:\/\/www.upo.es\/diario\/wp-json\/wp\/v2\/media\/30885802"}],"wp:attachment":[{"href":"https:\/\/www.upo.es\/diario\/wp-json\/wp\/v2\/media?parent=30885801"}],"wp:term":[{"taxonomy":"category","embeddable":true,"href":"https:\/\/www.upo.es\/diario\/wp-json\/wp\/v2\/categories?post=30885801"},{"taxonomy":"post_tag","embeddable":true,"href":"https:\/\/www.upo.es\/diario\/wp-json\/wp\/v2\/tags?post=30885801"}],"curies":[{"name":"wp","href":"https:\/\/api.w.org\/{rel}","templated":true}]}}