{"id":30885843,"date":"2025-03-20T10:22:10","date_gmt":"2025-03-20T09:22:10","guid":{"rendered":"https:\/\/www.upo.es\/diario\/?p=30885843"},"modified":"2025-03-20T11:46:36","modified_gmt":"2025-03-20T10:46:36","slug":"junta-y-rectores-cierran-un-acuerdo-de-financiacion-extraordinaria-del-sistema-publico-universitario-para-2025","status":"publish","type":"post","link":"https:\/\/www.upo.es\/diario\/institucional\/2025\/03\/junta-y-rectores-cierran-un-acuerdo-de-financiacion-extraordinaria-del-sistema-publico-universitario-para-2025\/","title":{"rendered":"Junta y rectores cierran un acuerdo de financiaci\u00f3n extraordinaria del sistema p\u00fablico universitario para 2025"},"content":{"rendered":"<p><a href=\"https:\/\/www.upo.es\/diario\/wp-content\/uploads\/2025\/03\/curso-academico-24-25-rectores-y-presidente-scaled.jpg\"><img loading=\"lazy\" decoding=\"async\" class=\"wp-image-30885844 size-large\" src=\"https:\/\/www.upo.es\/diario\/wp-content\/uploads\/2025\/03\/curso-academico-24-25-rectores-y-presidente-750x501.jpg\" alt=\"Universidades P\u00fablicas de Andaluc\u00eda\" width=\"750\" height=\"501\" srcset=\"https:\/\/www.upo.es\/diario\/wp-content\/uploads\/2025\/03\/curso-academico-24-25-rectores-y-presidente-750x501.jpg 750w, https:\/\/www.upo.es\/diario\/wp-content\/uploads\/2025\/03\/curso-academico-24-25-rectores-y-presidente-420x280.jpg 420w, https:\/\/www.upo.es\/diario\/wp-content\/uploads\/2025\/03\/curso-academico-24-25-rectores-y-presidente-768x513.jpg 768w, https:\/\/www.upo.es\/diario\/wp-content\/uploads\/2025\/03\/curso-academico-24-25-rectores-y-presidente-1536x1025.jpg 1536w, https:\/\/www.upo.es\/diario\/wp-content\/uploads\/2025\/03\/curso-academico-24-25-rectores-y-presidente-2048x1367.jpg 2048w, https:\/\/www.upo.es\/diario\/wp-content\/uploads\/2025\/03\/curso-academico-24-25-rectores-y-presidente-165x109.jpg 165w, https:\/\/www.upo.es\/diario\/wp-content\/uploads\/2025\/03\/curso-academico-24-25-rectores-y-presidente-1320x881.jpg 1320w\" sizes=\"auto, (max-width: 750px) 100vw, 750px\" \/><\/a><\/p>\n<p>La Junta de Andaluc\u00eda, a trav\u00e9s de la Consejer\u00eda de Universidad, Investigaci\u00f3n e Innovaci\u00f3n y de la Consejer\u00eda de Presidencia, Interior, Di\u00e1logo Social y Simplificaci\u00f3n Administrativa, y los rectores de las universidades p\u00fablicas andaluzas han alcanzado un <strong>acuerdo de financiaci\u00f3n extraordinaria para 2025 del sistema p\u00fablico universitario<\/strong>. Para ello se fija una cuant\u00eda equivalente al coste de aplicaci\u00f3n de lo convenido en materia de personal en la Mesa General de Negociaci\u00f3n de las Universidades P\u00fablicas Andaluzas, celebrada en junio de 2024 y donde se respald\u00f3 el pago tanto de los complementos auton\u00f3micos del Personal Docente e Investigador (PDI) como de los compromisos adquiridos con el Personal T\u00e9cnico de Gesti\u00f3n y de Administraci\u00f3n y Servicios (PTGAS).<\/p>\n<p>El c\u00e1lculo definitivo de esta financiaci\u00f3n ser\u00e1 auditado y verificado por las consejer\u00edas de Econom\u00eda, Hacienda y Fondos Europeos y de Universidad, Investigaci\u00f3n e Innovaci\u00f3n en base al ya acordado para determinar el crecimiento vegetativo de la plantilla universitaria de car\u00e1cter p\u00fablico.<\/p>\n<p>En virtud de este acuerdo, las universidades recibir\u00e1n a lo largo del presente a\u00f1o 2025, una cuant\u00eda equivalente al coste de aplicaci\u00f3n de los complementos auton\u00f3micos del PDI concedidos en la convocatoria de 2024, ajustados a los tramos efectivos. Tambi\u00e9n forma parte del acuerdo la transferencia correspondiente a la primera anualidad del pago de la carrera horizontal del PTGAS, una vez que \u00e9sta haya sido evaluada y cuantificada. A dicha cuant\u00eda se incorporar\u00e1, en las siguientes anualidades (2026 y 2027), la financiaci\u00f3n necesaria para cubrir los importes devengados de la aplicaci\u00f3n de los acuerdos correspondientes al a\u00f1o 2024.<\/p>\n<p>En lo que respecta al resto de cuestiones pendientes planteadas por los rectores y que afectan al sistema universitario, el acuerdo establece que deber\u00e1n ser tratadas en una comisi\u00f3n t\u00e9cnica de trabajo creada a tal efecto. Dicho \u00f3rgano tendr\u00e1 que constituirse y alcanzar un acuerdo durante este primer semestre del a\u00f1o con el objetivo de que estos aspectos queden solventados para el periodo que resta de aplicaci\u00f3n del modelo de financiaci\u00f3n universitaria, que estar\u00e1 vigente hasta 2027.<\/p>\n<p>Por otro lado, se convocar\u00e1 de forma inminente la Mesa General de Negociaci\u00f3n de las Universidades P\u00fablicas Andaluzas, en la que adem\u00e1s de los representantes de las universidades tambi\u00e9n est\u00e1n representadas las organizaciones sindicales, para explicar los pormenores del acuerdo.<\/p>\n<hr \/>\n<h3>Declaraciones de Francisco Oliva, portavoz de las Universidades P\u00fablicas de Andaluc\u00eda:<\/h3>\n<!--[if lt IE 9]><script>document.createElement('audio');<\/script><![endif]-->\n<audio class=\"wp-audio-shortcode\" id=\"audio-30885843-1\" preload=\"none\" style=\"width: 100%;\" controls=\"controls\"><source type=\"audio\/wav\" src=\"https:\/\/www.upo.es\/diario\/wp-content\/uploads\/2025\/03\/20.03.25_Paco-Oliva-Acuerdo-de-financiacion-extraordinaria-del-sistema-publico-universitario-para-2025-entre-Junta-y-Rectores-1.wav?_=1\" \/><a href=\"https:\/\/www.upo.es\/diario\/wp-content\/uploads\/2025\/03\/20.03.25_Paco-Oliva-Acuerdo-de-financiacion-extraordinaria-del-sistema-publico-universitario-para-2025-entre-Junta-y-Rectores-1.wav\">https:\/\/www.upo.es\/diario\/wp-content\/uploads\/2025\/03\/20.03.25_Paco-Oliva-Acuerdo-de-financiacion-extraordinaria-del-sistema-publico-universitario-para-2025-entre-Junta-y-Rectores-1.wav<\/a><\/audio>\n<p>Fuente: Universidades P\u00fablicas de Andaluc\u00eda (AUPA)<\/p>\n","protected":false},"excerpt":{"rendered":"<p>La Junta de Andaluc\u00eda, a trav\u00e9s de la Consejer\u00eda de Universidad, Investigaci\u00f3n e Innovaci\u00f3n y de la Consejer\u00eda de Presidencia, Interior, Di\u00e1logo Social y Simplificaci\u00f3n Administrativa, y los rectores de las universidades p\u00fablicas andaluzas han alcanzado un acuerdo de financiaci\u00f3n extraordinaria para 2025 del sistema p\u00fablico universitario<\/p>\n","protected":false},"author":4,"featured_media":30884666,"comment_status":"closed","ping_status":"open","sticky":false,"template":"","format":"standard","meta":{"_monsterinsights_skip_tracking":false,"_monsterinsights_sitenote_active":false,"_monsterinsights_sitenote_note":"","_monsterinsights_sitenote_category":0,"footnotes":""},"categories":[6],"tags":[700,2842,8868,8075,874,4021,203,8621,9052],"class_list":["post-30885843","post","type-post","status-publish","format-standard","has-post-thumbnail","hentry","category-institucional","tag-acuerdo","tag-aupa","tag-carrera-horizontal","tag-consejeria-de-universidad","tag-financiacion","tag-francisco-oliva-blazquez","tag-junta-de-andalucia","tag-portada","tag-universidades-publicas-de-andalucia"],"_links":{"self":[{"href":"https:\/\/www.upo.es\/diario\/wp-json\/wp\/v2\/posts\/30885843","targetHints":{"allow":["GET"]}}],"collection":[{"href":"https:\/\/www.upo.es\/diario\/wp-json\/wp\/v2\/posts"}],"about":[{"href":"https:\/\/www.upo.es\/diario\/wp-json\/wp\/v2\/types\/post"}],"author":[{"embeddable":true,"href":"https:\/\/www.upo.es\/diario\/wp-json\/wp\/v2\/users\/4"}],"replies":[{"embeddable":true,"href":"https:\/\/www.upo.es\/diario\/wp-json\/wp\/v2\/comments?post=30885843"}],"version-history":[{"count":5,"href":"https:\/\/www.upo.es\/diario\/wp-json\/wp\/v2\/posts\/30885843\/revisions"}],"predecessor-version":[{"id":30885850,"href":"https:\/\/www.upo.es\/diario\/wp-json\/wp\/v2\/posts\/30885843\/revisions\/30885850"}],"wp:featuredmedia":[{"embeddable":true,"href":"https:\/\/www.upo.es\/diario\/wp-json\/wp\/v2\/media\/30884666"}],"wp:attachment":[{"href":"https:\/\/www.upo.es\/diario\/wp-json\/wp\/v2\/media?parent=30885843"}],"wp:term":[{"taxonomy":"category","embeddable":true,"href":"https:\/\/www.upo.es\/diario\/wp-json\/wp\/v2\/categories?post=30885843"},{"taxonomy":"post_tag","embeddable":true,"href":"https:\/\/www.upo.es\/diario\/wp-json\/wp\/v2\/tags?post=30885843"}],"curies":[{"name":"wp","href":"https:\/\/api.w.org\/{rel}","templated":true}]}}