{"id":30885851,"date":"2025-03-20T13:01:25","date_gmt":"2025-03-20T12:01:25","guid":{"rendered":"https:\/\/www.upo.es\/diario\/?p=30885851"},"modified":"2025-03-26T14:50:14","modified_gmt":"2025-03-26T13:50:14","slug":"universidad-pablo-olavide-presenta-nueva-app-movil-mejorar-conexion-accesibilidad-comunidad-universitaria","status":"publish","type":"post","link":"https:\/\/www.upo.es\/diario\/institucional\/2025\/03\/universidad-pablo-olavide-presenta-nueva-app-movil-mejorar-conexion-accesibilidad-comunidad-universitaria\/","title":{"rendered":"La Universidad Pablo de Olavide presenta su nueva App m\u00f3vil para mejorar la conexi\u00f3n y accesibilidad de la comunidad universitaria"},"content":{"rendered":"<figure id=\"attachment_30885852\" aria-describedby=\"caption-attachment-30885852\" style=\"width: 750px\" class=\"wp-caption aligncenter\"><a href=\"https:\/\/www.upo.es\/diario\/wp-content\/uploads\/2025\/03\/presentacion_app-1-scaled.jpg\"><img loading=\"lazy\" decoding=\"async\" class=\"size-large wp-image-30885852\" src=\"https:\/\/www.upo.es\/diario\/wp-content\/uploads\/2025\/03\/presentacion_app-1-750x500.jpg\" alt=\"\" width=\"750\" height=\"500\" srcset=\"https:\/\/www.upo.es\/diario\/wp-content\/uploads\/2025\/03\/presentacion_app-1-750x500.jpg 750w, https:\/\/www.upo.es\/diario\/wp-content\/uploads\/2025\/03\/presentacion_app-1-420x280.jpg 420w, https:\/\/www.upo.es\/diario\/wp-content\/uploads\/2025\/03\/presentacion_app-1-768x512.jpg 768w, https:\/\/www.upo.es\/diario\/wp-content\/uploads\/2025\/03\/presentacion_app-1-1536x1024.jpg 1536w, https:\/\/www.upo.es\/diario\/wp-content\/uploads\/2025\/03\/presentacion_app-1-2048x1365.jpg 2048w, https:\/\/www.upo.es\/diario\/wp-content\/uploads\/2025\/03\/presentacion_app-1-165x109.jpg 165w, https:\/\/www.upo.es\/diario\/wp-content\/uploads\/2025\/03\/presentacion_app-1-1320x880.jpg 1320w\" sizes=\"auto, (max-width: 750px) 100vw, 750px\" \/><\/a><figcaption id=\"caption-attachment-30885852\" class=\"wp-caption-text\">El rector Francisco Oliva Bl\u00e1zquez junto al vicerrector de de Transformaci\u00f3n Digital Ra\u00fal Gir\u00e1ldez Rojo.<\/figcaption><\/figure>\n<p>La Universidad Pablo de Olavide ha presentado su <strong>nueva aplicaci\u00f3n m\u00f3vil<\/strong>, un innovador canal interactivo que tiene como objetivo facilitar la conexi\u00f3n entre su comunidad universitaria \u2013 <strong>estudiantes<\/strong>, <strong>personal docente e investigador<\/strong> (PDI) y <strong>personal t\u00e9cnico, de gesti\u00f3n y de administraci\u00f3n y servicios <\/strong>(PTGAS) \u2013 y los distintos servicios de la universidad.<\/p>\n<p>El rector de la UPO <strong>Francisco Oliva Bl\u00e1zquez<\/strong>, ha destacado que \u201cesta aplicaci\u00f3n representa un paso m\u00e1s en el compromiso de la UPO por avanzar hacia una universidad digital, ofreciendo a nuestra comunidad un acceso \u00e1gil y sencillo a los servicios universitarios y facilitando una comunicaci\u00f3n m\u00e1s directa e instant\u00e1nea\u201d.<\/p>\n<h3><strong><a href=\"https:\/\/www.upo.es\/diario\/wp-content\/uploads\/2025\/03\/Cartel-V.2-Infografia-descarga-appUPO-29-scaled.jpg\"><img loading=\"lazy\" decoding=\"async\" class=\"alignright size-medium wp-image-30885857\" src=\"https:\/\/www.upo.es\/diario\/wp-content\/uploads\/2025\/03\/Cartel-V.2-Infografia-descarga-appUPO-29-297x420.jpg\" alt=\"\" width=\"297\" height=\"420\" srcset=\"https:\/\/www.upo.es\/diario\/wp-content\/uploads\/2025\/03\/Cartel-V.2-Infografia-descarga-appUPO-29-297x420.jpg 297w, https:\/\/www.upo.es\/diario\/wp-content\/uploads\/2025\/03\/Cartel-V.2-Infografia-descarga-appUPO-29-371x525.jpg 371w, https:\/\/www.upo.es\/diario\/wp-content\/uploads\/2025\/03\/Cartel-V.2-Infografia-descarga-appUPO-29-768x1086.jpg 768w, https:\/\/www.upo.es\/diario\/wp-content\/uploads\/2025\/03\/Cartel-V.2-Infografia-descarga-appUPO-29-1086x1536.jpg 1086w, https:\/\/www.upo.es\/diario\/wp-content\/uploads\/2025\/03\/Cartel-V.2-Infografia-descarga-appUPO-29-1448x2048.jpg 1448w, https:\/\/www.upo.es\/diario\/wp-content\/uploads\/2025\/03\/Cartel-V.2-Infografia-descarga-appUPO-29-1320x1867.jpg 1320w, https:\/\/www.upo.es\/diario\/wp-content\/uploads\/2025\/03\/Cartel-V.2-Infografia-descarga-appUPO-29-scaled.jpg 1810w\" sizes=\"auto, (max-width: 297px) 100vw, 297px\" \/><\/a>Un avance clave en el Plan de Transformaci\u00f3n Digital<\/strong><\/h3>\n<p>\u201cLa nueva APP de la UPO marca un hito muy significativo en la culminaci\u00f3n del Plan de Transformaci\u00f3n Digital de nuestra universidad\u201d, afirma <strong>Ra\u00fal Gir\u00e1ldez Rojo<\/strong>, vicerrector de Transformaci\u00f3n Digital, quien destaca su utilidad como canal de comunicaci\u00f3n e interacci\u00f3n entre la UPO y su comunidad universitaria, respondiendo as\u00ed a una \u201cdemanda ampliamente expresada, especialmente por el estudiantado\u201d. \u201cNuestra intenci\u00f3n es seguir evolucionando la aplicaci\u00f3n, adapt\u00e1ndola a las nuevas necesidades que vayan surgiendo dentro de nuestras posibilidades y siempre con el compromiso de mejorar la experiencia digital de nuestra comunidad\u201d, declara el vicerrector.<\/p>\n<h3><strong>Funcionalidades clave de la nueva App UPO<\/strong><\/h3>\n<p>La nueva App UPO est\u00e1 disponible para dispositivos Android e iOS y ofrece un dise\u00f1o intuitivo que permite a los usuarios acceder f\u00e1cilmente a informaci\u00f3n acad\u00e9mica como expedientes, horarios, matr\u00edcula y aula virtual. Adem\u00e1s, la aplicaci\u00f3n incluye un acceso directo a servicios como la reserva de espacios en la Biblioteca, consulta bibliogr\u00e1fica y notificaciones institucionales.<\/p>\n<p>El desarrollo de esta aplicaci\u00f3n es fruto de la participaci\u00f3n de la Universidad Pablo de Olavide en el <strong>proyecto AppCRUE<\/strong>, y con el trabajo del Centro de Inform\u00e1tica y Comunicaciones. Ejemplo claro de c\u00f3mo la digitalizaci\u00f3n puede mejorar la experiencia universitaria, la nueva app est\u00e1 dise\u00f1ada para evolucionar constantemente, adapt\u00e1ndose a las necesidades de la comunidad universitaria y proporcionando acceso a recursos y servicios de manera <strong>personalizada <\/strong>seg\u00fan el perfil del usuario.<\/p>\n<p>Una de las funcionalidades m\u00e1s destacadas de la nueva aplicaci\u00f3n es la <strong>Tarjeta Universitaria Inteligente<\/strong> (TUI), que reemplaza al carn\u00e9 f\u00edsico tradicional, permitiendo a los usuarios acceder a servicios de manera digital. En el futuro cercano, la UPO integrar\u00e1 tambi\u00e9n la versi\u00f3n digital de la Tarjeta Europea de Estudiante (ESC), facilitando a\u00fan m\u00e1s la conexi\u00f3n con otras instituciones europeas.<\/p>\n<h3><strong>Una app para futuros estudiantes y comunidad universitaria<\/strong><\/h3>\n<p>La aplicaci\u00f3n tambi\u00e9n ofrece una <strong>secci\u00f3n p\u00fablica<\/strong> orientada a futuros estudiantes y a cualquier persona interesada en conocer la vida universitaria y las actividades de la UPO. Desde esta secci\u00f3n, se puede acceder a informaci\u00f3n sobre la oferta acad\u00e9mica, servicios de la Biblioteca, o noticias, entre otras.<\/p>\n<p>En el plano institucional, el sistema de notificaciones de la App se convierte en un <strong>canal de comunicaci\u00f3n oficial e instant\u00e1neo<\/strong> para la universidad, \u00fatil en situaciones de emergencia o para compartir informaci\u00f3n relevante con la comunidad universitaria.<\/p>\n<p>Con esta nueva herramienta, la Universidad Pablo de Olavide refuerza su compromiso con la innovaci\u00f3n tecnol\u00f3gica y con la mejora continua de los servicios que ofrece a su comunidad.<\/p>\n<h3><strong><u>M\u00e1s informaci\u00f3n<\/u><\/strong><strong>:<\/strong><\/h3>\n<p><a href=\"https:\/\/www.upo.es\/upoapp-info\/\">https:\/\/www.upo.es\/upoapp-info\/<\/a><\/p>\n<p><strong>\u00a0<\/strong><\/p>\n<p style=\"text-align: center;\"><strong>Descarga la APP<\/strong><strong>:<\/strong><\/p>\n<p><a href=\"https:\/\/www.upo.es\/diario\/wp-content\/uploads\/2025\/03\/qr-UPO.png\"><img loading=\"lazy\" decoding=\"async\" class=\"aligncenter wp-image-30885856 size-thumbnail\" src=\"https:\/\/www.upo.es\/diario\/wp-content\/uploads\/2025\/03\/qr-UPO-300x300.png\" alt=\"\" width=\"300\" height=\"300\" srcset=\"https:\/\/www.upo.es\/diario\/wp-content\/uploads\/2025\/03\/qr-UPO-300x300.png 300w, https:\/\/www.upo.es\/diario\/wp-content\/uploads\/2025\/03\/qr-UPO-420x420.png 420w, https:\/\/www.upo.es\/diario\/wp-content\/uploads\/2025\/03\/qr-UPO-525x525.png 525w, https:\/\/www.upo.es\/diario\/wp-content\/uploads\/2025\/03\/qr-UPO-768x768.png 768w, https:\/\/www.upo.es\/diario\/wp-content\/uploads\/2025\/03\/qr-UPO.png 1166w\" sizes=\"auto, (max-width: 300px) 100vw, 300px\" \/><\/a><\/p>\n<p>&nbsp;<\/p>\n","protected":false},"excerpt":{"rendered":"<p>La Universidad Pablo de Olavide ha presentado su nueva aplicaci\u00f3n m\u00f3vil, un innovador canal interactivo que tiene como objetivo facilitar la conexi\u00f3n entre su comunidad universitaria \u2013 estudiantes, personal docente e investigador (PDI) y personal t\u00e9cnico, de gesti\u00f3n y de administraci\u00f3n y servicios (PTGAS) \u2013 y los distintos servicios de la universidad.<\/p>\n","protected":false},"author":2,"featured_media":30885857,"comment_status":"closed","ping_status":"open","sticky":false,"template":"","format":"standard","meta":{"_monsterinsights_skip_tracking":false,"_monsterinsights_sitenote_active":false,"_monsterinsights_sitenote_note":"","_monsterinsights_sitenote_category":0,"footnotes":""},"categories":[6],"tags":[9127,9128,2623,7381,1032,9129,5688],"class_list":["post-30885851","post","type-post","status-publish","format-standard","has-post-thumbnail","hentry","category-institucional","tag-aplicacion-movil","tag-app-upo","tag-comunidad-universitaria","tag-francisco-oliva","tag-raul-giraldez","tag-tarjeta-universitaria-inteligente","tag-transformacion-digital"],"_links":{"self":[{"href":"https:\/\/www.upo.es\/diario\/wp-json\/wp\/v2\/posts\/30885851","targetHints":{"allow":["GET"]}}],"collection":[{"href":"https:\/\/www.upo.es\/diario\/wp-json\/wp\/v2\/posts"}],"about":[{"href":"https:\/\/www.upo.es\/diario\/wp-json\/wp\/v2\/types\/post"}],"author":[{"embeddable":true,"href":"https:\/\/www.upo.es\/diario\/wp-json\/wp\/v2\/users\/2"}],"replies":[{"embeddable":true,"href":"https:\/\/www.upo.es\/diario\/wp-json\/wp\/v2\/comments?post=30885851"}],"version-history":[{"count":5,"href":"https:\/\/www.upo.es\/diario\/wp-json\/wp\/v2\/posts\/30885851\/revisions"}],"predecessor-version":[{"id":30885861,"href":"https:\/\/www.upo.es\/diario\/wp-json\/wp\/v2\/posts\/30885851\/revisions\/30885861"}],"wp:featuredmedia":[{"embeddable":true,"href":"https:\/\/www.upo.es\/diario\/wp-json\/wp\/v2\/media\/30885857"}],"wp:attachment":[{"href":"https:\/\/www.upo.es\/diario\/wp-json\/wp\/v2\/media?parent=30885851"}],"wp:term":[{"taxonomy":"category","embeddable":true,"href":"https:\/\/www.upo.es\/diario\/wp-json\/wp\/v2\/categories?post=30885851"},{"taxonomy":"post_tag","embeddable":true,"href":"https:\/\/www.upo.es\/diario\/wp-json\/wp\/v2\/tags?post=30885851"}],"curies":[{"name":"wp","href":"https:\/\/api.w.org\/{rel}","templated":true}]}}