{"id":30885869,"date":"2025-03-20T14:34:32","date_gmt":"2025-03-20T13:34:32","guid":{"rendered":"https:\/\/www.upo.es\/diario\/?p=30885869"},"modified":"2025-03-26T14:50:13","modified_gmt":"2025-03-26T13:50:13","slug":"la-upo-y-el-colegio-oficial-de-ingenieros-tecnicos-agricolas-de-andalucia-occidental-apuestan-por-las-microcredenciales","status":"publish","type":"post","link":"https:\/\/www.upo.es\/diario\/institucional\/2025\/03\/la-upo-y-el-colegio-oficial-de-ingenieros-tecnicos-agricolas-de-andalucia-occidental-apuestan-por-las-microcredenciales\/","title":{"rendered":"La UPO y el Colegio Oficial de Ingenieros T\u00e9cnicos Agr\u00edcolas de Andaluc\u00eda Occidental apuestan por las microcredenciales"},"content":{"rendered":"<p><a href=\"https:\/\/www.upo.es\/diario\/wp-content\/uploads\/2025\/03\/Conve-COITAND-1-scaled.jpg\"><img loading=\"lazy\" decoding=\"async\" class=\"aligncenter size-large wp-image-30885870\" src=\"https:\/\/www.upo.es\/diario\/wp-content\/uploads\/2025\/03\/Conve-COITAND-1-750x500.jpg\" alt=\"\" width=\"750\" height=\"500\" srcset=\"https:\/\/www.upo.es\/diario\/wp-content\/uploads\/2025\/03\/Conve-COITAND-1-750x500.jpg 750w, https:\/\/www.upo.es\/diario\/wp-content\/uploads\/2025\/03\/Conve-COITAND-1-420x280.jpg 420w, https:\/\/www.upo.es\/diario\/wp-content\/uploads\/2025\/03\/Conve-COITAND-1-768x512.jpg 768w, https:\/\/www.upo.es\/diario\/wp-content\/uploads\/2025\/03\/Conve-COITAND-1-1536x1024.jpg 1536w, https:\/\/www.upo.es\/diario\/wp-content\/uploads\/2025\/03\/Conve-COITAND-1-2048x1365.jpg 2048w, https:\/\/www.upo.es\/diario\/wp-content\/uploads\/2025\/03\/Conve-COITAND-1-165x109.jpg 165w, https:\/\/www.upo.es\/diario\/wp-content\/uploads\/2025\/03\/Conve-COITAND-1-1320x880.jpg 1320w\" sizes=\"auto, (max-width: 750px) 100vw, 750px\" \/><\/a>La Universidad Pablo de Olavide y el Colegio Oficial de Ingenieros T\u00e9cnicos Agr\u00edcolas de Andaluc\u00eda Occidental (COITAND) han firmado un convenio de colaboraci\u00f3n espec\u00edfico mediante el cual <strong>ambas entidades a\u00fanan fuerzas para la impartici\u00f3n conjunta de microcredenciales, un nuevo formato de formaci\u00f3n especializada que permite, en un breve periodo de tiempo, la adquisici\u00f3n espec\u00edfica de capacidades y competencias adaptadas a las necesidades del mercado laboral actual<\/strong>.<\/p>\n<p>El acto de firma, a cargo del rector de la Universidad Pablo de Olavide, <strong>Francisco Oliva Bl\u00e1zquez<\/strong> y del presidente de COITAND,<strong> Carlos Le\u00f3n Garrido<\/strong>, ha contado con la presencia de la vicerrectora de Relaciones Institucionales, Formaci\u00f3n Permanente y Fundaciones, <strong>Laura L\u00f3pez de la Cruz<\/strong> y la Responsable del Departamento de Formaci\u00f3n y Empleo del colegio, <strong>Sandra Jord\u00e1n Pi\u00f1ar<\/strong>.<\/p>\n<figure id=\"attachment_30885871\" aria-describedby=\"caption-attachment-30885871\" style=\"width: 420px\" class=\"wp-caption alignright\"><a href=\"https:\/\/www.upo.es\/diario\/wp-content\/uploads\/2025\/03\/Conve-COITAND-2-scaled.jpg\"><img loading=\"lazy\" decoding=\"async\" class=\"size-medium wp-image-30885871\" src=\"https:\/\/www.upo.es\/diario\/wp-content\/uploads\/2025\/03\/Conve-COITAND-2-420x280.jpg\" alt=\"Francisco Oliva y Carlos Le\u00f3n Garrido\" width=\"420\" height=\"280\" srcset=\"https:\/\/www.upo.es\/diario\/wp-content\/uploads\/2025\/03\/Conve-COITAND-2-420x280.jpg 420w, https:\/\/www.upo.es\/diario\/wp-content\/uploads\/2025\/03\/Conve-COITAND-2-750x500.jpg 750w, https:\/\/www.upo.es\/diario\/wp-content\/uploads\/2025\/03\/Conve-COITAND-2-768x512.jpg 768w, https:\/\/www.upo.es\/diario\/wp-content\/uploads\/2025\/03\/Conve-COITAND-2-1536x1024.jpg 1536w, https:\/\/www.upo.es\/diario\/wp-content\/uploads\/2025\/03\/Conve-COITAND-2-2048x1365.jpg 2048w, https:\/\/www.upo.es\/diario\/wp-content\/uploads\/2025\/03\/Conve-COITAND-2-165x109.jpg 165w, https:\/\/www.upo.es\/diario\/wp-content\/uploads\/2025\/03\/Conve-COITAND-2-1320x880.jpg 1320w\" sizes=\"auto, (max-width: 420px) 100vw, 420px\" \/><\/a><figcaption id=\"caption-attachment-30885871\" class=\"wp-caption-text\">Francisco Oliva y Carlos Le\u00f3n Garrido<\/figcaption><\/figure>\n<p>Durante el acto, el rector ha agradecido en primer lugar la confianza que el colegio ha depositado en la universidad y manifestado la puesta en valor de las microcredenciales porque permiten abrir la universidad y conocer las necesidades generales que tienen los profesionales de los diferentes sectores en la actualidad. <strong>Oliva ha se\u00f1alado tambi\u00e9n que \u201clas microcredenciales son una aut\u00e9ntica oportunidad para demostrar que las universidades estamos preocupadas por lo que ocurre en la sociedad y respondemos a las necesidades del sector empresarial\u201d<\/strong>.<\/p>\n<p>Por su parte, el presidente del COITAND ha remarcado la necesidad de formaci\u00f3n y recualificaci\u00f3n que tienen sus colegiados y la importancia de poder ofrecer esta formaci\u00f3n a trav\u00e9s de las microcredenciales, una formaci\u00f3n avalada \u201cpor la calidad que caracteriza a Universidad Pablo de Olavide\u201d. Adem\u00e1s, Le\u00f3n ha a\u00f1adido que espera que el convenio sea de larga duraci\u00f3n y que con \u00e9l \u201cse puedan formar muchos de nuestros colegiados\u201d.<\/p>\n<p>Inicialmente la oferta formativa de microcredenciales para el sector de la ingenier\u00eda t\u00e9cnica agr\u00edcola puesta en marcha por ambas entidades incluye cuatro cursos:<strong> \u2018Aplicador de productos fitosanitarios con drones\u2019, \u2018T\u00e9cnico de calidad en la industria agroalimentaria y auditor interno (IFS, BRCGS y GLOBAL G.A.P\u2019, \u2018Ley de expropiaci\u00f3n forzosa, ley de suelo y valoraci\u00f3n\u2019, y \u2018Generaci\u00f3n y validaci\u00f3n de GML en Catastro: integraci\u00f3n SIG-CAD\u2019<\/strong>.<\/p>\n<p>Esta oferta formativa, que comenzar\u00e1 de manera progresiva en los pr\u00f3ximos meses, incluye t\u00edtulos que se impartir\u00e1n de manera presencial y programas que se desarrollar\u00e1n completamente online para ofrecer a su alumnado la posibilidad de realizar los cursos a su propio ritmo y compaginando la formaci\u00f3n con la vida laboral y personal de los profesionales del sector.<\/p>\n<p>Adem\u00e1s, y gracias al convenio de colaboraci\u00f3n suscrito entre ambas entidades las <strong>personas colegiadas que accedan a estas formaciones tendr\u00e1n un descuento aplicado en la matr\u00edcula de cada uno de estos t\u00edtulos<\/strong>, facilitando de esta manera la posibilidad a los colegiados y colegiadas de acceder a la formaci\u00f3n especializada.<\/p>\n<p>El Colegio Oficial de Ingenieros T\u00e9cnicos Agr\u00edcolas tiene entre sus fines agrupar a los profesionales de la Ingenier\u00eda T\u00e9cnica Agr\u00edcola, y fomenta la formaci\u00f3n y adaptaci\u00f3n de estos profesionales a las nuevas necesidades t\u00e9cnicas que demanda la industria agroalimentaria, \u00e1reas verdes, ganader\u00eda y agricultura en general.<\/p>\n<p>M\u00e1s informaci\u00f3n: <a href=\"https:\/\/www.upo.es\/formacionpermanente\/microcredenciales-junto-a-coitand\/\">Microcredenciales de la Universidad Pablo de Olavide y el Colegio Oficial de Ingenieros T\u00e9cnicos Agr\u00edcolas de Andaluc\u00eda Occidental<\/a><\/p>\n<p>Fuente: Fundaci\u00f3n Universidad Pablo de Olavide<\/p>\n","protected":false},"excerpt":{"rendered":"<p>La Universidad Pablo de Olavide y el Colegio Oficial de Ingenieros T\u00e9cnicos Agr\u00edcolas de Andaluc\u00eda Occidental (COITAND) han firmado un convenio de colaboraci\u00f3n espec\u00edfico mediante el cual ambas entidades a\u00fanan fuerzas para la impartici\u00f3n conjunta de microcredenciales, un nuevo formato de formaci\u00f3n especializada que permite, en un breve periodo de tiempo, la adquisici\u00f3n espec\u00edfica de capacidades y competencias adaptadas a las necesidades del mercado laboral actual.<\/p>\n","protected":false},"author":6,"featured_media":30885871,"comment_status":"closed","ping_status":"open","sticky":false,"template":"","format":"standard","meta":{"_monsterinsights_skip_tracking":false,"_monsterinsights_sitenote_active":false,"_monsterinsights_sitenote_note":"","_monsterinsights_sitenote_category":0,"footnotes":""},"categories":[6],"tags":[326,328,4021,2474,9130,1648,7800,38],"class_list":["post-30885869","post","type-post","status-publish","format-standard","has-post-thumbnail","hentry","category-institucional","tag-convenio","tag-formacion-permanente","tag-francisco-oliva-blazquez","tag-fundacion-universidad-pablo-de-olavide","tag-ingenieria-agricola","tag-laura-lopez-de-la-cruz","tag-microcredenciales","tag-rector"],"_links":{"self":[{"href":"https:\/\/www.upo.es\/diario\/wp-json\/wp\/v2\/posts\/30885869","targetHints":{"allow":["GET"]}}],"collection":[{"href":"https:\/\/www.upo.es\/diario\/wp-json\/wp\/v2\/posts"}],"about":[{"href":"https:\/\/www.upo.es\/diario\/wp-json\/wp\/v2\/types\/post"}],"author":[{"embeddable":true,"href":"https:\/\/www.upo.es\/diario\/wp-json\/wp\/v2\/users\/6"}],"replies":[{"embeddable":true,"href":"https:\/\/www.upo.es\/diario\/wp-json\/wp\/v2\/comments?post=30885869"}],"version-history":[{"count":1,"href":"https:\/\/www.upo.es\/diario\/wp-json\/wp\/v2\/posts\/30885869\/revisions"}],"predecessor-version":[{"id":30885872,"href":"https:\/\/www.upo.es\/diario\/wp-json\/wp\/v2\/posts\/30885869\/revisions\/30885872"}],"wp:featuredmedia":[{"embeddable":true,"href":"https:\/\/www.upo.es\/diario\/wp-json\/wp\/v2\/media\/30885871"}],"wp:attachment":[{"href":"https:\/\/www.upo.es\/diario\/wp-json\/wp\/v2\/media?parent=30885869"}],"wp:term":[{"taxonomy":"category","embeddable":true,"href":"https:\/\/www.upo.es\/diario\/wp-json\/wp\/v2\/categories?post=30885869"},{"taxonomy":"post_tag","embeddable":true,"href":"https:\/\/www.upo.es\/diario\/wp-json\/wp\/v2\/tags?post=30885869"}],"curies":[{"name":"wp","href":"https:\/\/api.w.org\/{rel}","templated":true}]}}