{"id":30885885,"date":"2025-03-21T10:52:21","date_gmt":"2025-03-21T09:52:21","guid":{"rendered":"https:\/\/www.upo.es\/diario\/?p=30885885"},"modified":"2025-03-24T16:14:56","modified_gmt":"2025-03-24T15:14:56","slug":"cerca-de-1500-estudiantes-visitan-la-upo-en-el-marco-del-xxvii-festival-juvenil-europeo-de-teatro-grecolatino","status":"publish","type":"post","link":"https:\/\/www.upo.es\/diario\/comunidad\/2025\/03\/cerca-de-1500-estudiantes-visitan-la-upo-en-el-marco-del-xxvii-festival-juvenil-europeo-de-teatro-grecolatino\/","title":{"rendered":"Cerca de 1500 estudiantes visitan la UPO en el marco del XXVII Festival Juvenil Europeo de Teatro Grecolatino"},"content":{"rendered":"<figure id=\"attachment_30885886\" aria-describedby=\"caption-attachment-30885886\" style=\"width: 750px\" class=\"wp-caption aligncenter\"><a href=\"https:\/\/www.upo.es\/diario\/wp-content\/uploads\/2025\/03\/984-030-scaled.jpg\"><img loading=\"lazy\" decoding=\"async\" class=\"size-large wp-image-30885886\" src=\"https:\/\/www.upo.es\/diario\/wp-content\/uploads\/2025\/03\/984-030-750x500.jpg\" alt=\"\" width=\"750\" height=\"500\" srcset=\"https:\/\/www.upo.es\/diario\/wp-content\/uploads\/2025\/03\/984-030-750x500.jpg 750w, https:\/\/www.upo.es\/diario\/wp-content\/uploads\/2025\/03\/984-030-420x280.jpg 420w, https:\/\/www.upo.es\/diario\/wp-content\/uploads\/2025\/03\/984-030-768x512.jpg 768w, https:\/\/www.upo.es\/diario\/wp-content\/uploads\/2025\/03\/984-030-1536x1024.jpg 1536w, https:\/\/www.upo.es\/diario\/wp-content\/uploads\/2025\/03\/984-030-2048x1366.jpg 2048w, https:\/\/www.upo.es\/diario\/wp-content\/uploads\/2025\/03\/984-030-165x109.jpg 165w, https:\/\/www.upo.es\/diario\/wp-content\/uploads\/2025\/03\/984-030-1320x880.jpg 1320w\" sizes=\"auto, (max-width: 750px) 100vw, 750px\" \/><\/a><figcaption id=\"caption-attachment-30885886\" class=\"wp-caption-text\">Furor Bacchicus Teatro durante la representaci\u00f3n de &#8216;La asamblea de las mujeres&#8217;. Foto: Guillermo Mendo<\/figcaption><\/figure>\n<p>La compa\u00f1\u00eda de teatro grecolatino de la Facultad de Humanidades, <strong>Furor Bacchicus Teatro<\/strong>, ha participado como grupo invitado en el <strong>XXVII Festival Juvenil Europeo de Teatro Grecolatino<\/strong>, organizado por la asociaci\u00f3n Summa Cavea.<\/p>\n<p>Este festival, que se celebra de manera anual en el <strong>Teatro Romano de It\u00e1lica<\/strong> y que est\u00e1 destinado a estudiantado joven, ha celebrado la edici\u00f3n de este a\u00f1o los d\u00edas 19 y 20 de marzo y ha contado, adem\u00e1s, con la participaci\u00f3n de los grupos Balbo Teatro (El Puerto de Santa Mar\u00eda, C\u00e1diz), Summa Cavea (IES Fuente Nueva, Mor\u00f3n de la Frontera, Sevilla) y Thiasos de la Universidad de Coimbra (Portugal).<\/p>\n<p>Por razones meteorol\u00f3gicas, la segunda jornada (el 20 de marzo) se ha celebrado en el Paraninfo de la Universidad Pablo de Olavide, en virtud de un convenio de colaboraci\u00f3n entre la UPO y los organizadores.<\/p>\n<p>Furor Bacchicus ha participado con la comedia de Arist\u00f3fanes <strong>\u2018La asamblea de las mujeres\u2019<\/strong>, que ya represent\u00f3 el curso pasado tanto en el Campus de la Universidad Pablo de Olavide como en el CICUS y el Pabell\u00f3n de Portugal, ambos de la Universidad de Sevilla, el Centro Cultural de la Villa de San Jos\u00e9 de la Rinconada y la Sede Olavide en Carmona.<\/p>\n<p>A lo largo del d\u00eda de ayer, jueves 20 de marzo, visitaron la Universidad Pablo de Olavide cerca de 1500 estudiantes de los siguientes centros: Colegio La Asunci\u00f3n (M\u00e1laga); Colegio Nuestra Se\u00f1ora de los Reyes (Sevilla); IES Abdera (Adra, Almer\u00eda); IES Aguilar y Cano (Estepa, Sevilla); IES Alminares (Arcos de la Frontera, Sevilla); IES Alto Conquero (Huelva); IES Alventus (Trebujena, C\u00e1diz); IES Antonio Gala (Alhaur\u00edn el Grande, M\u00e1laga); IES Arroyo de la Miel (M\u00e1laga); IES Beatriz de Suabia (Sevilla); IES Capellan\u00eda (M\u00e1laga); IES Carmen Laff\u00f3n (San Jos\u00e9 de la Rinconada, Sevilla); IES Ciudad de H\u00e9rcules (Chiclana, C\u00e1diz); IES Fernando de Herrera (Sevilla); IES Fuente Nueva (Mor\u00f3n de la Frontera, Sevilla); IES Guadalquivir (Lora del R\u00edo, Sevilla); IES Hermanos Machado (Dos Hermanas, Sevilla); IES Herrera (Herrera, Sevilla); IES L\u00f3pez de Arenas (Marchena, Sevilla); IES Luis V\u00e9lez de Guevara (\u00c9cija, Sevilla); IES Maese Rodrigo (Carmona); IES Mart\u00ednez Monta\u00f1\u00e9s (Sevilla); IES Miguel de Cervantes (Sevilla); IES Miguel Romero Esteo (M\u00e1laga); IES Ostippo (Estepa, Sevilla); IES Punta del Verde (Sevilla); IES San Pablo (Sevilla); IES Santa Mar\u00eda de Alarcos (Ciudad Real); IES Tartessos (Camas, Sevilla); IES Trassierra (C\u00f3rdoba); IES Vicente Aleixandre (Sevilla).<\/p>\n<h3><strong>Sobre la compa\u00f1\u00eda<\/strong><\/h3>\n<p>Furor Bacchicus Teatro nace en 2012 en el seno de la Facultad de Humanidades de la Universidad Pablo de Olavide para explorar y difundir el teatro grecolatino y con ello reivindicar la cultura y los saberes human\u00edsticos como bienes de primera necesidad. Est\u00e1 formada por estudiantes, egresados y egresadas de la Facultad de Humanidades y otros centros de la UPO, coordinados por las profesoras <strong>Rosario Moreno<\/strong> y <strong>Mercedes de la Torre<\/strong>, con la colaboraci\u00f3n de <strong>Marta Cuevas Caballero<\/strong>. En la actualidad forman el grupo m\u00e1s de una treintena de personas.<\/p>\n<p>A lo largo de su trayectoria, la compa\u00f1\u00eda ha representado La asamblea de las mujeres de Arist\u00f3fanes, C\u00e1sina, Poenulus (El cartagin\u00e9s) y Rudens (La maroma) de Plauto, El Juicio de Paris de Luciano (tambi\u00e9n en versi\u00f3n radiof\u00f3nica), Las troyanas y Andr\u00f3maca de Eur\u00edpides, adem\u00e1s de textos de creaci\u00f3n propia, como Clitemnestra encadenada y versiones como \u00a1Todas contra Eur\u00edpides!, adaptaci\u00f3n de Las Tesmoforias de Arist\u00f3fanes.<\/p>\n","protected":false},"excerpt":{"rendered":"<p>La compa\u00f1\u00eda de teatro grecolatino de la Facultad de Humanidades, Furor Bacchicus Teatro, ha participado como grupo invitado en el XXVII Festival Juvenil Europeo de Teatro Grecolatino, organizado por la asociaci\u00f3n Summa Cavea.<\/p>\n","protected":false},"author":2,"featured_media":30885886,"comment_status":"closed","ping_status":"open","sticky":false,"template":"","format":"standard","meta":{"_monsterinsights_skip_tracking":false,"_monsterinsights_sitenote_active":false,"_monsterinsights_sitenote_note":"","_monsterinsights_sitenote_category":0,"footnotes":""},"categories":[5842],"tags":[2055,96,741,1510,3657,1779,3957,95,3994],"class_list":["post-30885885","post","type-post","status-publish","format-standard","has-post-thumbnail","hentry","category-comunidad","tag-area-de-filologia-latina","tag-facultad-de-humanidades","tag-festival","tag-furor-bacchicus-teatro","tag-italica","tag-mercedes-de-la-torre","tag-rosario-moreno-soldevila","tag-teatro","tag-teatro-grecolatino"],"_links":{"self":[{"href":"https:\/\/www.upo.es\/diario\/wp-json\/wp\/v2\/posts\/30885885","targetHints":{"allow":["GET"]}}],"collection":[{"href":"https:\/\/www.upo.es\/diario\/wp-json\/wp\/v2\/posts"}],"about":[{"href":"https:\/\/www.upo.es\/diario\/wp-json\/wp\/v2\/types\/post"}],"author":[{"embeddable":true,"href":"https:\/\/www.upo.es\/diario\/wp-json\/wp\/v2\/users\/2"}],"replies":[{"embeddable":true,"href":"https:\/\/www.upo.es\/diario\/wp-json\/wp\/v2\/comments?post=30885885"}],"version-history":[{"count":2,"href":"https:\/\/www.upo.es\/diario\/wp-json\/wp\/v2\/posts\/30885885\/revisions"}],"predecessor-version":[{"id":30885888,"href":"https:\/\/www.upo.es\/diario\/wp-json\/wp\/v2\/posts\/30885885\/revisions\/30885888"}],"wp:featuredmedia":[{"embeddable":true,"href":"https:\/\/www.upo.es\/diario\/wp-json\/wp\/v2\/media\/30885886"}],"wp:attachment":[{"href":"https:\/\/www.upo.es\/diario\/wp-json\/wp\/v2\/media?parent=30885885"}],"wp:term":[{"taxonomy":"category","embeddable":true,"href":"https:\/\/www.upo.es\/diario\/wp-json\/wp\/v2\/categories?post=30885885"},{"taxonomy":"post_tag","embeddable":true,"href":"https:\/\/www.upo.es\/diario\/wp-json\/wp\/v2\/tags?post=30885885"}],"curies":[{"name":"wp","href":"https:\/\/api.w.org\/{rel}","templated":true}]}}