{"id":30885893,"date":"2025-03-21T14:28:21","date_gmt":"2025-03-21T13:28:21","guid":{"rendered":"https:\/\/www.upo.es\/diario\/?p=30885893"},"modified":"2025-03-25T12:25:46","modified_gmt":"2025-03-25T11:25:46","slug":"novena-carrera-popular-solidaridad-y-deporte-unidos-jornada-festiva-26-abril","status":"publish","type":"post","link":"https:\/\/www.upo.es\/diario\/comunidad\/2025\/03\/novena-carrera-popular-solidaridad-y-deporte-unidos-jornada-festiva-26-abril\/","title":{"rendered":"La Universidad Pablo de Olavide presenta su IX Carrera Popular: solidaridad y deporte unidos en una jornada festiva el 26 de abril"},"content":{"rendered":"<figure id=\"attachment_30885895\" aria-describedby=\"caption-attachment-30885895\" style=\"width: 750px\" class=\"wp-caption aligncenter\"><a href=\"https:\/\/www.upo.es\/diario\/wp-content\/uploads\/2025\/03\/21032025-IX-Carrera-Popular_presentacion-1133-scaled.jpg\"><img loading=\"lazy\" decoding=\"async\" class=\"size-large wp-image-30885895\" src=\"https:\/\/www.upo.es\/diario\/wp-content\/uploads\/2025\/03\/21032025-IX-Carrera-Popular_presentacion-1133-750x422.jpg\" alt=\"Representantes de entidades y empresas que colaboran con la IX Carrera Popular de la UPO\" width=\"750\" height=\"422\" srcset=\"https:\/\/www.upo.es\/diario\/wp-content\/uploads\/2025\/03\/21032025-IX-Carrera-Popular_presentacion-1133-750x422.jpg 750w, https:\/\/www.upo.es\/diario\/wp-content\/uploads\/2025\/03\/21032025-IX-Carrera-Popular_presentacion-1133-420x236.jpg 420w, https:\/\/www.upo.es\/diario\/wp-content\/uploads\/2025\/03\/21032025-IX-Carrera-Popular_presentacion-1133-768x432.jpg 768w, https:\/\/www.upo.es\/diario\/wp-content\/uploads\/2025\/03\/21032025-IX-Carrera-Popular_presentacion-1133-1536x864.jpg 1536w, https:\/\/www.upo.es\/diario\/wp-content\/uploads\/2025\/03\/21032025-IX-Carrera-Popular_presentacion-1133-2048x1152.jpg 2048w, https:\/\/www.upo.es\/diario\/wp-content\/uploads\/2025\/03\/21032025-IX-Carrera-Popular_presentacion-1133-1320x742.jpg 1320w\" sizes=\"auto, (max-width: 750px) 100vw, 750px\" \/><\/a><figcaption id=\"caption-attachment-30885895\" class=\"wp-caption-text\">Representantes de entidades y empresas que colaboran con la IX Carrera Popular de la UPO<\/figcaption><\/figure>\n<p>La Universidad Pablo de Olavide ha presentado esta ma\u00f1ana<strong> la IX edici\u00f3n de su Carrera Popular, que se celebrar\u00e1 el s\u00e1bado 26 de abril a las 11:00 horas<\/strong>. Este evento deportivo se celebra un a\u00f1o m\u00e1s como una jornada festiva y solidaria, en la que la comunidad universitaria y vecinos de Sevilla pueden participar y disfrutar de un d\u00eda saludable en el campus universitario y contribuir a una causa social. En esta ocasi\u00f3n,<strong> la recaudaci\u00f3n de la Carrera contribuir\u00e1 a la labor que realiza la Fundaci\u00f3n SEHOP, Sociedad Espa\u00f1ola de Hematolog\u00eda y Oncolog\u00eda Pedi\u00e1tricas<\/strong>.<\/p>\n<p><a href=\"https:\/\/www.upo.es\/diario\/wp-content\/uploads\/2025\/03\/Recurso-1Pantalla-IXCarreraPopular.png\"><img loading=\"lazy\" decoding=\"async\" class=\"alignright wp-image-30885896\" src=\"https:\/\/www.upo.es\/diario\/wp-content\/uploads\/2025\/03\/Recurso-1Pantalla-IXCarreraPopular.png\" alt=\"IX Carrera Popular: 26 de abril, 11 horas. Universidad Pablo de Olavide\" width=\"400\" height=\"228\" \/><\/a>El recorrido consta de 5 kil\u00f3metros, con salida y llegada en la Plaza Am\u00e9rica del campus UPO, en una prueba abierta a cualquier persona nacida en 2009 o a\u00f1os anteriores. <strong>Las inscripciones, con un coste de 6 euros, incluyen una aportaci\u00f3n solidaria; por cada inscripci\u00f3n, 1 euro ser\u00e1 donado \u00edntegramente a la Fundaci\u00f3n SEHOP<\/strong>, apoyando as\u00ed su proyecto para incentivar la investigaci\u00f3n en terapias para el c\u00e1ncer infantil a trav\u00e9s del proyecto \u2018Tus kil\u00f3metros nos dan vida\u2019. Asimismo, se ofrece la modalidad del \u2018Dorsal 0\u2019 para quienes quieran apoyar la causa sin participar f\u00edsicamente.<\/p>\n<p><strong>El plazo de inscripci\u00f3n permanecer\u00e1 abierto hasta el mi\u00e9rcoles 23 de abril a las 15:00 horas<\/strong>. Las inscripciones pueden realizarse de manera <em>online<\/em> en la <a href=\"https:\/\/www.upo.es\/sdupo\/es\/actividades\/carrera-popular-upo\/ix-carrera-popular-universidad-pablo-de-olavide\/\">web oficial de la IX Carrera Popular UPO<\/a>, donde se encuentra disponible informaci\u00f3n de las categor\u00edas y del recorrido.<\/p>\n<p>En esta edici\u00f3n, ser\u00e1n premiados los <strong>ganadores generales en categor\u00eda masculina y femenina, y las mejores clasificaciones entre estudiantes y personal de la Universidad<\/strong>, adem\u00e1s de destacar a la facultad con mayor participaci\u00f3n. Tras la carrera, tendr\u00e1 lugar una animaci\u00f3n musical, sorteos de premios y entrega de trofeos, completando un d\u00eda de deporte, solidaridad y convivencia.<\/p>\n<figure id=\"attachment_30885897\" aria-describedby=\"caption-attachment-30885897\" style=\"width: 420px\" class=\"wp-caption alignright\"><a href=\"https:\/\/www.upo.es\/diario\/wp-content\/uploads\/2025\/03\/21032025-IX-Carrera-Popular_presentacion-1092-scaled.jpg\"><img loading=\"lazy\" decoding=\"async\" class=\"size-medium wp-image-30885897\" src=\"https:\/\/www.upo.es\/diario\/wp-content\/uploads\/2025\/03\/21032025-IX-Carrera-Popular_presentacion-1092-420x236.jpg\" alt=\"Sim\u00f3n Cand\u00f3n, Antonio Fern\u00e1ndez y Rosa Cabello durante la presentaci\u00f3n de la Carrera\" width=\"420\" height=\"236\" srcset=\"https:\/\/www.upo.es\/diario\/wp-content\/uploads\/2025\/03\/21032025-IX-Carrera-Popular_presentacion-1092-420x236.jpg 420w, https:\/\/www.upo.es\/diario\/wp-content\/uploads\/2025\/03\/21032025-IX-Carrera-Popular_presentacion-1092-750x422.jpg 750w, https:\/\/www.upo.es\/diario\/wp-content\/uploads\/2025\/03\/21032025-IX-Carrera-Popular_presentacion-1092-768x432.jpg 768w, https:\/\/www.upo.es\/diario\/wp-content\/uploads\/2025\/03\/21032025-IX-Carrera-Popular_presentacion-1092-1536x864.jpg 1536w, https:\/\/www.upo.es\/diario\/wp-content\/uploads\/2025\/03\/21032025-IX-Carrera-Popular_presentacion-1092-2048x1152.jpg 2048w, https:\/\/www.upo.es\/diario\/wp-content\/uploads\/2025\/03\/21032025-IX-Carrera-Popular_presentacion-1092-1320x743.jpg 1320w\" sizes=\"auto, (max-width: 420px) 100vw, 420px\" \/><\/a><figcaption id=\"caption-attachment-30885897\" class=\"wp-caption-text\">Sim\u00f3n Cand\u00f3n, Antonio Fern\u00e1ndez y Rosa Cabello durante la presentaci\u00f3n de la Carrera<\/figcaption><\/figure>\n<p>\u00abDesde la Universidad concebimos la Carrera Popular como un evento para promocionar la pr\u00e1ctica deportiva y la vida saludable\u00bb, ha comentado durante la presentaci\u00f3n <strong>Antonio Fern\u00e1ndez<\/strong>, vicerrector de Campus Saludable y Deporte de la Olavide. \u00abParticipar y disfrutar ser\u00e1n los verdaderos premios en esta jornada deportiva y festiva, organizada para incentivar la salud, la convivencia y la solidaridad\u00bb, ha a\u00f1adido.<\/p>\n<p><strong>Rosa Cabello<\/strong>, directora del proyecto \u2018Tus kil\u00f3metros nos dan vida\u2019, ha agradecido a la Universidad su aportaci\u00f3n a la investigaci\u00f3n en oncolog\u00eda pedi\u00e1trica, ya que \u00abaunque recibimos fondos nacionales y auton\u00f3micos, estos nunca son suficientes, gracias a esta iniciativa, que pusimos en marcha un grupo de doctores y doctoras, hemos podido convocar becas, ampliar programas de investigaci\u00f3n y realizar ensayos cl\u00ednicos\u00bb.<\/p>\n<p><strong>Sim\u00f3n Cand\u00f3n<\/strong>, jefe del Servicio de Deportes del Ayuntamiento de Dos Hermanas, que patrocina la Carrera, ha declarado que desde el gobierno municipal \u00absiempre vamos a estar apoyando iniciativas de la Universidad como esta, con un componente social que va m\u00e1s all\u00e1 de lo deportivo\u00bb.<\/p>\n<p>En la organizaci\u00f3n de la IX Carrera Popular, la Universidad Pablo de Olavide cuenta con el patrocinio del <strong>Ayuntamiento de Dos Hermanas<\/strong> y la colaboraci\u00f3n de entidades y empresas como <strong>Metro de Sevilla, el Consejo Social de la UPO, Mercasevilla, El Corte Ingl\u00e9s, Coca-Cola, Cruzcampo, Bio-Dis Pharma Laboratorios, C\u00edrculo Porvenir C.D., Panader\u00eda Artesanal Obando, Triangle Solutions, Diario de Sevilla, Cadena SER Radio Sevilla, EUROPA FM y Seren\u00edsima<\/strong>.<\/p>\n<p><strong>M\u00e1s informaci\u00f3n e inscripciones en:<br \/>\n<\/strong><a href=\"http:\/\/www.upo.es\/sdupo\/es\/actividades\/carrera-popular-upo\/ix-carrera-popular-universidad-pablo-de-olavide\/\">www.upo.es\/sdupo\/es\/actividades\/carrera-popular-upo\/ix-carrera-popular-universidad-pablo-de-olavide<\/a><\/p>\n<p><img loading=\"lazy\" decoding=\"async\" class=\"aligncenter size-large wp-image-30885899\" src=\"https:\/\/www.upo.es\/diario\/wp-content\/uploads\/2025\/03\/pantalla_logos-750x422.jpg\" alt=\"entidades y empresas colaboradoras\" width=\"750\" height=\"422\" srcset=\"https:\/\/www.upo.es\/diario\/wp-content\/uploads\/2025\/03\/pantalla_logos-750x422.jpg 750w, https:\/\/www.upo.es\/diario\/wp-content\/uploads\/2025\/03\/pantalla_logos-420x236.jpg 420w, https:\/\/www.upo.es\/diario\/wp-content\/uploads\/2025\/03\/pantalla_logos-768x432.jpg 768w, https:\/\/www.upo.es\/diario\/wp-content\/uploads\/2025\/03\/pantalla_logos-1536x864.jpg 1536w, https:\/\/www.upo.es\/diario\/wp-content\/uploads\/2025\/03\/pantalla_logos-2048x1152.jpg 2048w, https:\/\/www.upo.es\/diario\/wp-content\/uploads\/2025\/03\/pantalla_logos-1320x743.jpg 1320w\" sizes=\"auto, (max-width: 750px) 100vw, 750px\" \/><\/p>\n<p>&nbsp;<\/p>\n","protected":false},"excerpt":{"rendered":"<p>La Universidad Pablo de Olavide ha presentado esta ma\u00f1ana la IX edici\u00f3n de su Carrera Popular, que se celebrar\u00e1 el s\u00e1bado 26 de abril a las 11:00 horas. Este evento deportivo se celebra un a\u00f1o m\u00e1s como una jornada festiva y solidaria, en la que la comunidad universitaria y vecinos de Sevilla pueden participar y disfrutar de un d\u00eda saludable<a class=\"read-more\" href=\"https:\/\/www.upo.es\/diario\/comunidad\/2025\/03\/novena-carrera-popular-solidaridad-y-deporte-unidos-jornada-festiva-26-abril\/\">[Read More&#8230;]<\/a><\/p>\n","protected":false},"author":6,"featured_media":30885895,"comment_status":"closed","ping_status":"open","sticky":false,"template":"","format":"standard","meta":{"_monsterinsights_skip_tracking":false,"_monsterinsights_sitenote_active":false,"_monsterinsights_sitenote_note":"","_monsterinsights_sitenote_category":0,"footnotes":""},"categories":[5842],"tags":[7428,4542,2238,541],"class_list":["post-30885893","post","type-post","status-publish","format-standard","has-post-thumbnail","hentry","category-comunidad","tag-antonio-fernandez-martinez","tag-ayuntamiento-de-dos-hermanas","tag-carrera-popular","tag-deporte"],"_links":{"self":[{"href":"https:\/\/www.upo.es\/diario\/wp-json\/wp\/v2\/posts\/30885893","targetHints":{"allow":["GET"]}}],"collection":[{"href":"https:\/\/www.upo.es\/diario\/wp-json\/wp\/v2\/posts"}],"about":[{"href":"https:\/\/www.upo.es\/diario\/wp-json\/wp\/v2\/types\/post"}],"author":[{"embeddable":true,"href":"https:\/\/www.upo.es\/diario\/wp-json\/wp\/v2\/users\/6"}],"replies":[{"embeddable":true,"href":"https:\/\/www.upo.es\/diario\/wp-json\/wp\/v2\/comments?post=30885893"}],"version-history":[{"count":4,"href":"https:\/\/www.upo.es\/diario\/wp-json\/wp\/v2\/posts\/30885893\/revisions"}],"predecessor-version":[{"id":30885901,"href":"https:\/\/www.upo.es\/diario\/wp-json\/wp\/v2\/posts\/30885893\/revisions\/30885901"}],"wp:featuredmedia":[{"embeddable":true,"href":"https:\/\/www.upo.es\/diario\/wp-json\/wp\/v2\/media\/30885895"}],"wp:attachment":[{"href":"https:\/\/www.upo.es\/diario\/wp-json\/wp\/v2\/media?parent=30885893"}],"wp:term":[{"taxonomy":"category","embeddable":true,"href":"https:\/\/www.upo.es\/diario\/wp-json\/wp\/v2\/categories?post=30885893"},{"taxonomy":"post_tag","embeddable":true,"href":"https:\/\/www.upo.es\/diario\/wp-json\/wp\/v2\/tags?post=30885893"}],"curies":[{"name":"wp","href":"https:\/\/api.w.org\/{rel}","templated":true}]}}