{"id":30885902,"date":"2025-03-21T15:21:25","date_gmt":"2025-03-21T14:21:25","guid":{"rendered":"https:\/\/www.upo.es\/diario\/?p=30885902"},"modified":"2025-03-21T15:21:25","modified_gmt":"2025-03-21T14:21:25","slug":"las-estudiantes-maria-del-pilar-utrera-y-natalia-palacios-premiadas-con-un-ipad-por-evaluar-la-calidad-docente","status":"publish","type":"post","link":"https:\/\/www.upo.es\/diario\/comunidad\/2025\/03\/las-estudiantes-maria-del-pilar-utrera-y-natalia-palacios-premiadas-con-un-ipad-por-evaluar-la-calidad-docente\/","title":{"rendered":"Las estudiantes Mar\u00eda del Pilar Utrera y Natalia Palacios, premiadas con un iPad por evaluar la calidad docente"},"content":{"rendered":"<figure id=\"attachment_30885904\" aria-describedby=\"caption-attachment-30885904\" style=\"width: 750px\" class=\"wp-caption aligncenter\"><a href=\"https:\/\/www.upo.es\/diario\/wp-content\/uploads\/2025\/03\/21032025-Entrega-iPads-encuestas-calidad-1148-scaled.jpg\"><img loading=\"lazy\" decoding=\"async\" class=\"size-large wp-image-30885904\" src=\"https:\/\/www.upo.es\/diario\/wp-content\/uploads\/2025\/03\/21032025-Entrega-iPads-encuestas-calidad-1148-750x422.jpg\" alt=\"Jordi Luengo, M\u00aa del Pilar Utrera, Francisco Oliva y Natalia Palacios\" width=\"750\" height=\"422\" srcset=\"https:\/\/www.upo.es\/diario\/wp-content\/uploads\/2025\/03\/21032025-Entrega-iPads-encuestas-calidad-1148-750x422.jpg 750w, https:\/\/www.upo.es\/diario\/wp-content\/uploads\/2025\/03\/21032025-Entrega-iPads-encuestas-calidad-1148-420x236.jpg 420w, https:\/\/www.upo.es\/diario\/wp-content\/uploads\/2025\/03\/21032025-Entrega-iPads-encuestas-calidad-1148-768x432.jpg 768w, https:\/\/www.upo.es\/diario\/wp-content\/uploads\/2025\/03\/21032025-Entrega-iPads-encuestas-calidad-1148-1536x864.jpg 1536w, https:\/\/www.upo.es\/diario\/wp-content\/uploads\/2025\/03\/21032025-Entrega-iPads-encuestas-calidad-1148-2048x1152.jpg 2048w, https:\/\/www.upo.es\/diario\/wp-content\/uploads\/2025\/03\/21032025-Entrega-iPads-encuestas-calidad-1148-1320x743.jpg 1320w\" sizes=\"auto, (max-width: 750px) 100vw, 750px\" \/><\/a><figcaption id=\"caption-attachment-30885904\" class=\"wp-caption-text\">Jordi Luengo, M\u00aa del Pilar Utrera, Francisco Oliva y Natalia Palacios<\/figcaption><\/figure>\n<p>El rector de la Universidad Pablo de Olavide, <strong>Francisco Oliva<\/strong>, y su Delegado para la Calidad, <strong>Jordi Luengo<\/strong>, han hecho entrega esta tarde a las estudiantes <strong>Mar\u00eda del Pilar Utrera, del M\u00e1ster en Criminolog\u00eda y Ciencias Forenses,\u00a0 y Natalia Palacios, del Grado en Educaci\u00f3n Social<\/strong>, de sendos iPads, <strong>por su participaci\u00f3n en\u00a0las encuestas <em>online<\/em> de valoraci\u00f3n sobre la docencia de grado y de m\u00e1ster<\/strong> recibida durante el curso acad\u00e9mico 2023\/2024.<\/p>\n<p>La evaluaci\u00f3n docente que realiza el estudiantado es esencial para la Universidad Pablo de Olavide, ya que permite <strong>obtener informaci\u00f3n valiosa sobre la calidad del proceso educativo e identificar fortalezas y \u00e1reas de mejora en la pr\u00e1ctica pedag\u00f3gica del profesorado. Adem\u00e1s, fomenta un entorno acad\u00e9mico participativo y transparente, y otorga al estudiante voz activa en la construcci\u00f3n de su propia educaci\u00f3n<\/strong>. Los resultados obtenidos facilitan decisiones estrat\u00e9gicas en torno a la capacitaci\u00f3n y actualizaci\u00f3n docente; y contribuyen de este modo a la calidad acad\u00e9mica. La excelencia en la educaci\u00f3n superior es para la Pablo de Olavide un compromiso continuo con la mejora de sus metodolog\u00edas docentes.<\/p>\n","protected":false},"excerpt":{"rendered":"<p>El rector de la Universidad Pablo de Olavide, Francisco Oliva, y su Delegado para la Calidad, Jordi Luengo, han hecho entrega esta tarde a las estudiantes Mar\u00eda del Pilar Utrera, del M\u00e1ster en Criminolog\u00eda y Ciencias Forenses,\u00a0 y Natalia Palacios, Grado en Educaci\u00f3n Social, de sendos iPads, por su participaci\u00f3n en\u00a0las encuestas online de valoraci\u00f3n sobre la docencia de grado y de m\u00e1ster recibida durante el curso acad\u00e9mico 2023\/2024.<\/p>\n","protected":false},"author":6,"featured_media":30885904,"comment_status":"closed","ping_status":"open","sticky":false,"template":"","format":"standard","meta":{"_monsterinsights_skip_tracking":false,"_monsterinsights_sitenote_active":false,"_monsterinsights_sitenote_note":"","_monsterinsights_sitenote_category":0,"footnotes":""},"categories":[5842],"tags":[740,1973,21,266,1577],"class_list":["post-30885902","post","type-post","status-publish","format-standard","has-post-thumbnail","hentry","category-comunidad","tag-calidad","tag-docencia","tag-estudiantes","tag-grados","tag-master-universitario"],"_links":{"self":[{"href":"https:\/\/www.upo.es\/diario\/wp-json\/wp\/v2\/posts\/30885902","targetHints":{"allow":["GET"]}}],"collection":[{"href":"https:\/\/www.upo.es\/diario\/wp-json\/wp\/v2\/posts"}],"about":[{"href":"https:\/\/www.upo.es\/diario\/wp-json\/wp\/v2\/types\/post"}],"author":[{"embeddable":true,"href":"https:\/\/www.upo.es\/diario\/wp-json\/wp\/v2\/users\/6"}],"replies":[{"embeddable":true,"href":"https:\/\/www.upo.es\/diario\/wp-json\/wp\/v2\/comments?post=30885902"}],"version-history":[{"count":4,"href":"https:\/\/www.upo.es\/diario\/wp-json\/wp\/v2\/posts\/30885902\/revisions"}],"predecessor-version":[{"id":30885907,"href":"https:\/\/www.upo.es\/diario\/wp-json\/wp\/v2\/posts\/30885902\/revisions\/30885907"}],"wp:featuredmedia":[{"embeddable":true,"href":"https:\/\/www.upo.es\/diario\/wp-json\/wp\/v2\/media\/30885904"}],"wp:attachment":[{"href":"https:\/\/www.upo.es\/diario\/wp-json\/wp\/v2\/media?parent=30885902"}],"wp:term":[{"taxonomy":"category","embeddable":true,"href":"https:\/\/www.upo.es\/diario\/wp-json\/wp\/v2\/categories?post=30885902"},{"taxonomy":"post_tag","embeddable":true,"href":"https:\/\/www.upo.es\/diario\/wp-json\/wp\/v2\/tags?post=30885902"}],"curies":[{"name":"wp","href":"https:\/\/api.w.org\/{rel}","templated":true}]}}