{"id":30885914,"date":"2025-03-24T14:13:25","date_gmt":"2025-03-24T13:13:25","guid":{"rendered":"https:\/\/www.upo.es\/diario\/?p=30885914"},"modified":"2025-03-24T14:13:25","modified_gmt":"2025-03-24T13:13:25","slug":"el-aula-abierta-de-mayores-clausura-los-talleres-sobre-ciencia-impartidos-por-el-centro-andaluz-de-biologia-del-desarrollo","status":"publish","type":"post","link":"https:\/\/www.upo.es\/diario\/comunidad\/2025\/03\/el-aula-abierta-de-mayores-clausura-los-talleres-sobre-ciencia-impartidos-por-el-centro-andaluz-de-biologia-del-desarrollo\/","title":{"rendered":"El Aula Abierta de Mayores clausura los talleres sobre ciencia impartidos por el Centro Andaluz de Biolog\u00eda del Desarrollo"},"content":{"rendered":"<figure id=\"attachment_30885915\" aria-describedby=\"caption-attachment-30885915\" style=\"width: 750px\" class=\"wp-caption aligncenter\"><a href=\"https:\/\/www.upo.es\/diario\/wp-content\/uploads\/2025\/03\/IMG_8885-scaled.jpg\"><img loading=\"lazy\" decoding=\"async\" class=\"size-large wp-image-30885915\" src=\"https:\/\/www.upo.es\/diario\/wp-content\/uploads\/2025\/03\/IMG_8885-750x500.jpg\" alt=\"Manuel Dom\u00ednguez Orta en el CABD con alumnado del Aula de Mayores\" width=\"750\" height=\"500\" srcset=\"https:\/\/www.upo.es\/diario\/wp-content\/uploads\/2025\/03\/IMG_8885-750x500.jpg 750w, https:\/\/www.upo.es\/diario\/wp-content\/uploads\/2025\/03\/IMG_8885-420x280.jpg 420w, https:\/\/www.upo.es\/diario\/wp-content\/uploads\/2025\/03\/IMG_8885-768x512.jpg 768w, https:\/\/www.upo.es\/diario\/wp-content\/uploads\/2025\/03\/IMG_8885-1536x1024.jpg 1536w, https:\/\/www.upo.es\/diario\/wp-content\/uploads\/2025\/03\/IMG_8885-2048x1365.jpg 2048w, https:\/\/www.upo.es\/diario\/wp-content\/uploads\/2025\/03\/IMG_8885-165x109.jpg 165w, https:\/\/www.upo.es\/diario\/wp-content\/uploads\/2025\/03\/IMG_8885-1320x880.jpg 1320w\" sizes=\"auto, (max-width: 750px) 100vw, 750px\" \/><\/a><figcaption id=\"caption-attachment-30885915\" class=\"wp-caption-text\">Manuela Dom\u00ednguez Orta en el CABD con alumnado del Aula de Mayores<\/figcaption><\/figure>\n<p>El Aula Abierta de Mayores ha clausurado los talleres de divulgaci\u00f3n cient\u00edfica impartidos por el Centro Andaluz de Biolog\u00eda del Desarrollo (CABD) ubicado en la Universidad Pablo de Olavide. A trav\u00e9s de estos talleres, realizados a lo largo de los \u00faltimos meses, los <strong>mayores de los diferentes municipios han podido conocer de primera mano las instalaciones de este centro de investigaci\u00f3n de la UPO, el CSIC y la Junta de Andaluc\u00eda, as\u00ed como los diferentes proyectos que en \u00e9l llevan a cabo sus investigadores e investigadoras<\/strong>.<\/p>\n<p><a href=\"https:\/\/www.upo.es\/diario\/wp-content\/uploads\/2025\/03\/IMG_8910-scaled.jpg\"><img loading=\"lazy\" decoding=\"async\" class=\"alignleft size-medium wp-image-30885917\" src=\"https:\/\/www.upo.es\/diario\/wp-content\/uploads\/2025\/03\/IMG_8910-420x280.jpg\" alt=\"Talleres del AAM en el CABD\" width=\"420\" height=\"280\" srcset=\"https:\/\/www.upo.es\/diario\/wp-content\/uploads\/2025\/03\/IMG_8910-420x280.jpg 420w, https:\/\/www.upo.es\/diario\/wp-content\/uploads\/2025\/03\/IMG_8910-750x500.jpg 750w, https:\/\/www.upo.es\/diario\/wp-content\/uploads\/2025\/03\/IMG_8910-768x512.jpg 768w, https:\/\/www.upo.es\/diario\/wp-content\/uploads\/2025\/03\/IMG_8910-1536x1024.jpg 1536w, https:\/\/www.upo.es\/diario\/wp-content\/uploads\/2025\/03\/IMG_8910-2048x1365.jpg 2048w, https:\/\/www.upo.es\/diario\/wp-content\/uploads\/2025\/03\/IMG_8910-165x109.jpg 165w, https:\/\/www.upo.es\/diario\/wp-content\/uploads\/2025\/03\/IMG_8910-1320x880.jpg 1320w\" sizes=\"auto, (max-width: 420px) 100vw, 420px\" \/><\/a>La clausura de estos talleres, a cargo de la directora acad\u00e9mica del Aula Abierta de Mayores, <strong>Manuela Dom\u00ednguez Orta<\/strong>, se ha llevado a cabo en la \u00faltima de las sesiones presenciales en la que alumnado del municipio de Pedrera ha visitado el CABD. Durante la visita, <strong>los mayores han podido conocer cu\u00e1les son los organismos modelo que se utilizan en investigaci\u00f3n en este centro y han visitado parte de sus instalaciones<\/strong> como el animalario de vertebrados acu\u00e1ticos, el laboratorio del Servicio de Gen\u00f3mica Funcional y el laboratorio del Servicio de Prote\u00f3mica y Bioqu\u00edmica.<\/p>\n<p>En los \u00faltimos meses, los municipios de Aznalc\u00f3llar, Bollullos de la Mitaci\u00f3n, Casariche, Gerena, Herrera, La Puebla de Cazalla, Mairena del Alcor, Pedrera y Pilas han visitado el CABD y han participado en diferentes actividades de divulgaci\u00f3n cient\u00edfica para conocer el ciclo de vida de la mosca de la fruta, el desarrollo embrionario del pez cebra, la extracci\u00f3n de ADN o c\u00f3mo funciona una PCR para detectar coronavirus.<\/p>\n<p><strong>Adem\u00e1s de estas visitas en las que el alumnado ha visitado el CABD, se han impartido tres talleres en las sedes municipales de Alcal\u00e1 de Guada\u00edra, Dos Hermanas y Tomares<\/strong>. En total, 329 alumnos y alumnas del AAM han podido tener un acercamiento a la ciencia que se realiza en el CABD gracias a estos talleres de divulgaci\u00f3n cient\u00edfica para personas mayores.<\/p>\n<p>El Aula Abierta de Mayores es un programa formativo para personas de m\u00e1s de 50 a\u00f1os puesto en marcha en el curso acad\u00e9mico 2002\/2003 y que cuenta en la actualidad con m\u00e1s de 1.200 estudiantes, siendo el programa para personas mayores con m\u00e1s arraigo geogr\u00e1fico de Espa\u00f1a. Los municipios que forman parte del proyecto son: Alcal\u00e1 de Guada\u00edra, Almensilla, Aznalc\u00f3llar, Bollullos de la Mitaci\u00f3n, Bormujos, Casariche, Castilleja de la Cuesta, Dos Hermanas, El Viso del Alcor, Gerena, Gilena, Gines, Herrera, La Algaba, La Puebla de Cazalla, Las Cabezas de San Juan, Lebrija, Mairena del Alcor, Pedrera, Pilas, Salteras, Santiponce y Tomares.<\/p>\n<p><a href=\"https:\/\/www.upo.es\/diario\/wp-content\/uploads\/2025\/03\/IMG_8915-scaled.jpg\"><img loading=\"lazy\" decoding=\"async\" class=\"aligncenter size-large wp-image-30885918\" src=\"https:\/\/www.upo.es\/diario\/wp-content\/uploads\/2025\/03\/IMG_8915-750x500.jpg\" alt=\"\" width=\"750\" height=\"500\" srcset=\"https:\/\/www.upo.es\/diario\/wp-content\/uploads\/2025\/03\/IMG_8915-750x500.jpg 750w, https:\/\/www.upo.es\/diario\/wp-content\/uploads\/2025\/03\/IMG_8915-420x280.jpg 420w, https:\/\/www.upo.es\/diario\/wp-content\/uploads\/2025\/03\/IMG_8915-768x512.jpg 768w, https:\/\/www.upo.es\/diario\/wp-content\/uploads\/2025\/03\/IMG_8915-1536x1024.jpg 1536w, https:\/\/www.upo.es\/diario\/wp-content\/uploads\/2025\/03\/IMG_8915-2048x1365.jpg 2048w, https:\/\/www.upo.es\/diario\/wp-content\/uploads\/2025\/03\/IMG_8915-165x109.jpg 165w, https:\/\/www.upo.es\/diario\/wp-content\/uploads\/2025\/03\/IMG_8915-1320x880.jpg 1320w\" sizes=\"auto, (max-width: 750px) 100vw, 750px\" \/><\/a><\/p>\n<p>Fuente: Fundaci\u00f3n Universidad Pablo de Olavide<\/p>\n","protected":false},"excerpt":{"rendered":"<p>Un total de 329 alumnos y alumnas del aula han participado en las diferentes actividades impartidas por el CABD en los \u00faltimos meses.<\/p>\n","protected":false},"author":6,"featured_media":30885915,"comment_status":"closed","ping_status":"open","sticky":false,"template":"","format":"standard","meta":{"_monsterinsights_skip_tracking":false,"_monsterinsights_sitenote_active":false,"_monsterinsights_sitenote_note":"","_monsterinsights_sitenote_category":0,"footnotes":""},"categories":[5842],"tags":[52,43,2859,2474,549],"class_list":["post-30885914","post","type-post","status-publish","format-standard","has-post-thumbnail","hentry","category-comunidad","tag-aula-abierta-de-mayores","tag-cabd","tag-envejecimiento-activo","tag-fundacion-universidad-pablo-de-olavide","tag-talleres"],"_links":{"self":[{"href":"https:\/\/www.upo.es\/diario\/wp-json\/wp\/v2\/posts\/30885914","targetHints":{"allow":["GET"]}}],"collection":[{"href":"https:\/\/www.upo.es\/diario\/wp-json\/wp\/v2\/posts"}],"about":[{"href":"https:\/\/www.upo.es\/diario\/wp-json\/wp\/v2\/types\/post"}],"author":[{"embeddable":true,"href":"https:\/\/www.upo.es\/diario\/wp-json\/wp\/v2\/users\/6"}],"replies":[{"embeddable":true,"href":"https:\/\/www.upo.es\/diario\/wp-json\/wp\/v2\/comments?post=30885914"}],"version-history":[{"count":2,"href":"https:\/\/www.upo.es\/diario\/wp-json\/wp\/v2\/posts\/30885914\/revisions"}],"predecessor-version":[{"id":30885919,"href":"https:\/\/www.upo.es\/diario\/wp-json\/wp\/v2\/posts\/30885914\/revisions\/30885919"}],"wp:featuredmedia":[{"embeddable":true,"href":"https:\/\/www.upo.es\/diario\/wp-json\/wp\/v2\/media\/30885915"}],"wp:attachment":[{"href":"https:\/\/www.upo.es\/diario\/wp-json\/wp\/v2\/media?parent=30885914"}],"wp:term":[{"taxonomy":"category","embeddable":true,"href":"https:\/\/www.upo.es\/diario\/wp-json\/wp\/v2\/categories?post=30885914"},{"taxonomy":"post_tag","embeddable":true,"href":"https:\/\/www.upo.es\/diario\/wp-json\/wp\/v2\/tags?post=30885914"}],"curies":[{"name":"wp","href":"https:\/\/api.w.org\/{rel}","templated":true}]}}