{"id":30885920,"date":"2025-03-24T19:07:34","date_gmt":"2025-03-24T18:07:34","guid":{"rendered":"https:\/\/www.upo.es\/diario\/?p=30885920"},"modified":"2025-04-24T14:57:49","modified_gmt":"2025-04-24T12:57:49","slug":"francisco-oliva-informa-en-consejo-de-gobierno-sobre-el-alcance-del-acuerdo-de-financiacion-alcanzado-con-la-junta-para-2025","status":"publish","type":"post","link":"https:\/\/www.upo.es\/diario\/institucional\/2025\/03\/francisco-oliva-informa-en-consejo-de-gobierno-sobre-el-alcance-del-acuerdo-de-financiacion-alcanzado-con-la-junta-para-2025\/","title":{"rendered":"Francisco Oliva informa en Consejo de Gobierno sobre el alcance del acuerdo de financiaci\u00f3n alcanzado con la Junta para 2025"},"content":{"rendered":"<figure id=\"attachment_30885922\" aria-describedby=\"caption-attachment-30885922\" style=\"width: 750px\" class=\"wp-caption aligncenter\"><a href=\"https:\/\/www.upo.es\/diario\/wp-content\/uploads\/2025\/03\/21032025-CG_20250321-1049-scaled.jpg\"><img loading=\"lazy\" decoding=\"async\" class=\"size-large wp-image-30885922\" src=\"https:\/\/www.upo.es\/diario\/wp-content\/uploads\/2025\/03\/21032025-CG_20250321-1049-750x338.jpg\" alt=\"Sesi\u00f3n extraordinaria del Consejo de Gobierno celebrada el pasado viernes 21\" width=\"750\" height=\"338\" srcset=\"https:\/\/www.upo.es\/diario\/wp-content\/uploads\/2025\/03\/21032025-CG_20250321-1049-750x338.jpg 750w, https:\/\/www.upo.es\/diario\/wp-content\/uploads\/2025\/03\/21032025-CG_20250321-1049-420x189.jpg 420w, https:\/\/www.upo.es\/diario\/wp-content\/uploads\/2025\/03\/21032025-CG_20250321-1049-768x346.jpg 768w, https:\/\/www.upo.es\/diario\/wp-content\/uploads\/2025\/03\/21032025-CG_20250321-1049-1536x691.jpg 1536w, https:\/\/www.upo.es\/diario\/wp-content\/uploads\/2025\/03\/21032025-CG_20250321-1049-2048x922.jpg 2048w, https:\/\/www.upo.es\/diario\/wp-content\/uploads\/2025\/03\/21032025-CG_20250321-1049-1320x594.jpg 1320w\" sizes=\"auto, (max-width: 750px) 100vw, 750px\" \/><\/a><figcaption id=\"caption-attachment-30885922\" class=\"wp-caption-text\">Sesi\u00f3n extraordinaria del Consejo de Gobierno celebrada el pasado viernes 21<\/figcaption><\/figure>\n<p>El Consejo de Gobierno de la Universidad Pablo de Olavide, en sesi\u00f3n extraordinaria, aprob\u00f3 el pasado viernes elevar al Consejo Social una propuesta de asignaci\u00f3n individual de los complementos retributivos auton\u00f3micos del personal docente e investigador, tanto funcionario como laboral, regulados en el <a href=\"https:\/\/www.juntadeandalucia.es\/boja\/2024\/150\/37\">Decreto 134\/2024 de 30 de julio<\/a>. Hacer realidad este reconocimiento econ\u00f3mico, por la calidad y la mejora del sistema universitario gracias a la gesti\u00f3n realizada, ha sido posible a ra\u00edz del <a href=\"https:\/\/www.upo.es\/diario\/institucional\/2025\/03\/junta-y-rectores-cierran-un-acuerdo-de-financiacion-extraordinaria-del-sistema-publico-universitario-para-2025\/\">acuerdo alcanzado entre las universidades p\u00fablicas y la Junta de Andaluc\u00eda<\/a>, de cuyo alcance y detalles inform\u00f3 el rector en Consejo de Gobierno.<\/p>\n<figure id=\"attachment_30885923\" aria-describedby=\"caption-attachment-30885923\" style=\"width: 350px\" class=\"wp-caption alignleft\"><a href=\"https:\/\/www.upo.es\/diario\/wp-content\/uploads\/2025\/03\/21032025-CG_20250321-1033.jpg\"><img loading=\"lazy\" decoding=\"async\" class=\"size-large wp-image-30885923\" src=\"https:\/\/www.upo.es\/diario\/wp-content\/uploads\/2025\/03\/21032025-CG_20250321-1033-350x525.jpg\" alt=\"Francisco Oliva\" width=\"350\" height=\"525\" srcset=\"https:\/\/www.upo.es\/diario\/wp-content\/uploads\/2025\/03\/21032025-CG_20250321-1033-350x525.jpg 350w, https:\/\/www.upo.es\/diario\/wp-content\/uploads\/2025\/03\/21032025-CG_20250321-1033-280x420.jpg 280w, https:\/\/www.upo.es\/diario\/wp-content\/uploads\/2025\/03\/21032025-CG_20250321-1033-768x1152.jpg 768w, https:\/\/www.upo.es\/diario\/wp-content\/uploads\/2025\/03\/21032025-CG_20250321-1033-1024x1536.jpg 1024w, https:\/\/www.upo.es\/diario\/wp-content\/uploads\/2025\/03\/21032025-CG_20250321-1033-1320x1980.jpg 1320w, https:\/\/www.upo.es\/diario\/wp-content\/uploads\/2025\/03\/21032025-CG_20250321-1033.jpg 1339w\" sizes=\"auto, (max-width: 350px) 100vw, 350px\" \/><\/a><figcaption id=\"caption-attachment-30885923\" class=\"wp-caption-text\">Francisco Oliva<\/figcaption><\/figure>\n<p>Francisco Oliva enfatiz\u00f3 las diferencias de este acuerdo respecto a los anteriores: <strong>es fruto de una negociaci\u00f3n llevada a cabo con la Consejer\u00eda de Presidencia de la Junta de Andaluc\u00eda, junto a la de Universidades, y que cuenta con el aval de la Consejer\u00eda de Hacienda<\/strong>. Por tanto, el acuerdo de financiaci\u00f3n extraordinaria para 2025 del sistema p\u00fablico universitario cuenta con el m\u00e1ximo respaldo institucional.<\/p>\n<p>El consenso se ha alcanzado sobre los siguientes conceptos. <strong>Las universidades recibir\u00e1n en 2025 financiaci\u00f3n para dar cumplimiento a los complementos auton\u00f3micos del PDI, en virtud de la convocatoria de 2024, y a la primera anualidad del pago de la carrera horizontal del PTGAS, una vez que esta haya sido evaluada y cuantificada<\/strong>. En los pr\u00f3ximos dos a\u00f1os, 2026 y 2027, los campus recibir\u00e1n la cuant\u00eda necesaria para cubrir los importes devengados de la aplicaci\u00f3n de los acuerdos correspondientes al a\u00f1o 2024. El rector puso cifras de lo que supone esta financiaci\u00f3n a nivel andaluz, casi 50 millones de euros para los a\u00f1os 2024 y 2025, de los que 1,2 millones corresponden a la Pablo de Olavide.<\/p>\n<p>\u201cNo es ning\u00fan regalo, se trata de reconocer el buen trabajo realizado por el profesorado y el personal t\u00e9cnico y de administraci\u00f3n de las universidades andaluzas\u201d declar\u00f3 Francisco Oliva, que inform\u00f3 a continuaci\u00f3n de la segunda parte del acuerdo alcanzado. <strong>Una comisi\u00f3n t\u00e9cnica trabajar\u00e1 hasta el 30 de junio para tratar el resto de las cuestiones pendientes entre los rectorados p\u00fablicos andaluces y la Junta<\/strong>. El rector puso as\u00ed de relieve que la negociaci\u00f3n ha incluido la financiaci\u00f3n de todos los temas que restan por solventarse: trienios reconocidos seg\u00fan la Ley de Funci\u00f3n P\u00fablica, sexenios y quinquenios, c\u00e1lculo del crecimiento vegetativo, consolidaci\u00f3n de la envolvente financiera del sistema universitario, etc.<\/p>\n<p>\u201cEl respeto a las instituciones es un principio fundamental para m\u00ed, pero los acuerdos deben cumplirse\u201d declar\u00f3 el rector, en referencia a los acuerdos firmados en <a href=\"https:\/\/www.upo.es\/diario\/institucional\/2024\/06\/comunicado-de-aupa-ccoo-csif-y-ugt-sobre-el-acuerdo-de-la-mesa-general-de-universidades\/\">junio de 2024 en el seno de la Mesa General de Universidades<\/a>, \u00f3rgano de negociaci\u00f3n que se reunir\u00e1 pr\u00f3ximamente, anunci\u00f3 Oliva, ya que lo pactado entonces, y hecho realidad ahora, cont\u00f3 con la participaci\u00f3n de las centrales sindicales.<\/p>\n<p>El rector de la Universidad Pablo de Olavide, y portavoz de las <a href=\"https:\/\/www.universidadespublicasdeandalucia.es\/\">Universidades P\u00fablicas de Andaluc\u00eda<\/a>, valor\u00f3 positivamente el acuerdo alcanzado con el Gobierno de la Junta \u201cque soluciona cuestiones de gran inter\u00e9s para el personal de las universidades (\u2026), queda mucho trabajo a\u00fan por realizar, pero tenemos que felicitarnos por el acuerdo alcanzado en un marco de di\u00e1logo sincero\u201d. No obstante, Francisco Oliva quiso tambi\u00e9n recordar que la financiaci\u00f3n extraordinaria acordada comprende exclusivamente partidas para el cap\u00edtulo I, sigue pendiente \u201cla cuesti\u00f3n de fondo, una financiaci\u00f3n adecuada y suficiente para un sistema p\u00fablico andaluz de calidad, que contemple infraestructuras e investigaci\u00f3n\u201d.<\/p>\n","protected":false},"excerpt":{"rendered":"<p>Francisco Oliva enfatiz\u00f3 las diferencias de este acuerdo respecto a los anteriores: es fruto de una negociaci\u00f3n llevada a cabo con la Consejer\u00eda de Presidencia de la Junta de Andaluc\u00eda, junto a la de Universidades, y que cuenta con el aval de la Consejer\u00eda de Hacienda. Por tanto, el acuerdo de financiaci\u00f3n extraordinaria para 2025 del sistema p\u00fablico universitario cuenta con el m\u00e1ximo respaldo institucional.<\/p>\n","protected":false},"author":6,"featured_media":30885924,"comment_status":"closed","ping_status":"open","sticky":false,"template":"","format":"standard","meta":{"_monsterinsights_skip_tracking":false,"_monsterinsights_sitenote_active":false,"_monsterinsights_sitenote_note":"","_monsterinsights_sitenote_category":0,"footnotes":""},"categories":[6],"tags":[8868,102,874,203,199,8572,9052],"class_list":["post-30885920","post","type-post","status-publish","format-standard","has-post-thumbnail","hentry","category-institucional","tag-carrera-horizontal","tag-consejo-de-gobierno","tag-financiacion","tag-junta-de-andalucia","tag-profesorado","tag-ptgas","tag-universidades-publicas-de-andalucia"],"_links":{"self":[{"href":"https:\/\/www.upo.es\/diario\/wp-json\/wp\/v2\/posts\/30885920","targetHints":{"allow":["GET"]}}],"collection":[{"href":"https:\/\/www.upo.es\/diario\/wp-json\/wp\/v2\/posts"}],"about":[{"href":"https:\/\/www.upo.es\/diario\/wp-json\/wp\/v2\/types\/post"}],"author":[{"embeddable":true,"href":"https:\/\/www.upo.es\/diario\/wp-json\/wp\/v2\/users\/6"}],"replies":[{"embeddable":true,"href":"https:\/\/www.upo.es\/diario\/wp-json\/wp\/v2\/comments?post=30885920"}],"version-history":[{"count":3,"href":"https:\/\/www.upo.es\/diario\/wp-json\/wp\/v2\/posts\/30885920\/revisions"}],"predecessor-version":[{"id":30885926,"href":"https:\/\/www.upo.es\/diario\/wp-json\/wp\/v2\/posts\/30885920\/revisions\/30885926"}],"wp:featuredmedia":[{"embeddable":true,"href":"https:\/\/www.upo.es\/diario\/wp-json\/wp\/v2\/media\/30885924"}],"wp:attachment":[{"href":"https:\/\/www.upo.es\/diario\/wp-json\/wp\/v2\/media?parent=30885920"}],"wp:term":[{"taxonomy":"category","embeddable":true,"href":"https:\/\/www.upo.es\/diario\/wp-json\/wp\/v2\/categories?post=30885920"},{"taxonomy":"post_tag","embeddable":true,"href":"https:\/\/www.upo.es\/diario\/wp-json\/wp\/v2\/tags?post=30885920"}],"curies":[{"name":"wp","href":"https:\/\/api.w.org\/{rel}","templated":true}]}}