{"id":30885977,"date":"2025-03-26T15:11:45","date_gmt":"2025-03-26T14:11:45","guid":{"rendered":"https:\/\/www.upo.es\/diario\/?p=30885977"},"modified":"2025-03-26T15:11:45","modified_gmt":"2025-03-26T14:11:45","slug":"las-universidades-publicas-se-suman-al-manifiesto-andaluz-por-la-union-europea","status":"publish","type":"post","link":"https:\/\/www.upo.es\/diario\/institucional\/2025\/03\/las-universidades-publicas-se-suman-al-manifiesto-andaluz-por-la-union-europea\/","title":{"rendered":"Las Universidades P\u00fablicas se suman al Manifiesto andaluz por la Uni\u00f3n Europea"},"content":{"rendered":"<figure id=\"attachment_30885979\" aria-describedby=\"caption-attachment-30885979\" style=\"width: 750px\" class=\"wp-caption aligncenter\"><img loading=\"lazy\" decoding=\"async\" class=\"size-large wp-image-30885979\" src=\"https:\/\/www.upo.es\/diario\/wp-content\/uploads\/2025\/03\/1280px-PulseOfEurope_Cologne_2017-02-19-9903-750x422.jpg\" alt=\"Ciudadanos con la bandera europea\" width=\"750\" height=\"422\" srcset=\"https:\/\/www.upo.es\/diario\/wp-content\/uploads\/2025\/03\/1280px-PulseOfEurope_Cologne_2017-02-19-9903-750x422.jpg 750w, https:\/\/www.upo.es\/diario\/wp-content\/uploads\/2025\/03\/1280px-PulseOfEurope_Cologne_2017-02-19-9903-420x236.jpg 420w, https:\/\/www.upo.es\/diario\/wp-content\/uploads\/2025\/03\/1280px-PulseOfEurope_Cologne_2017-02-19-9903-768x432.jpg 768w, https:\/\/www.upo.es\/diario\/wp-content\/uploads\/2025\/03\/1280px-PulseOfEurope_Cologne_2017-02-19-9903.jpg 1280w\" sizes=\"auto, (max-width: 750px) 100vw, 750px\" \/><figcaption id=\"caption-attachment-30885979\" class=\"wp-caption-text\">Foto: Raimond Spekking<\/figcaption><\/figure>\n<p>Las diez instituciones p\u00fablicas de educaci\u00f3n superior presentes en Andaluc\u00eda se han adherido al Manifiesto lanzado recientemente por acad\u00e9micos e intelectuales andaluces, en defensa de las instituciones europeas y los valores que estas representan.<\/p>\n<p>Por su parte, las universidades explican su postura por la necesidad de fortalecer nuestro modelo de convivencia, basado en el Estado de derecho, la democracia, las libertades y los derechos humanos, ante el auge de los autoritarismos que amenazan el modelo europeo, y est\u00e1n laminando las relaciones internacionales basadas en reglas.<\/p>\n<p>A su juicio, la construcci\u00f3n del proyecto europeo ha demostrado grandes \u00e9xitos como resultado de la integraci\u00f3n, con poderosos ejemplos como el Espacio Europeo de Educaci\u00f3n Superior, la iniciativa de Universidades Europeas, o los programas Erasmus+ y Horizon, entre otros.<\/p>\n<hr \/>\n<h3><strong>MANIFIESTO ANDALUZ POR LA UNI\u00d3N EUROPEA<br \/>\n<em>EUROPA NOS NECESITA, LA NECESITAMOS<\/em><\/strong><\/h3>\n<p>En un tiempo de turbulencias, desde Andaluc\u00eda nos sumamos al esp\u00edritu de las masivas manifestaciones a favor de los valores de Europa que se han producido en Roma, Budapest y Bucarest. Es un deber y un derecho reivindicar la vigencia de la Uni\u00f3n Europea, ante la seria amenaza de un nuevo orden internacional basado en la ley del m\u00e1s fuerte, la negaci\u00f3n de los derechos humanos y la eliminaci\u00f3n de las libertades b\u00e1sicas. Reafirmamos los principios de igualdad, bienestar, pluralismo pol\u00edtico, justicia y libertad propios del orden liberal basado en reglas nacido tras la Segunda Guerra Mundial, a la par que subrayamos nuestro orgullo de ser europeos.<\/p>\n<p>La actual Uni\u00f3n Europea surgi\u00f3 hace 75 a\u00f1os en nombre de la paz mundial, despu\u00e9s de dos guerras que causaron 55 millones de muertos en el continente, m\u00e1s de la mitad de los cuales eran civiles no combatientes. Se construy\u00f3 a favor de la democracia y la defensa de la dignidad humana y los derechos fundamentales, en un proceso iniciado con un mercado com\u00fan. El modelo europeo de integraci\u00f3n m\u00e1s exitoso del planeta es hoy un reducto de prosperidad viable, en el que perviven las libertades. Se ha instituido como un proyecto s\u00f3lido, capaz de unir a personas e ideas distintas respetando su diversidad.<\/p>\n<p>Europa no es una entidad abstracta que nos viene impuesta desde arriba, sino una f\u00f3rmula realista de convivencia frente a totalitarismos y populismos destructivos. Y es tambi\u00e9n un m\u00e9todo de cohesi\u00f3n social y progreso econ\u00f3mico que ha sido crucial para el desarrollo de Andaluc\u00eda desde el ingreso de Espa\u00f1a en la Comunidad Econ\u00f3mica Europea en 1986 y la entrada en el euro en 2002. Nuestra prosperidad y solidaridad est\u00e1n en juego y han de ser defendidas, como europeos, frente a la configuraci\u00f3n del nuevo orden que se est\u00e1 fraguando. Al mismo tiempo, Europa ha de ser tambi\u00e9n capaz de lograr autonom\u00eda estrat\u00e9gica para la defensa de su identidad constitucional y seguridad colectiva.<\/p>\n<p>Desde la cuna de la civilizaci\u00f3n occidental, reivindiquemos nuestra herencia cultural y humanista, nuestra forma de concebir el mundo. Y asumamos tambi\u00e9n los deberes que ello comporta. El Estado Democr\u00e1tico de Derecho es el modelo que queremos para nosotros, nuestros descendientes y tambi\u00e9n nuestro compromiso con el resto del mundo. Manteniendo las identidades e historias nacionales, hoy necesitamos a Europa m\u00e1s que nunca y es necesario un compromiso efectivo con sus valores. Hacemos as\u00ed un llamamiento a todas las organizaciones de la sociedad civil andaluza, sindicatos, patronales, universidades, empresas, medios de comunicaci\u00f3n, entidades culturales, deportistas, intelectuales, artistas y municipios, a pronunciarse con voz alta y clara en favor de la Uni\u00f3n Europea. Europa nos necesita, la necesitamos.<\/p>\n<p><strong>Magdalena Mart\u00edn<\/strong>, catedr\u00e1tica de Derecho Internacional P\u00fablico de la Universidad de M\u00e1laga; <strong>Ignacio Mart\u00ednez<\/strong>, periodista; <strong>Aurelia Mart\u00edn Casares<\/strong>, catedr\u00e1tica de Estudios de Asia Oriental de la UMA; <strong>Helge Antoni<\/strong>, pianista; <strong>Yolanda Garc\u00eda Calvente<\/strong>, catedr\u00e1tica de Derecho Financiero y Tributario de la Universidad de Granada; <strong>Juan Jos\u00e9 T\u00e9llez<\/strong>, escritor; <strong>Ana Carmona<\/strong>, catedr\u00e1tica de Derecho Constitucional de la Universidad de Sevilla; <strong>Leopoldo Tapia<\/strong>, pediatra; <strong>Carolina Jim\u00e9nez<\/strong>, profesora de Derecho Internacional P\u00fablico de la UMA; <strong>V\u00edctor J. V\u00e1zquez<\/strong>, profesor de Derecho Constitucional de la US; <strong>Lola Pons<\/strong>, catedr\u00e1tica de Lengua Espa\u00f1ola de la US;\u00a0 <strong>Manuel Camas<\/strong>, abogado; <strong>Eva D\u00edaz P\u00e9rez<\/strong>, escritora; <strong>Agust\u00edn Ruiz Robledo<\/strong>; catedr\u00e1tico de Derecho Constitucional de la UGR; <strong>Teresa Moral<\/strong>, funcionaria; <strong>Jos\u00e9 Manuel Atencia<\/strong>, periodista; <strong>Victoria Ord\u00f3\u00f1ez<\/strong>, empresaria; <strong>Jos\u00e9 L\u00f3pez Barneo<\/strong>, catedr\u00e1tico de Medicina de la US; <strong>Marie-Christine Delaigue<\/strong>, profesora de Antropolog\u00eda Social de la Universidad de C\u00f3rdoba; <strong>Manuel Hidalgo<\/strong>, profesor de Econom\u00eda de la Universidad Pablo de Olavide; <strong>Roc\u00edo L\u00f3pez \u2018Boterita\u2019<\/strong>, cantaora; <strong>Francisco Longo<\/strong>, profesor de Gobernanza P\u00fablica de Esade; <strong>Ana Gald\u00e1mez<\/strong>, profesora de Derecho Constitucional de la Universidad de Huelva; <strong>Carmen Camacho<\/strong>, escritora; <strong>Jorge Lozano Miralles<\/strong>, catedr\u00e1tico de Derecho Constitucional de la Universidad de Ja\u00e9n; <strong>Cecilia Garc\u00eda de la Corte<\/strong>, abogada; <strong>Manuel Pimentel<\/strong>, editor.<\/p>\n<p>&nbsp;<\/p>\n","protected":false},"excerpt":{"rendered":"<p>Las diez instituciones p\u00fablicas de educaci\u00f3n superior presentes en Andaluc\u00eda se han adherido al Manifiesto lanzado recientemente por acad\u00e9micos e intelectuales andaluces, en defensa de las instituciones europeas y los valores que estas representan.<\/p>\n","protected":false},"author":6,"featured_media":30884666,"comment_status":"closed","ping_status":"open","sticky":false,"template":"","format":"standard","meta":{"_monsterinsights_skip_tracking":false,"_monsterinsights_sitenote_active":false,"_monsterinsights_sitenote_note":"","_monsterinsights_sitenote_category":0,"footnotes":""},"categories":[6],"tags":[2350,8621,68],"class_list":["post-30885977","post","type-post","status-publish","format-standard","has-post-thumbnail","hentry","category-institucional","tag-manifiesto","tag-portada","tag-union-europea"],"_links":{"self":[{"href":"https:\/\/www.upo.es\/diario\/wp-json\/wp\/v2\/posts\/30885977","targetHints":{"allow":["GET"]}}],"collection":[{"href":"https:\/\/www.upo.es\/diario\/wp-json\/wp\/v2\/posts"}],"about":[{"href":"https:\/\/www.upo.es\/diario\/wp-json\/wp\/v2\/types\/post"}],"author":[{"embeddable":true,"href":"https:\/\/www.upo.es\/diario\/wp-json\/wp\/v2\/users\/6"}],"replies":[{"embeddable":true,"href":"https:\/\/www.upo.es\/diario\/wp-json\/wp\/v2\/comments?post=30885977"}],"version-history":[{"count":2,"href":"https:\/\/www.upo.es\/diario\/wp-json\/wp\/v2\/posts\/30885977\/revisions"}],"predecessor-version":[{"id":30885980,"href":"https:\/\/www.upo.es\/diario\/wp-json\/wp\/v2\/posts\/30885977\/revisions\/30885980"}],"wp:featuredmedia":[{"embeddable":true,"href":"https:\/\/www.upo.es\/diario\/wp-json\/wp\/v2\/media\/30884666"}],"wp:attachment":[{"href":"https:\/\/www.upo.es\/diario\/wp-json\/wp\/v2\/media?parent=30885977"}],"wp:term":[{"taxonomy":"category","embeddable":true,"href":"https:\/\/www.upo.es\/diario\/wp-json\/wp\/v2\/categories?post=30885977"},{"taxonomy":"post_tag","embeddable":true,"href":"https:\/\/www.upo.es\/diario\/wp-json\/wp\/v2\/tags?post=30885977"}],"curies":[{"name":"wp","href":"https:\/\/api.w.org\/{rel}","templated":true}]}}