{"id":30886003,"date":"2025-03-28T19:11:54","date_gmt":"2025-03-28T18:11:54","guid":{"rendered":"https:\/\/www.upo.es\/diario\/?p=30886003"},"modified":"2025-03-31T10:20:49","modified_gmt":"2025-03-31T08:20:49","slug":"el-master-de-consultoria-tecnologica-de-la-upo-y-microsoft-celebran-una-mesa-abierta-con-partners","status":"publish","type":"post","link":"https:\/\/www.upo.es\/diario\/institucional\/2025\/03\/el-master-de-consultoria-tecnologica-de-la-upo-y-microsoft-celebran-una-mesa-abierta-con-partners\/","title":{"rendered":"El M\u00e1ster de Consultor\u00eda Tecnol\u00f3gica de la UPO y Microsoft celebran una mesa abierta con partners"},"content":{"rendered":"<p><a href=\"https:\/\/www.upo.es\/diario\/wp-content\/uploads\/2025\/03\/IMG_8926-scaled.jpg\"><img loading=\"lazy\" decoding=\"async\" class=\"aligncenter wp-image-30886004 size-large\" src=\"https:\/\/www.upo.es\/diario\/wp-content\/uploads\/2025\/03\/IMG_8926-scaled-e1743409021242-750x375.jpg\" alt=\"\" width=\"750\" height=\"375\" srcset=\"https:\/\/www.upo.es\/diario\/wp-content\/uploads\/2025\/03\/IMG_8926-scaled-e1743409021242-750x375.jpg 750w, https:\/\/www.upo.es\/diario\/wp-content\/uploads\/2025\/03\/IMG_8926-scaled-e1743409021242-420x210.jpg 420w, https:\/\/www.upo.es\/diario\/wp-content\/uploads\/2025\/03\/IMG_8926-scaled-e1743409021242-768x384.jpg 768w, https:\/\/www.upo.es\/diario\/wp-content\/uploads\/2025\/03\/IMG_8926-scaled-e1743409021242-1536x767.jpg 1536w, https:\/\/www.upo.es\/diario\/wp-content\/uploads\/2025\/03\/IMG_8926-scaled-e1743409021242-2048x1023.jpg 2048w, https:\/\/www.upo.es\/diario\/wp-content\/uploads\/2025\/03\/IMG_8926-scaled-e1743409021242-1320x659.jpg 1320w\" sizes=\"auto, (max-width: 750px) 100vw, 750px\" \/><\/a>El <strong>M\u00e1ster de Formaci\u00f3n Permanente \u2018Consultor\u00eda Tecnol\u00f3gica: Especializaci\u00f3n en Microsoft Dynamics 365 Business Central\u2019<\/strong> de la Universidad Pablo de Olavide ha celebrado una mesa abierta a la que han acudido <em>partners<\/em>, profesorado y alumnado de la primera edici\u00f3n de este m\u00e1ster para valorar el transcurso del t\u00edtulo y la necesidad de formaci\u00f3n en el \u00e1mbito de la consultor\u00eda tecnol\u00f3gica. Adem\u00e1s, el encuentro, celebrado en formato h\u00edbrido ha permitido tener un primer acercamiento al t\u00edtulo al alumnado interesado en cursar futuras ediciones.<\/p>\n<p>A trav\u00e9s de este encuentro con empresas, los alumnos y alumnas de la primera edici\u00f3n de este t\u00edtulo han expresado su motivaci\u00f3n para elegir el t\u00edtulo, as\u00ed como lo que les ha aportado la formaci\u00f3n hasta el momento, <strong>una formaci\u00f3n que antes de finalizar ya ha conseguido un compromiso de contrataci\u00f3n para el total de sus alumnos y alumnas<\/strong> y que trabaja en la especializaci\u00f3n en un sector en auge y con alta demanda laboral.<\/p>\n<p>El encuentro, presidido por la comisi\u00f3n acad\u00e9mica del m\u00e1ster ha contado con la presencia de Marta Pons, representante de Microsoft y a \u00e9l han acudido empresas como Abast, Active, Arbentia, ARES Conocimiento del Negocio, Aurea, Awara, Ayanet, Bravent, Conosa, Continia, DQS, Dynamizatic, Integra, ITCon, Laberit, LiderIT, Marqu\u00e9s, Mycloudoor, Nubit, Profesional Cloud, Pryme y VS Sistemas; as\u00ed como el alumnado de la primera edici\u00f3n de este m\u00e1ster.<\/p>\n<p>El M\u00e1ster en Consultor\u00eda Tecnol\u00f3gica, que comenz\u00f3 el pasado mes de octubre, forma a los profesionales en conocimientos generales en todas las \u00e1reas empresariales, incluyendo finanzas, log\u00edstica, proyectos, relaciones empresariales, etc. Con un enfoque integral asegura que sus estudiantes no solo sean expertos en tecnolog\u00eda, sino que tambi\u00e9n comprendan las necesidades y desaf\u00edos empresariales en su totalidad. Adem\u00e1s, a trav\u00e9s de certificaciones de Microsoft destaca el compromiso del t\u00edtulo con la excelencia y la relevancia del mercado laboral.<\/p>\n<h3><strong>Inicio de la pr\u00f3xima edici\u00f3n en noviembre<\/strong><\/h3>\n<p>El t\u00edtulo comenzar\u00e1 su segunda edici\u00f3n, para la que ya se encuentra abierta la reserva de plazas, el pr\u00f3ximo mes de noviembre y se desarrollar\u00e1 mediante una metodolog\u00eda semipresencial online, integrando sesiones presenciales\/online con un seguimiento activo del alumnado a trav\u00e9s de plataformas digitales. Durante las sesiones se profundizar\u00e1 en los contenidos clave de cada asignatura, priorizando un enfoque pr\u00e1ctico y cada clase ser\u00e1 grabada y transmitida en <em>streaming<\/em> para permitir al alumnado asistir de manera presencial o remota seg\u00fan sus necesidades.<\/p>\n<p>Este programa, que est\u00e1 gestionado por la Fundaci\u00f3n Universidad Pablo de Olavide, se divide en tres m\u00f3dulos formativos: Transformaci\u00f3n Empresarial y Sistemas de Gesti\u00f3n Integrados, Preparaci\u00f3n de certificaciones y Trabajo Fin de M\u00e1ster. Las personas interesadas en este t\u00edtulo pueden consultar toda la informaci\u00f3n <a href=\"https:\/\/www.upo.es\/formacionpermanente\/master-formacion-permanente\/consultoria-tecnologica-especializacion-en-microsoft-dynamics\/\">aqu\u00ed<\/a> o resolver sus dudas escribiendo a <a href=\"mailto:mba-tic@upo.es\">mba-tic@upo.es<\/a><\/p>\n<p>M\u00e1s informaci\u00f3n: <a href=\"https:\/\/www.upo.es\/formacionpermanente\/master-formacion-permanente\/consultoria-tecnologica-especializacion-en-microsoft-dynamics\/\">M\u00e1ster Formaci\u00f3n Permanente Consultor\u00eda Tecnol\u00f3gica: Especializaci\u00f3n en Microsoft Dynamics 365 Business Central<\/a><\/p>\n<p>&nbsp;<\/p>\n<p>Fuente: Fundaci\u00f3n Universidad Pablo de Olavide<\/p>\n","protected":false},"excerpt":{"rendered":"<p>El M\u00e1ster de Formaci\u00f3n Permanente \u2018Consultor\u00eda Tecnol\u00f3gica: Especializaci\u00f3n en Microsoft Dynamics 365 Business Central\u2019 de la Universidad Pablo de Olavide ha celebrado una mesa abierta a la que han acudido partners, profesorado y alumnado de la primera edici\u00f3n de este m\u00e1ster para valorar el transcurso del t\u00edtulo y la necesidad de formaci\u00f3n en el \u00e1mbito de la consultor\u00eda tecnol\u00f3gica. Adem\u00e1s, el encuentro, celebrado en formato h\u00edbrido ha permitido tener un primer acercamiento al t\u00edtulo al alumnado interesado en cursar futuras ediciones.<\/p>\n","protected":false},"author":6,"featured_media":30886004,"comment_status":"closed","ping_status":"open","sticky":false,"template":"","format":"standard","meta":{"_monsterinsights_skip_tracking":false,"_monsterinsights_sitenote_active":false,"_monsterinsights_sitenote_note":"","_monsterinsights_sitenote_category":0,"footnotes":""},"categories":[6],"tags":[165,3227,328,2474,1320],"class_list":["post-30886003","post","type-post","status-publish","format-standard","has-post-thumbnail","hentry","category-institucional","tag-consultoria","tag-empresas-tecnologicas","tag-formacion-permanente","tag-fundacion-universidad-pablo-de-olavide","tag-titulos-propios"],"_links":{"self":[{"href":"https:\/\/www.upo.es\/diario\/wp-json\/wp\/v2\/posts\/30886003","targetHints":{"allow":["GET"]}}],"collection":[{"href":"https:\/\/www.upo.es\/diario\/wp-json\/wp\/v2\/posts"}],"about":[{"href":"https:\/\/www.upo.es\/diario\/wp-json\/wp\/v2\/types\/post"}],"author":[{"embeddable":true,"href":"https:\/\/www.upo.es\/diario\/wp-json\/wp\/v2\/users\/6"}],"replies":[{"embeddable":true,"href":"https:\/\/www.upo.es\/diario\/wp-json\/wp\/v2\/comments?post=30886003"}],"version-history":[{"count":1,"href":"https:\/\/www.upo.es\/diario\/wp-json\/wp\/v2\/posts\/30886003\/revisions"}],"predecessor-version":[{"id":30886005,"href":"https:\/\/www.upo.es\/diario\/wp-json\/wp\/v2\/posts\/30886003\/revisions\/30886005"}],"wp:featuredmedia":[{"embeddable":true,"href":"https:\/\/www.upo.es\/diario\/wp-json\/wp\/v2\/media\/30886004"}],"wp:attachment":[{"href":"https:\/\/www.upo.es\/diario\/wp-json\/wp\/v2\/media?parent=30886003"}],"wp:term":[{"taxonomy":"category","embeddable":true,"href":"https:\/\/www.upo.es\/diario\/wp-json\/wp\/v2\/categories?post=30886003"},{"taxonomy":"post_tag","embeddable":true,"href":"https:\/\/www.upo.es\/diario\/wp-json\/wp\/v2\/tags?post=30886003"}],"curies":[{"name":"wp","href":"https:\/\/api.w.org\/{rel}","templated":true}]}}