{"id":30886021,"date":"2025-04-01T17:20:55","date_gmt":"2025-04-01T15:20:55","guid":{"rendered":"https:\/\/www.upo.es\/diario\/?p=30886021"},"modified":"2025-04-01T17:20:55","modified_gmt":"2025-04-01T15:20:55","slug":"reunion-en-la-upo-de-la-comision-de-seguimiento-de-los-complementos-retributivos-autonomicos-del-pdi","status":"publish","type":"post","link":"https:\/\/www.upo.es\/diario\/institucional\/2025\/04\/reunion-en-la-upo-de-la-comision-de-seguimiento-de-los-complementos-retributivos-autonomicos-del-pdi\/","title":{"rendered":"Reuni\u00f3n en la UPO de la Comisi\u00f3n de seguimiento de los complementos retributivos auton\u00f3micos del PDI"},"content":{"rendered":"<figure id=\"attachment_30886027\" aria-describedby=\"caption-attachment-30886027\" style=\"width: 750px\" class=\"wp-caption aligncenter\"><a href=\"https:\/\/www.upo.es\/diario\/wp-content\/uploads\/2025\/04\/01042025-Comision-Complementos-PDI-20250401-1884-scaled.jpg\"><img loading=\"lazy\" decoding=\"async\" class=\"size-large wp-image-30886027\" src=\"https:\/\/www.upo.es\/diario\/wp-content\/uploads\/2025\/04\/01042025-Comision-Complementos-PDI-20250401-1884-750x422.jpg\" alt=\"Asistentes a la Comisi\u00f3n de seguimiento de los complementos auton\u00f3micos del PDI\" width=\"750\" height=\"422\" srcset=\"https:\/\/www.upo.es\/diario\/wp-content\/uploads\/2025\/04\/01042025-Comision-Complementos-PDI-20250401-1884-750x422.jpg 750w, https:\/\/www.upo.es\/diario\/wp-content\/uploads\/2025\/04\/01042025-Comision-Complementos-PDI-20250401-1884-420x236.jpg 420w, https:\/\/www.upo.es\/diario\/wp-content\/uploads\/2025\/04\/01042025-Comision-Complementos-PDI-20250401-1884-768x432.jpg 768w, https:\/\/www.upo.es\/diario\/wp-content\/uploads\/2025\/04\/01042025-Comision-Complementos-PDI-20250401-1884-1536x864.jpg 1536w, https:\/\/www.upo.es\/diario\/wp-content\/uploads\/2025\/04\/01042025-Comision-Complementos-PDI-20250401-1884-2048x1152.jpg 2048w, https:\/\/www.upo.es\/diario\/wp-content\/uploads\/2025\/04\/01042025-Comision-Complementos-PDI-20250401-1884-1320x742.jpg 1320w\" sizes=\"auto, (max-width: 750px) 100vw, 750px\" \/><\/a><figcaption id=\"caption-attachment-30886027\" class=\"wp-caption-text\">Comisi\u00f3n de seguimiento de los complementos auton\u00f3micos del PDI celebrada en la Olavide<\/figcaption><\/figure>\n<p>Representantes de las organizaciones sindicales <strong>CCOO, CSIF y UGT,<\/strong> junto a <strong>responsables acad\u00e9micos del \u00e1mbito del Profesorado de las Universidades P\u00fablicas de Andaluc\u00eda<\/strong>, y el <strong>Secretario General de Universidades de la Junta, Ram\u00f3n Herrera<\/strong>, han asistido esta tarde en el campus a una sesi\u00f3n de la Comisi\u00f3n paritaria de seguimiento de las convocatorias de los complementos auton\u00f3micos retributivos del Personal Docente e Investigador (PDI).<\/p>\n<figure id=\"attachment_30886028\" aria-describedby=\"caption-attachment-30886028\" style=\"width: 420px\" class=\"wp-caption alignright\"><a href=\"https:\/\/www.upo.es\/diario\/wp-content\/uploads\/2025\/04\/01042025-Comision-Complementos-PDI-20250401-1861-scaled.jpg\"><img loading=\"lazy\" decoding=\"async\" class=\"size-medium wp-image-30886028\" src=\"https:\/\/www.upo.es\/diario\/wp-content\/uploads\/2025\/04\/01042025-Comision-Complementos-PDI-20250401-1861-420x236.jpg\" alt=\"Ram\u00f3n Herrera preside la Comisi\u00f3n celebrada en la UPO\" width=\"420\" height=\"236\" srcset=\"https:\/\/www.upo.es\/diario\/wp-content\/uploads\/2025\/04\/01042025-Comision-Complementos-PDI-20250401-1861-420x236.jpg 420w, https:\/\/www.upo.es\/diario\/wp-content\/uploads\/2025\/04\/01042025-Comision-Complementos-PDI-20250401-1861-750x422.jpg 750w, https:\/\/www.upo.es\/diario\/wp-content\/uploads\/2025\/04\/01042025-Comision-Complementos-PDI-20250401-1861-768x432.jpg 768w, https:\/\/www.upo.es\/diario\/wp-content\/uploads\/2025\/04\/01042025-Comision-Complementos-PDI-20250401-1861-1536x864.jpg 1536w, https:\/\/www.upo.es\/diario\/wp-content\/uploads\/2025\/04\/01042025-Comision-Complementos-PDI-20250401-1861-2048x1152.jpg 2048w, https:\/\/www.upo.es\/diario\/wp-content\/uploads\/2025\/04\/01042025-Comision-Complementos-PDI-20250401-1861-1320x743.jpg 1320w\" sizes=\"auto, (max-width: 420px) 100vw, 420px\" \/><\/a><figcaption id=\"caption-attachment-30886028\" class=\"wp-caption-text\">Ram\u00f3n Herrera ha presidido la Comisi\u00f3n paritaria de seguimiento<\/figcaption><\/figure>\n<p>La reuni\u00f3n, celebrada en el Rectorado, ha girado en torno a los trabajos previos a la pr\u00f3xima convocatoria de la Consejer\u00eda de Universidad, Investigaci\u00f3n e Innovaci\u00f3n del <strong>procedimiento de evaluaci\u00f3n de m\u00e9ritos del PDI de las Universidades P\u00fablicas de Andaluc\u00eda<\/strong>, necesaria para la obtenci\u00f3n de los tramos retributivos de car\u00e1cter progresivo regulados en el <a href=\"https:\/\/www.juntadeandalucia.es\/boja\/2024\/150\/37\">Decreto 134\/2024, de 30 de julio<\/a>, por el que se regulan los complementos auton\u00f3micos del personal docente e investigador del sistema universitario de Andaluc\u00eda.<\/p>\n","protected":false},"excerpt":{"rendered":"<p>Representantes de las organizaciones sindicales CCOO, CSIF y UGT, junto a responsables acad\u00e9micos del \u00e1mbito del Profesorado de las Universidades P\u00fablicas de Andaluc\u00eda, y el Secretario General de Universidades de la Junta, Ram\u00f3n Herrera, han asistido esta tarde en el campus a una sesi\u00f3n de la Comisi\u00f3n paritaria de seguimiento de las convocatorias de los complementos auton\u00f3micos retributivos del Personal Docente e Investigador (PDI).<\/p>\n","protected":false},"author":6,"featured_media":30886028,"comment_status":"closed","ping_status":"open","sticky":false,"template":"","format":"standard","meta":{"_monsterinsights_skip_tracking":false,"_monsterinsights_sitenote_active":false,"_monsterinsights_sitenote_note":"","_monsterinsights_sitenote_category":0,"footnotes":""},"categories":[6],"tags":[203,1218,199,6082,1213,9052],"class_list":["post-30886021","post","type-post","status-publish","format-standard","has-post-thumbnail","hentry","category-institucional","tag-junta-de-andalucia","tag-pdi","tag-profesorado","tag-reunion-de-trabajo","tag-sindicatos","tag-universidades-publicas-de-andalucia"],"_links":{"self":[{"href":"https:\/\/www.upo.es\/diario\/wp-json\/wp\/v2\/posts\/30886021","targetHints":{"allow":["GET"]}}],"collection":[{"href":"https:\/\/www.upo.es\/diario\/wp-json\/wp\/v2\/posts"}],"about":[{"href":"https:\/\/www.upo.es\/diario\/wp-json\/wp\/v2\/types\/post"}],"author":[{"embeddable":true,"href":"https:\/\/www.upo.es\/diario\/wp-json\/wp\/v2\/users\/6"}],"replies":[{"embeddable":true,"href":"https:\/\/www.upo.es\/diario\/wp-json\/wp\/v2\/comments?post=30886021"}],"version-history":[{"count":6,"href":"https:\/\/www.upo.es\/diario\/wp-json\/wp\/v2\/posts\/30886021\/revisions"}],"predecessor-version":[{"id":30886029,"href":"https:\/\/www.upo.es\/diario\/wp-json\/wp\/v2\/posts\/30886021\/revisions\/30886029"}],"wp:featuredmedia":[{"embeddable":true,"href":"https:\/\/www.upo.es\/diario\/wp-json\/wp\/v2\/media\/30886028"}],"wp:attachment":[{"href":"https:\/\/www.upo.es\/diario\/wp-json\/wp\/v2\/media?parent=30886021"}],"wp:term":[{"taxonomy":"category","embeddable":true,"href":"https:\/\/www.upo.es\/diario\/wp-json\/wp\/v2\/categories?post=30886021"},{"taxonomy":"post_tag","embeddable":true,"href":"https:\/\/www.upo.es\/diario\/wp-json\/wp\/v2\/tags?post=30886021"}],"curies":[{"name":"wp","href":"https:\/\/api.w.org\/{rel}","templated":true}]}}