{"id":30886044,"date":"2025-04-02T14:40:26","date_gmt":"2025-04-02T12:40:26","guid":{"rendered":"https:\/\/www.upo.es\/diario\/?p=30886044"},"modified":"2025-04-02T14:40:26","modified_gmt":"2025-04-02T12:40:26","slug":"la-sede-olavide-en-carmona-acoge-desde-hoy-las-jornadas-etica-integridad-y-reputacion-en-la-ciencia","status":"publish","type":"post","link":"https:\/\/www.upo.es\/diario\/docencia-formacion\/2025\/04\/la-sede-olavide-en-carmona-acoge-desde-hoy-las-jornadas-etica-integridad-y-reputacion-en-la-ciencia\/","title":{"rendered":"La sede Olavide en Carmona acoge desde hoy las jornadas \u2018Etica, integridad y reputaci\u00f3n en la ciencia\u2019"},"content":{"rendered":"<figure id=\"attachment_30886045\" aria-describedby=\"caption-attachment-30886045\" style=\"width: 750px\" class=\"wp-caption aligncenter\"><a href=\"https:\/\/www.upo.es\/diario\/wp-content\/uploads\/2025\/04\/IMG_9593-2-scaled.jpg\"><img loading=\"lazy\" decoding=\"async\" class=\"size-large wp-image-30886045\" src=\"https:\/\/www.upo.es\/diario\/wp-content\/uploads\/2025\/04\/IMG_9593-2-750x320.jpg\" alt=\"\u00c1ngel M. Delgado-V\u00e1zquez\" width=\"750\" height=\"320\" srcset=\"https:\/\/www.upo.es\/diario\/wp-content\/uploads\/2025\/04\/IMG_9593-2-750x320.jpg 750w, https:\/\/www.upo.es\/diario\/wp-content\/uploads\/2025\/04\/IMG_9593-2-420x179.jpg 420w, https:\/\/www.upo.es\/diario\/wp-content\/uploads\/2025\/04\/IMG_9593-2-768x328.jpg 768w, https:\/\/www.upo.es\/diario\/wp-content\/uploads\/2025\/04\/IMG_9593-2-1536x656.jpg 1536w, https:\/\/www.upo.es\/diario\/wp-content\/uploads\/2025\/04\/IMG_9593-2-2048x874.jpg 2048w, https:\/\/www.upo.es\/diario\/wp-content\/uploads\/2025\/04\/IMG_9593-2-1320x564.jpg 1320w\" sizes=\"auto, (max-width: 750px) 100vw, 750px\" \/><\/a><figcaption id=\"caption-attachment-30886045\" class=\"wp-caption-text\">\u00c1ngel M. Delgado V\u00e1zquez, ponente y organizador de las Jornadas<\/figcaption><\/figure>\n<p>La sede de la Universidad Pablo de Olavide en Carmona \u2013 Rectora Rosario Valpuesta se convierte desde hoy y hasta ma\u00f1ana, 3 de abril, en el epicentro del debate sobre la \u00e9tica, la integridad y la reputaci\u00f3n en la ciencia, con la celebraci\u00f3n de las<strong> jornadas t\u00e9cnicas \u2018\u00c9tica, integridad y reputaci\u00f3n en la ciencia: de la prevenci\u00f3n a la respuesta institucional\u2019<\/strong>, en la que participan un centenar de especialistas.<\/p>\n<p>Este evento, <strong>dirigido a la comunidad investigadora y a los gestores de la investigaci\u00f3n, con especial atenci\u00f3n a los servicios de apoyo a la investigaci\u00f3n<\/strong>, tiene como objetivo analizar la actualidad respecto de los comportamientos de los investigadores en el plano \u00e9tico, en relaci\u00f3n, sobre todo, a la publicaci\u00f3n y la evaluaci\u00f3n cient\u00edfica, y c\u00f3mo est\u00e1 siendo y debe ser la respuesta institucional, tanto desde un punto de vista formativo, como desde otro punitivo y de respuesta a las crisis reputacionales.<\/p>\n<p>El programa de estas jornadas, que se celebran de forma h\u00edbrida, cuenta con la participaci\u00f3n de destacados expertos en la materia, entre los que se encuentran: <strong>Jordi Cam\u00ed<\/strong>, presidente del Comit\u00e9 Espa\u00f1ol de \u00c9tica de la Investigaci\u00f3n del Ministerio de Ciencia, Innovaci\u00f3n y Universidades, quien abordar\u00e1 los retos actuales de la integridad cient\u00edfica; <strong>Pilar Paneque<\/strong>, directora de ANECA, quien analizar\u00e1 el papel de las agencias de evaluaci\u00f3n en materia de \u00e9tica en la investigaci\u00f3n e integridad acad\u00e9mica e <strong>Iratxe Puebla<\/strong>, de COPE, que hablar\u00e1 sobre las pautas y orientaciones para revistas cient\u00edficas en materia de \u00e9tica en la publicaci\u00f3n acad\u00e9mica.<\/p>\n<p>Asimismo, contar\u00e1 con la presencia de expertos en bibliometr\u00eda como <strong>Emilio Delgado<\/strong> y <strong>Alberto Mart\u00edn<\/strong>, de la Universidad de Granada; <strong>B\u00e1rbara S. Lancho-Barrantes<\/strong>, de la University of Brighton y<strong> M. \u00c1ngeles Oviedo-Garc\u00eda<\/strong>, de la Universidad de Sevilla, quienes abordar\u00e1n la detecci\u00f3n de patrones an\u00f3malos de publicaci\u00f3n cient\u00edfica, el impacto de las citas a revistas dudosas y el fraude en la revisi\u00f3n por pares.<\/p>\n<p>Representantes de bases de datos y sellos de calidad editorial como <strong>Gabriela Balladares<\/strong> (Clarivate), <strong>Mar\u00eda Isabel Cabrera<\/strong> (UNE) y <strong>\u00c1ngeles Coslado<\/strong> (FECYT), que debatir\u00e1n sobre su papel en la promoci\u00f3n y vigilancia de las conductas \u00e9ticas. Investigadores y expertos en servicios de apoyo a la investigaci\u00f3n como <strong>Rafael Repiso<\/strong>, de la Universidad de M\u00e1laga; <strong>Jos\u00e9 Luis Ortega<\/strong>, de IESA-CSIC); <strong>\u00c1lvaro Cabezas<\/strong>, de la Universidad de La Rioja y <strong>\u00c1ngel M. Delgado-V\u00e1zquez<\/strong>, de la UPO, que analizar\u00e1n la banalidad del fraude cient\u00edfico, la presentaci\u00f3n de herramientas como RetractBASE y el papel de los servicios de apoyo en la detecci\u00f3n y formaci\u00f3n sobre \u00e9tica e integridad.<\/p>\n<h3><strong>Un evento relevante para la comunidad cient\u00edfica<\/strong><\/h3>\n<p>Estas jornadas est\u00e1n dirigidas a gestores de instituciones acad\u00e9micas y de investigaci\u00f3n, personal t\u00e9cnico de oficinas de investigaci\u00f3n y servicios de apoyo, incluyendo bibliotecas y unidades de bibliometr\u00eda, as\u00ed como servicios editoriales y equipos editoriales.<\/p>\n<p>La celebraci\u00f3n de evento en la sede Olavide en Carmona pone de manifiesto el compromiso de la Universidad Pablo de Olavide con la promoci\u00f3n de la \u00e9tica y la integridad en la investigaci\u00f3n, y su voluntad de contribuir al debate y la reflexi\u00f3n sobre este tema de gran relevancia para la comunidad cient\u00edfica.<\/p>\n<p>Fuente: Fundaci\u00f3n Universidad Pablo de Olavide<\/p>\n","protected":false},"excerpt":{"rendered":"<p>La sede de la Universidad Pablo de Olavide en Carmona \u2013 Rectora Rosario Valpuesta se convierte desde hoy y hasta ma\u00f1ana, 3 de abril, en el epicentro del debate sobre la \u00e9tica, la integridad y la reputaci\u00f3n en la ciencia, con la celebraci\u00f3n de las jornadas t\u00e9cnicas \u2018\u00c9tica, integridad y reputaci\u00f3n en la ciencia: de la prevenci\u00f3n a la respuesta institucional\u2019, en la que participan un centenar de especialistas.<\/p>\n","protected":false},"author":6,"featured_media":30886045,"comment_status":"closed","ping_status":"open","sticky":false,"template":"","format":"standard","meta":{"_monsterinsights_skip_tracking":false,"_monsterinsights_sitenote_active":false,"_monsterinsights_sitenote_note":"","_monsterinsights_sitenote_category":0,"footnotes":""},"categories":[2779],"tags":[23,5384,145,6126,6649,7974],"class_list":["post-30886044","post","type-post","status-publish","format-standard","has-post-thumbnail","hentry","category-docencia-formacion","tag-carmona","tag-editorial-cientifica","tag-etica","tag-pilar-paneque-salgado","tag-publicaciones","tag-sede-olavide-en-carmona"],"_links":{"self":[{"href":"https:\/\/www.upo.es\/diario\/wp-json\/wp\/v2\/posts\/30886044","targetHints":{"allow":["GET"]}}],"collection":[{"href":"https:\/\/www.upo.es\/diario\/wp-json\/wp\/v2\/posts"}],"about":[{"href":"https:\/\/www.upo.es\/diario\/wp-json\/wp\/v2\/types\/post"}],"author":[{"embeddable":true,"href":"https:\/\/www.upo.es\/diario\/wp-json\/wp\/v2\/users\/6"}],"replies":[{"embeddable":true,"href":"https:\/\/www.upo.es\/diario\/wp-json\/wp\/v2\/comments?post=30886044"}],"version-history":[{"count":1,"href":"https:\/\/www.upo.es\/diario\/wp-json\/wp\/v2\/posts\/30886044\/revisions"}],"predecessor-version":[{"id":30886046,"href":"https:\/\/www.upo.es\/diario\/wp-json\/wp\/v2\/posts\/30886044\/revisions\/30886046"}],"wp:featuredmedia":[{"embeddable":true,"href":"https:\/\/www.upo.es\/diario\/wp-json\/wp\/v2\/media\/30886045"}],"wp:attachment":[{"href":"https:\/\/www.upo.es\/diario\/wp-json\/wp\/v2\/media?parent=30886044"}],"wp:term":[{"taxonomy":"category","embeddable":true,"href":"https:\/\/www.upo.es\/diario\/wp-json\/wp\/v2\/categories?post=30886044"},{"taxonomy":"post_tag","embeddable":true,"href":"https:\/\/www.upo.es\/diario\/wp-json\/wp\/v2\/tags?post=30886044"}],"curies":[{"name":"wp","href":"https:\/\/api.w.org\/{rel}","templated":true}]}}