{"id":30886068,"date":"2025-04-03T13:42:05","date_gmt":"2025-04-03T11:42:05","guid":{"rendered":"https:\/\/www.upo.es\/diario\/?p=30886068"},"modified":"2025-04-07T12:20:15","modified_gmt":"2025-04-07T10:20:15","slug":"el-aula-abierta-de-mayores-celebra-sus-xii-jornadas-culturales-en-el-campus-de-la-universidad-pablo-de-olavide","status":"publish","type":"post","link":"https:\/\/www.upo.es\/diario\/comunidad\/2025\/04\/el-aula-abierta-de-mayores-celebra-sus-xii-jornadas-culturales-en-el-campus-de-la-universidad-pablo-de-olavide\/","title":{"rendered":"El Aula Abierta de Mayores celebra sus XII Jornadas Culturales en el campus de la Universidad Pablo de Olavide"},"content":{"rendered":"<p><a href=\"https:\/\/www.upo.es\/diario\/wp-content\/uploads\/2025\/04\/IMG-20250331-WA0016.jpg\"><img loading=\"lazy\" decoding=\"async\" class=\"aligncenter size-large wp-image-30886070\" src=\"https:\/\/www.upo.es\/diario\/wp-content\/uploads\/2025\/04\/IMG-20250331-WA0016-750x501.jpg\" alt=\"El Aula Abierta de Mayores celebra sus XII Jornadas Culturales\" width=\"750\" height=\"501\" srcset=\"https:\/\/www.upo.es\/diario\/wp-content\/uploads\/2025\/04\/IMG-20250331-WA0016-750x501.jpg 750w, https:\/\/www.upo.es\/diario\/wp-content\/uploads\/2025\/04\/IMG-20250331-WA0016-420x281.jpg 420w, https:\/\/www.upo.es\/diario\/wp-content\/uploads\/2025\/04\/IMG-20250331-WA0016-768x513.jpg 768w, https:\/\/www.upo.es\/diario\/wp-content\/uploads\/2025\/04\/IMG-20250331-WA0016-1536x1027.jpg 1536w, https:\/\/www.upo.es\/diario\/wp-content\/uploads\/2025\/04\/IMG-20250331-WA0016-165x109.jpg 165w, https:\/\/www.upo.es\/diario\/wp-content\/uploads\/2025\/04\/IMG-20250331-WA0016-1320x882.jpg 1320w, https:\/\/www.upo.es\/diario\/wp-content\/uploads\/2025\/04\/IMG-20250331-WA0016.jpg 1616w\" sizes=\"auto, (max-width: 750px) 100vw, 750px\" \/><\/a>El Paraninfo de la Universidad Pablo de Olavide ha acogido durante cuatro d\u00edas las<strong> Jornadas Culturales del Aula Abierta de Mayores<\/strong>, un encuentro que celebra su d\u00e9cima segunda edici\u00f3n y que ha reunido entre el 31 de marzo y el 3 de abril a m\u00e1s de 900 alumnos de las diferentes sedes municipales del Aula Abierta de Mayores del curso 2024\/2025.<\/p>\n<p>Este a\u00f1o, y bajo el lema \u2018Aulas con historias: saberes que transforman\u2019 los estudiantes han trabajado en las diferentes sedes en tem\u00e1ticas relacionadas con realidades del alumnado y de sus municipios. Unos trabajos que, a trav\u00e9s de sus protagonistas, han sido expuestos al resto de compa\u00f1eros y compa\u00f1eras. <strong>Estas jornadas est\u00e1n concebidas como un espacio de convivencia entre alumnado de las diferentes sedes municipales<\/strong>.<\/p>\n<figure id=\"attachment_30886072\" aria-describedby=\"caption-attachment-30886072\" style=\"width: 420px\" class=\"wp-caption alignright\"><a href=\"https:\/\/www.upo.es\/diario\/wp-content\/uploads\/2025\/04\/IMG_8961-Mejorado-NR-scaled.jpg\"><img loading=\"lazy\" decoding=\"async\" class=\"size-medium wp-image-30886072\" src=\"https:\/\/www.upo.es\/diario\/wp-content\/uploads\/2025\/04\/IMG_8961-Mejorado-NR-420x280.jpg\" alt=\"Manuela Dom\u00ednguez\" width=\"420\" height=\"280\" srcset=\"https:\/\/www.upo.es\/diario\/wp-content\/uploads\/2025\/04\/IMG_8961-Mejorado-NR-420x280.jpg 420w, https:\/\/www.upo.es\/diario\/wp-content\/uploads\/2025\/04\/IMG_8961-Mejorado-NR-750x500.jpg 750w, https:\/\/www.upo.es\/diario\/wp-content\/uploads\/2025\/04\/IMG_8961-Mejorado-NR-768x512.jpg 768w, https:\/\/www.upo.es\/diario\/wp-content\/uploads\/2025\/04\/IMG_8961-Mejorado-NR-1536x1024.jpg 1536w, https:\/\/www.upo.es\/diario\/wp-content\/uploads\/2025\/04\/IMG_8961-Mejorado-NR-2048x1365.jpg 2048w, https:\/\/www.upo.es\/diario\/wp-content\/uploads\/2025\/04\/IMG_8961-Mejorado-NR-165x109.jpg 165w, https:\/\/www.upo.es\/diario\/wp-content\/uploads\/2025\/04\/IMG_8961-Mejorado-NR-1320x880.jpg 1320w\" sizes=\"auto, (max-width: 420px) 100vw, 420px\" \/><\/a><figcaption id=\"caption-attachment-30886072\" class=\"wp-caption-text\">Manuela Dom\u00ednguez<\/figcaption><\/figure>\n<p>Como se\u00f1ala <strong>Manuela Dom\u00ednguez<\/strong>, directora acad\u00e9mica del Aula Abierta de Mayores, \u201cesta actividad tiene como objetivo promocionar y fomentar la participaci\u00f3n activa del alumnado, mediante acciones socioeducativas y culturales, poniendo en valor la aportaci\u00f3n del estudiantado a la sociedad en el \u00e1mbito acad\u00e9mico y cultural, siendo ellos y ellas los protagonistas de la historia y el patrimonio de sus localidades\u201d.<\/p>\n<p>\u201cDe manera complementaria este programa persigue ayudar en la mejora de las habilidades sociales y de comunicaci\u00f3n, fortaleciendo la confianza personal y autoestima del alumnado, o como ahora se llama, el empoderamiento, de nuestras alumnas y alumnos mayores\u201d, ha a\u00f1adido Dom\u00ednguez.<\/p>\n<p>La actividad, que se enmarca en el <strong>Programa de Envejecimiento Activo<\/strong>, se ha desarrollado \u00edntegramente en el Paraninfo de la Universidad y ha contado con la participaci\u00f3n de alumnado de las <strong>23 sedes<\/strong>: Bollullos de la Mitaci\u00f3n, Dos Hermanas, la Puebla de Cazalla, Lebrija, Salteras, Santiponce, Casariche, Gilena, Gines, Pedrera, Pilas, Tomares, Alcal\u00e1 de Guada\u00edra, Aznalc\u00f3llar, Gerena, Herrera, La Algaba, Las Cabezas de San Juan, Almensilla, Bormujos, Castilleja de la Cuesta, El Viso del Alcor y Mairena del Alcor.<\/p>\n<p>El programa acad\u00e9mico de estas jornadas combina la exposici\u00f3n de los diferentes trabajos con una actividad cultural, desarrollada por el Coro de la Universidad Pablo de Olavide, \u2018The Beatles: Rubber Soul White Album\u2019, todos los d\u00edas a las 16,30 horas. Con respecto a las exposiciones de los municipios, el primer d\u00eda ha sido el turno de Santiponce con \u2018Santiponce en tu retina\u2019; Lebrija, con \u2018Soy mayor, \u00bfy qu\u00e9? Nosotr@s tambi\u00e9n contamos\u2019; y Bollullos de la Mitaci\u00f3n con \u2018El mosto, un viaje por el tiempo\u2019.<\/p>\n<p><a href=\"https:\/\/www.upo.es\/diario\/wp-content\/uploads\/2025\/04\/IMG_9001-Mejorado-NR-scaled.jpg\"><img loading=\"lazy\" decoding=\"async\" class=\"alignright size-medium wp-image-30886073\" src=\"https:\/\/www.upo.es\/diario\/wp-content\/uploads\/2025\/04\/IMG_9001-Mejorado-NR-420x280.jpg\" alt=\"\u2018Gastronom\u00eda de El Viso del Alcor\u2019\" width=\"420\" height=\"280\" srcset=\"https:\/\/www.upo.es\/diario\/wp-content\/uploads\/2025\/04\/IMG_9001-Mejorado-NR-420x280.jpg 420w, https:\/\/www.upo.es\/diario\/wp-content\/uploads\/2025\/04\/IMG_9001-Mejorado-NR-750x500.jpg 750w, https:\/\/www.upo.es\/diario\/wp-content\/uploads\/2025\/04\/IMG_9001-Mejorado-NR-768x512.jpg 768w, https:\/\/www.upo.es\/diario\/wp-content\/uploads\/2025\/04\/IMG_9001-Mejorado-NR-1536x1024.jpg 1536w, https:\/\/www.upo.es\/diario\/wp-content\/uploads\/2025\/04\/IMG_9001-Mejorado-NR-2048x1365.jpg 2048w, https:\/\/www.upo.es\/diario\/wp-content\/uploads\/2025\/04\/IMG_9001-Mejorado-NR-165x109.jpg 165w, https:\/\/www.upo.es\/diario\/wp-content\/uploads\/2025\/04\/IMG_9001-Mejorado-NR-1320x880.jpg 1320w\" sizes=\"auto, (max-width: 420px) 100vw, 420px\" \/><\/a>En la segunda jornada le ha tocado a Gines, con \u2018Sevilla y sus tradiciones. Una ciudad que enamora\u2019; Casariche con \u2018Orgullo de lo andal\u00fa\u2019; y Pedrera, con \u2018Pedrera y el envejecimiento activo: un camino hacia el bienestar\u2019. Por su parte la tercera jornada, comenz\u00f3 con \u2018Leyenda de una torre\u2019, de La Algaba; \u2018Rescatando nuestros juegos populares. Espacios intergeneracionales: abuela cu\u00e9ntame otra vez\u2019, de Gerena; y \u2018Un grito de libertad. Rafael de Riego de 1820 a 2025\u2019 de Las Cabezas de San Juan.<\/p>\n<p>Por \u00faltimo, estas jornadas han concluido este jueves con \u2018Gastronom\u00eda de El Viso del Alcor\u2019, de El Viso del Alcor; \u2018Aula directa: personajes ilustres\u2019, de Bormujos; y \u2018Castilleja de la Cuesta. Puerta del Aljarafe. Patrimonio hist\u00f3rico\u2019, de la sede de Castilleja de la Cuesta.<\/p>\n<p>El Aula Abierta de Mayores de la UPO es un programa del Vicerrectorado de Cultura y Pol\u00edticas Sociales y gestionado por la Fundaci\u00f3n Universidad Pablo de Olavide y tiene como principal objetivo <strong>integrar a las personas mayores en la vida universitaria, ampliando sus conocimientos y promoviendo su participaci\u00f3n en la sociedad a trav\u00e9s de actividades art\u00edsticas y culturales<\/strong>.<\/p>\n<p>El programa Aula Abierta de Mayores est\u00e1 financiado por la Diputaci\u00f3n Provincial de Sevilla, la Consejer\u00eda de Inclusi\u00f3n Social, Juventud, Familias e Igualdad de la Junta de Andaluc\u00eda, la Fundaci\u00f3n \u201cLa Caixa\u201d y cuenta con la colaboraci\u00f3n de los diferentes ayuntamientos adscritos al programa.<\/p>\n<p><a href=\"https:\/\/www.upo.es\/aula-mayores\/envejecimiento-activo\/jornadas_culturales\/\">Programa completo de las Jornadas Culturales del Aula Abierta de Mayores <\/a><\/p>\n<p>Fuente: Fundaci\u00f3n Universidad Pablo de Olavide<\/p>\n","protected":false},"excerpt":{"rendered":"<p>El encuentro, bajo el lema \u2018Aula con historias: saberes que transforman\u2019, se ha desarrollado de lunes a jueves y ha reunido en el campus de la universidad a m\u00e1s de 900 mayores.<\/p>\n","protected":false},"author":6,"featured_media":30886070,"comment_status":"closed","ping_status":"open","sticky":false,"template":"","format":"standard","meta":{"_monsterinsights_skip_tracking":false,"_monsterinsights_sitenote_active":false,"_monsterinsights_sitenote_note":"","_monsterinsights_sitenote_category":0,"footnotes":""},"categories":[5842],"tags":[52,2859,2474,84,7194],"class_list":["post-30886068","post","type-post","status-publish","format-standard","has-post-thumbnail","hentry","category-comunidad","tag-aula-abierta-de-mayores","tag-envejecimiento-activo","tag-fundacion-universidad-pablo-de-olavide","tag-jornadas","tag-vicerrectorado-de-cultura-y-politicas-sociales"],"_links":{"self":[{"href":"https:\/\/www.upo.es\/diario\/wp-json\/wp\/v2\/posts\/30886068","targetHints":{"allow":["GET"]}}],"collection":[{"href":"https:\/\/www.upo.es\/diario\/wp-json\/wp\/v2\/posts"}],"about":[{"href":"https:\/\/www.upo.es\/diario\/wp-json\/wp\/v2\/types\/post"}],"author":[{"embeddable":true,"href":"https:\/\/www.upo.es\/diario\/wp-json\/wp\/v2\/users\/6"}],"replies":[{"embeddable":true,"href":"https:\/\/www.upo.es\/diario\/wp-json\/wp\/v2\/comments?post=30886068"}],"version-history":[{"count":4,"href":"https:\/\/www.upo.es\/diario\/wp-json\/wp\/v2\/posts\/30886068\/revisions"}],"predecessor-version":[{"id":30886075,"href":"https:\/\/www.upo.es\/diario\/wp-json\/wp\/v2\/posts\/30886068\/revisions\/30886075"}],"wp:featuredmedia":[{"embeddable":true,"href":"https:\/\/www.upo.es\/diario\/wp-json\/wp\/v2\/media\/30886070"}],"wp:attachment":[{"href":"https:\/\/www.upo.es\/diario\/wp-json\/wp\/v2\/media?parent=30886068"}],"wp:term":[{"taxonomy":"category","embeddable":true,"href":"https:\/\/www.upo.es\/diario\/wp-json\/wp\/v2\/categories?post=30886068"},{"taxonomy":"post_tag","embeddable":true,"href":"https:\/\/www.upo.es\/diario\/wp-json\/wp\/v2\/tags?post=30886068"}],"curies":[{"name":"wp","href":"https:\/\/api.w.org\/{rel}","templated":true}]}}