{"id":30886078,"date":"2025-04-02T22:08:50","date_gmt":"2025-04-02T20:08:50","guid":{"rendered":"https:\/\/www.upo.es\/diario\/?p=30886078"},"modified":"2025-04-03T15:39:02","modified_gmt":"2025-04-03T13:39:02","slug":"la-mesa-sectorial-andaluza-del-ptgas-se-reune-en-la-upo-con-la-carrera-horizontal-y-la-actualizacion-de-los-trienios-en-la-agenda","status":"publish","type":"post","link":"https:\/\/www.upo.es\/diario\/institucional\/2025\/04\/la-mesa-sectorial-andaluza-del-ptgas-se-reune-en-la-upo-con-la-carrera-horizontal-y-la-actualizacion-de-los-trienios-en-la-agenda\/","title":{"rendered":"La Mesa Sectorial andaluza del PTGAS se re\u00fane en la UPO con la carrera horizontal y la actualizaci\u00f3n de los trienios en la agenda"},"content":{"rendered":"<p><a href=\"https:\/\/www.upo.es\/diario\/wp-content\/uploads\/2025\/04\/Comision-PTGAS1-e1743686835118.jpg\"><img loading=\"lazy\" decoding=\"async\" class=\"aligncenter wp-image-30886079 size-large\" src=\"https:\/\/www.upo.es\/diario\/wp-content\/uploads\/2025\/04\/Comision-PTGAS1-e1743686835118-750x391.jpg\" alt=\"Mesa Sectorial andaluza del PTGAS reunida en el Rectorado de la UPO\" width=\"750\" height=\"391\" srcset=\"https:\/\/www.upo.es\/diario\/wp-content\/uploads\/2025\/04\/Comision-PTGAS1-e1743686835118-750x391.jpg 750w, https:\/\/www.upo.es\/diario\/wp-content\/uploads\/2025\/04\/Comision-PTGAS1-e1743686835118-420x219.jpg 420w, https:\/\/www.upo.es\/diario\/wp-content\/uploads\/2025\/04\/Comision-PTGAS1-e1743686835118-768x401.jpg 768w, https:\/\/www.upo.es\/diario\/wp-content\/uploads\/2025\/04\/Comision-PTGAS1-e1743686835118-1536x801.jpg 1536w, https:\/\/www.upo.es\/diario\/wp-content\/uploads\/2025\/04\/Comision-PTGAS1-e1743686835118-2048x1068.jpg 2048w, https:\/\/www.upo.es\/diario\/wp-content\/uploads\/2025\/04\/Comision-PTGAS1-e1743686835118-1320x689.jpg 1320w\" sizes=\"auto, (max-width: 750px) 100vw, 750px\" \/><\/a>Con el fin de estudiar la <strong>modificaci\u00f3n del Acuerdo por el que se regula la evaluaci\u00f3n del desempe\u00f1o y la carrera profesional horizontal del Personal T\u00e9cnico, de Gesti\u00f3n y de Administraci\u00f3n y Servicios <\/strong>de las Universidades P\u00fablicas de Andaluc\u00eda; y la <strong>actualizaci\u00f3n de los trienios del PTGAS de acuerdo en aplicaci\u00f3n de la Ley de Funci\u00f3n P\u00fablica<\/strong>, la Mesa Sectorial andaluza del Personal T\u00e9cnico de Gesti\u00f3n y Administraci\u00f3n de Servicios ha celebrado esta ma\u00f1ana una sesi\u00f3n de trabajo en el campus de la Universidad Pablo de Olavide.<\/p>\n<p><a href=\"https:\/\/www.upo.es\/diario\/wp-content\/uploads\/2025\/04\/Comision-PTGAS4-e1743687288451.jpg\"><img loading=\"lazy\" decoding=\"async\" class=\"alignright size-medium wp-image-30886085\" src=\"https:\/\/www.upo.es\/diario\/wp-content\/uploads\/2025\/04\/Comision-PTGAS4-e1743687288451-420x202.jpg\" alt=\"\" width=\"420\" height=\"202\" srcset=\"https:\/\/www.upo.es\/diario\/wp-content\/uploads\/2025\/04\/Comision-PTGAS4-e1743687288451-420x202.jpg 420w, https:\/\/www.upo.es\/diario\/wp-content\/uploads\/2025\/04\/Comision-PTGAS4-e1743687288451-750x360.jpg 750w, https:\/\/www.upo.es\/diario\/wp-content\/uploads\/2025\/04\/Comision-PTGAS4-e1743687288451-768x369.jpg 768w, https:\/\/www.upo.es\/diario\/wp-content\/uploads\/2025\/04\/Comision-PTGAS4-e1743687288451-1536x737.jpg 1536w, https:\/\/www.upo.es\/diario\/wp-content\/uploads\/2025\/04\/Comision-PTGAS4-e1743687288451-2048x983.jpg 2048w, https:\/\/www.upo.es\/diario\/wp-content\/uploads\/2025\/04\/Comision-PTGAS4-e1743687288451-1320x634.jpg 1320w\" sizes=\"auto, (max-width: 420px) 100vw, 420px\" \/><\/a>La mesa de negociaci\u00f3n andaluza del PTGAS estuvo presidida por Ram\u00f3n Herrera, Secretario General de Universidades de la Junta de Andaluc\u00eda, junto a Mario Mart\u00ednez Escoriza, director general de de Coordinaci\u00f3n Universitaria de la Junta de Andaluc\u00eda. Por parte de las Universidades P\u00fablicas de Andaluc\u00eda, asistieron a la reuni\u00f3n gerentes y responsables de personal. De las centrales sindicales acudieron delegaciones de CCOO, UGT y CSIF.<\/p>\n","protected":false},"excerpt":{"rendered":"<p>Con el fin de estudiar la modificaci\u00f3n del Acuerdo por el que se regula la evaluaci\u00f3n del desempe\u00f1o y la carrera profesional horizontal del Personal T\u00e9cnico, de Gesti\u00f3n y de Administraci\u00f3n y Servicios de las Universidades P\u00fablicas de Andaluc\u00eda; y la actualizaci\u00f3n de los trienios del PTGAS de acuerdo en aplicaci\u00f3n de la Ley de Funci\u00f3n P\u00fablica, la Mesa Sectorial andaluza del Personal T\u00e9cnico de Gesti\u00f3n y Administraci\u00f3n de Servicios ha celebrado esta ma\u00f1ana una sesi\u00f3n de trabajo en el campus de la Universidad Pablo de Olavide.<\/p>\n","protected":false},"author":6,"featured_media":30886079,"comment_status":"closed","ping_status":"open","sticky":false,"template":"","format":"standard","meta":{"_monsterinsights_skip_tracking":false,"_monsterinsights_sitenote_active":false,"_monsterinsights_sitenote_note":"","_monsterinsights_sitenote_category":0,"footnotes":""},"categories":[6],"tags":[8868,874,203,8572,1213,9052],"class_list":["post-30886078","post","type-post","status-publish","format-standard","has-post-thumbnail","hentry","category-institucional","tag-carrera-horizontal","tag-financiacion","tag-junta-de-andalucia","tag-ptgas","tag-sindicatos","tag-universidades-publicas-de-andalucia"],"_links":{"self":[{"href":"https:\/\/www.upo.es\/diario\/wp-json\/wp\/v2\/posts\/30886078","targetHints":{"allow":["GET"]}}],"collection":[{"href":"https:\/\/www.upo.es\/diario\/wp-json\/wp\/v2\/posts"}],"about":[{"href":"https:\/\/www.upo.es\/diario\/wp-json\/wp\/v2\/types\/post"}],"author":[{"embeddable":true,"href":"https:\/\/www.upo.es\/diario\/wp-json\/wp\/v2\/users\/6"}],"replies":[{"embeddable":true,"href":"https:\/\/www.upo.es\/diario\/wp-json\/wp\/v2\/comments?post=30886078"}],"version-history":[{"count":7,"href":"https:\/\/www.upo.es\/diario\/wp-json\/wp\/v2\/posts\/30886078\/revisions"}],"predecessor-version":[{"id":30886087,"href":"https:\/\/www.upo.es\/diario\/wp-json\/wp\/v2\/posts\/30886078\/revisions\/30886087"}],"wp:featuredmedia":[{"embeddable":true,"href":"https:\/\/www.upo.es\/diario\/wp-json\/wp\/v2\/media\/30886079"}],"wp:attachment":[{"href":"https:\/\/www.upo.es\/diario\/wp-json\/wp\/v2\/media?parent=30886078"}],"wp:term":[{"taxonomy":"category","embeddable":true,"href":"https:\/\/www.upo.es\/diario\/wp-json\/wp\/v2\/categories?post=30886078"},{"taxonomy":"post_tag","embeddable":true,"href":"https:\/\/www.upo.es\/diario\/wp-json\/wp\/v2\/tags?post=30886078"}],"curies":[{"name":"wp","href":"https:\/\/api.w.org\/{rel}","templated":true}]}}