{"id":30886113,"date":"2025-04-07T12:05:11","date_gmt":"2025-04-07T10:05:11","guid":{"rendered":"https:\/\/www.upo.es\/diario\/?p=30886113"},"modified":"2025-04-21T09:35:16","modified_gmt":"2025-04-21T07:35:16","slug":"francisco-oliva-preside-en-la-universidad-nacional-de-cordoba-la-asamblea-general-de-la-auip","status":"publish","type":"post","link":"https:\/\/www.upo.es\/diario\/institucional\/2025\/04\/francisco-oliva-preside-en-la-universidad-nacional-de-cordoba-la-asamblea-general-de-la-auip\/","title":{"rendered":"Francisco Oliva preside en la Universidad Nacional de C\u00f3rdoba la Asamblea General de la AUIP"},"content":{"rendered":"<figure id=\"attachment_30886122\" aria-describedby=\"caption-attachment-30886122\" style=\"width: 750px\" class=\"wp-caption aligncenter\"><a href=\"https:\/\/www.upo.es\/diario\/wp-content\/uploads\/2025\/04\/AUIP-Argentina_2025-e1744019104829.jpeg\"><img loading=\"lazy\" decoding=\"async\" class=\"size-large wp-image-30886122\" src=\"https:\/\/www.upo.es\/diario\/wp-content\/uploads\/2025\/04\/AUIP-Argentina_2025-e1744019104829-750x371.jpeg\" alt=\"Asamblea de la AUIP en la Universidad Nacional de C\u00f3rdoba (Argentina)\" width=\"750\" height=\"371\" srcset=\"https:\/\/www.upo.es\/diario\/wp-content\/uploads\/2025\/04\/AUIP-Argentina_2025-e1744019104829-750x371.jpeg 750w, https:\/\/www.upo.es\/diario\/wp-content\/uploads\/2025\/04\/AUIP-Argentina_2025-e1744019104829-420x208.jpeg 420w, https:\/\/www.upo.es\/diario\/wp-content\/uploads\/2025\/04\/AUIP-Argentina_2025-e1744019104829-768x380.jpeg 768w, https:\/\/www.upo.es\/diario\/wp-content\/uploads\/2025\/04\/AUIP-Argentina_2025-e1744019104829-1536x761.jpeg 1536w, https:\/\/www.upo.es\/diario\/wp-content\/uploads\/2025\/04\/AUIP-Argentina_2025-e1744019104829-1320x654.jpeg 1320w, https:\/\/www.upo.es\/diario\/wp-content\/uploads\/2025\/04\/AUIP-Argentina_2025-e1744019104829.jpeg 1599w\" sizes=\"auto, (max-width: 750px) 100vw, 750px\" \/><\/a><figcaption id=\"caption-attachment-30886122\" class=\"wp-caption-text\">Asamblea de la AUIP en la Universidad Nacional de C\u00f3rdoba (Argentina)<\/figcaption><\/figure>\n<p>Responsables acad\u00e9micos de universidades de Latinoam\u00e9rica, el Caribe, Espa\u00f1a y Portugal han asistido a la <strong>Asamblea General, Comisi\u00f3n Ejecutiva y Foro Acad\u00e9mico<\/strong> de la <a href=\"https:\/\/auip.org\/es\/\">Asociaci\u00f3n Universitaria Iberoamericana de Postgrado (AUIP)<\/a>, celebrada los d\u00edas 31 de marzo y 1 de abril en la Universidad Nacional de C\u00f3rdoba (UNC), Argentina.<\/p>\n<p><strong>El rector de la Universidad Pablo de Olavide, que preside la Comisi\u00f3n Ejecutiva, destac\u00f3 durante la Asamblea las actividades llevadas a cabo por la AUIP en el \u00faltimo a\u00f1o<\/strong>, como reuniones celebradas con el Secretario General de la SEGIB (Secretar\u00eda General Iberoamericana); con la Asociaci\u00f3n Iberoamericana de C\u00e1maras de Comercio, Industria y Servicios (AIC); con el Banco de Desarrollo de Am\u00e9rica Latina y el Caribe; el Consorcio de Universidades Mexicanas (CUMex); y la Asociaci\u00f3n Colombiana de Universidades (ASCUN).<\/p>\n<p><a href=\"https:\/\/www.upo.es\/diario\/wp-content\/uploads\/2025\/04\/AUIP-Argentina-Cordoba-scaled.jpg\"><img loading=\"lazy\" decoding=\"async\" class=\"alignright size-medium wp-image-30886124\" src=\"https:\/\/www.upo.es\/diario\/wp-content\/uploads\/2025\/04\/AUIP-Argentina-Cordoba-420x272.jpg\" alt=\"Asamblea AUIP en la UNC (Argentina)\" width=\"420\" height=\"272\" srcset=\"https:\/\/www.upo.es\/diario\/wp-content\/uploads\/2025\/04\/AUIP-Argentina-Cordoba-420x272.jpg 420w, https:\/\/www.upo.es\/diario\/wp-content\/uploads\/2025\/04\/AUIP-Argentina-Cordoba-750x486.jpg 750w, https:\/\/www.upo.es\/diario\/wp-content\/uploads\/2025\/04\/AUIP-Argentina-Cordoba-768x498.jpg 768w, https:\/\/www.upo.es\/diario\/wp-content\/uploads\/2025\/04\/AUIP-Argentina-Cordoba-1536x996.jpg 1536w, https:\/\/www.upo.es\/diario\/wp-content\/uploads\/2025\/04\/AUIP-Argentina-Cordoba-2048x1328.jpg 2048w, https:\/\/www.upo.es\/diario\/wp-content\/uploads\/2025\/04\/AUIP-Argentina-Cordoba-665x430.jpg 665w, https:\/\/www.upo.es\/diario\/wp-content\/uploads\/2025\/04\/AUIP-Argentina-Cordoba-1320x856.jpg 1320w\" sizes=\"auto, (max-width: 420px) 100vw, 420px\" \/><\/a>En las sesiones celebradas en la Universidad Nacional de C\u00f3rdoba \u2014la universidad m\u00e1s antigua de Argentina, fundada en 1613\u2014 se trataron temas como la colaboraci\u00f3n de la AUIP en las celebraciones del Centenario de la Generaci\u00f3n del 27 y de la Exposici\u00f3n Universal celebrada en 1929. Asimismo, se inform\u00f3 de la convocatoria de las <a href=\"https:\/\/auip.org\/es\/becas-auip\/2918-becas-auip304\">nuevas becas Federico Garc\u00eda Lorca<\/a>, para la realizaci\u00f3n de M\u00e1steres en las Universidades P\u00fablicas de Andaluc\u00eda, y de la puesta en marcha de una futura Red Alumni.<\/p>\n<p>En el <strong>Foro Acad\u00e9mico<\/strong> se debati\u00f3 en torno a decisiones estrat\u00e9gicas y acciones con el fin de reforzar entre las instituciones de educaci\u00f3n superior iberoamericanas la colaboraci\u00f3n en la docencia, la investigaci\u00f3n, la transferencia y la extensi\u00f3n universitaria. En el marco de este Foro se desarroll\u00f3 la mesa redonda &#8216;El multiling\u00fcismo en la ciencia y la cultura&#8217;.<\/p>\n<p><a href=\"https:\/\/www.upo.es\/diario\/wp-content\/uploads\/2025\/04\/unc-red-est-intl.jpg\"><img loading=\"lazy\" decoding=\"async\" class=\"alignright size-medium wp-image-30886125\" src=\"https:\/\/www.upo.es\/diario\/wp-content\/uploads\/2025\/04\/unc-red-est-intl-420x316.jpg\" alt=\"Rectores de la UPO, UCO y UNC con el acuerdo para fortalecer la la Red Internacional de Participaci\u00f3n Estudiantil\" width=\"420\" height=\"316\" srcset=\"https:\/\/www.upo.es\/diario\/wp-content\/uploads\/2025\/04\/unc-red-est-intl-420x316.jpg 420w, https:\/\/www.upo.es\/diario\/wp-content\/uploads\/2025\/04\/unc-red-est-intl-699x525.jpg 699w, https:\/\/www.upo.es\/diario\/wp-content\/uploads\/2025\/04\/unc-red-est-intl-768x577.jpg 768w, https:\/\/www.upo.es\/diario\/wp-content\/uploads\/2025\/04\/unc-red-est-intl-1536x1154.jpg 1536w, https:\/\/www.upo.es\/diario\/wp-content\/uploads\/2025\/04\/unc-red-est-intl.jpg 1600w, https:\/\/www.upo.es\/diario\/wp-content\/uploads\/2025\/04\/unc-red-est-intl-1320x992.jpg 1320w\" sizes=\"auto, (max-width: 420px) 100vw, 420px\" \/><\/a>En el marco de este encuentro de postgrado, el rector de la Universidad Pablo de Olavide ha firmado con la Universidad Nacional de C\u00f3rdoba (Argentina) y la Universidad de C\u00f3rdoba (Espa\u00f1a) un acuerdo para el fortalecimiento de la <a href=\"https:\/\/www.upo.es\/diario\/docencia-formacion\/2024\/10\/arranca-el-i-congreso-internacional-de-participacion-estudiantil-organizado-por-la-universidad-de-cordoba-y-universidad-pablo-de-olavide\/\">Red Internacional de Participaci\u00f3n Estudiantil<\/a>, con objeto de impulsar una participaci\u00f3n de los estudiantes comprometida con la sociedad del futuro y en defensa de un sistema universitario abierto y democr\u00e1tico.<\/p>\n<p>En paralelo, <strong>la Universidad Pablo de Olavide ha firmado con la Facultad de Lenguas de la UNC un convenio de colaboraci\u00f3n<\/strong> para el fomento de actividades acad\u00e9micas conjuntas entre ambas instituciones. Promovido por Mari\u00e1n Mor\u00f3n, vicerrectora de Internacionalizaci\u00f3n, UPO y UNC impulsar\u00e1n de este modo la movilidad de sus estudiantes e investigadores, principalmente para el avance de la investigaci\u00f3n en tecnolog\u00edas del lenguaje. De igual modo, Francisco Oliva se reuni\u00f3 con el rector de la <strong>Universidad de Buenos Aires<\/strong> (UBA), Ricardo Jorge Gelpi, como primer paso de futuros acuerdos y proyectos entre la UPO y la UBA.<\/p>\n","protected":false},"excerpt":{"rendered":"<p>La Asociaci\u00f3n Universitaria Iberoamericana de Postgrado celebra en Argentina la reuni\u00f3n anual de su Asamblea y Comisi\u00f3n Ejecutiva, que preside el rector de la Olavide<\/p>\n","protected":false},"author":6,"featured_media":30886122,"comment_status":"closed","ping_status":"open","sticky":false,"template":"","format":"standard","meta":{"_monsterinsights_skip_tracking":false,"_monsterinsights_sitenote_active":false,"_monsterinsights_sitenote_note":"","_monsterinsights_sitenote_category":0,"footnotes":""},"categories":[6],"tags":[876,5345,8663,64,7856,4021,805,925,82,9052],"class_list":["post-30886113","post","type-post","status-publish","format-standard","has-post-thumbnail","hentry","category-institucional","tag-argentina","tag-asamblea-general","tag-auip","tag-becas","tag-espacio-iberoamericano-del-conocimiento","tag-francisco-oliva-blazquez","tag-iberoamerica","tag-internacionalizacion","tag-postgrado","tag-universidades-publicas-de-andalucia"],"_links":{"self":[{"href":"https:\/\/www.upo.es\/diario\/wp-json\/wp\/v2\/posts\/30886113","targetHints":{"allow":["GET"]}}],"collection":[{"href":"https:\/\/www.upo.es\/diario\/wp-json\/wp\/v2\/posts"}],"about":[{"href":"https:\/\/www.upo.es\/diario\/wp-json\/wp\/v2\/types\/post"}],"author":[{"embeddable":true,"href":"https:\/\/www.upo.es\/diario\/wp-json\/wp\/v2\/users\/6"}],"replies":[{"embeddable":true,"href":"https:\/\/www.upo.es\/diario\/wp-json\/wp\/v2\/comments?post=30886113"}],"version-history":[{"count":11,"href":"https:\/\/www.upo.es\/diario\/wp-json\/wp\/v2\/posts\/30886113\/revisions"}],"predecessor-version":[{"id":30886133,"href":"https:\/\/www.upo.es\/diario\/wp-json\/wp\/v2\/posts\/30886113\/revisions\/30886133"}],"wp:featuredmedia":[{"embeddable":true,"href":"https:\/\/www.upo.es\/diario\/wp-json\/wp\/v2\/media\/30886122"}],"wp:attachment":[{"href":"https:\/\/www.upo.es\/diario\/wp-json\/wp\/v2\/media?parent=30886113"}],"wp:term":[{"taxonomy":"category","embeddable":true,"href":"https:\/\/www.upo.es\/diario\/wp-json\/wp\/v2\/categories?post=30886113"},{"taxonomy":"post_tag","embeddable":true,"href":"https:\/\/www.upo.es\/diario\/wp-json\/wp\/v2\/tags?post=30886113"}],"curies":[{"name":"wp","href":"https:\/\/api.w.org\/{rel}","templated":true}]}}