{"id":30886135,"date":"2025-04-08T10:50:41","date_gmt":"2025-04-08T08:50:41","guid":{"rendered":"https:\/\/www.upo.es\/diario\/?p=30886135"},"modified":"2025-04-22T13:28:30","modified_gmt":"2025-04-22T11:28:30","slug":"upo-consejeria-cultura-presentan-catedra-olavide-flamenco-acercar-este-arte-juventud-universitaria","status":"publish","type":"post","link":"https:\/\/www.upo.es\/diario\/institucional\/2025\/04\/upo-consejeria-cultura-presentan-catedra-olavide-flamenco-acercar-este-arte-juventud-universitaria\/","title":{"rendered":"La UPO y la Consejer\u00eda de Cultura presentan la C\u00e1tedra Olavide de Flamenco para acercar este arte a la juventud universitaria"},"content":{"rendered":"<figure id=\"attachment_30886136\" aria-describedby=\"caption-attachment-30886136\" style=\"width: 700px\" class=\"wp-caption aligncenter\"><a href=\"https:\/\/www.upo.es\/diario\/wp-content\/uploads\/2025\/04\/presentacion_catedra_flamenco02.jpeg\"><img loading=\"lazy\" decoding=\"async\" class=\"size-large wp-image-30886136\" src=\"https:\/\/www.upo.es\/diario\/wp-content\/uploads\/2025\/04\/presentacion_catedra_flamenco02-700x525.jpeg\" alt=\"\" width=\"700\" height=\"525\" srcset=\"https:\/\/www.upo.es\/diario\/wp-content\/uploads\/2025\/04\/presentacion_catedra_flamenco02-700x525.jpeg 700w, https:\/\/www.upo.es\/diario\/wp-content\/uploads\/2025\/04\/presentacion_catedra_flamenco02-420x315.jpeg 420w, https:\/\/www.upo.es\/diario\/wp-content\/uploads\/2025\/04\/presentacion_catedra_flamenco02-768x576.jpeg 768w, https:\/\/www.upo.es\/diario\/wp-content\/uploads\/2025\/04\/presentacion_catedra_flamenco02-1536x1152.jpeg 1536w, https:\/\/www.upo.es\/diario\/wp-content\/uploads\/2025\/04\/presentacion_catedra_flamenco02-1320x990.jpeg 1320w, https:\/\/www.upo.es\/diario\/wp-content\/uploads\/2025\/04\/presentacion_catedra_flamenco02.jpeg 1600w\" sizes=\"auto, (max-width: 700px) 100vw, 700px\" \/><\/a><figcaption id=\"caption-attachment-30886136\" class=\"wp-caption-text\">Presentaci\u00f3n oficial de la C\u00e1tedra Olavide de Flamenco.<\/figcaption><\/figure>\n<p>La presentaci\u00f3n oficial de la C\u00e1tedra Olavide de Flamenco, un proyecto pionero en Andaluc\u00eda en colaboraci\u00f3n con la Agencia Andaluza de Instituciones Culturales a trav\u00e9s del Instituto Andaluz del Flamenco, dependiente de la Consejer\u00eda de Cultura y Deporte, ha tenido lugar este lunes con la presencia de Patricia del Pozo, consejera de Cultura de la Junta de Andaluc\u00eda; Francisco Oliva, rector de la Universidad Pablo de Olavide; Crist\u00f3bal Ortega, director del Instituto; y Laura G\u00f3mez, vicerrectora de Cultura y Pol\u00edticas Sociales de la Universidad.<\/p>\n<p>\u201cFruto de m\u00e1s de un a\u00f1o de intenso trabajo conjunto, la C\u00e1tedra nace con el objetivo de crear un v\u00ednculo entre los j\u00f3venes universitarios y universitarias con el flamenco, Patrimonio Cultural Inmaterial de la Humanidad por la UNESCO desde 2010\u201d, ha destacado Francisco Oliva.<\/p>\n<p><a href=\"https:\/\/www.upo.es\/diario\/wp-content\/uploads\/2025\/04\/presentacion_catedra_flamenco01.jpeg\"><img loading=\"lazy\" decoding=\"async\" class=\"alignright wp-image-30886137 size-medium\" src=\"https:\/\/www.upo.es\/diario\/wp-content\/uploads\/2025\/04\/presentacion_catedra_flamenco01-420x315.jpeg\" alt=\"\" width=\"420\" height=\"315\" srcset=\"https:\/\/www.upo.es\/diario\/wp-content\/uploads\/2025\/04\/presentacion_catedra_flamenco01-420x315.jpeg 420w, https:\/\/www.upo.es\/diario\/wp-content\/uploads\/2025\/04\/presentacion_catedra_flamenco01-700x525.jpeg 700w, https:\/\/www.upo.es\/diario\/wp-content\/uploads\/2025\/04\/presentacion_catedra_flamenco01-768x576.jpeg 768w, https:\/\/www.upo.es\/diario\/wp-content\/uploads\/2025\/04\/presentacion_catedra_flamenco01-1536x1152.jpeg 1536w, https:\/\/www.upo.es\/diario\/wp-content\/uploads\/2025\/04\/presentacion_catedra_flamenco01-1320x990.jpeg 1320w, https:\/\/www.upo.es\/diario\/wp-content\/uploads\/2025\/04\/presentacion_catedra_flamenco01.jpeg 1600w\" sizes=\"auto, (max-width: 420px) 100vw, 420px\" \/><\/a>Por su parte, la consejera ha se\u00f1alado que \u201cla puesta en marcha de esta c\u00e1tedra supone un paso m\u00e1s en la implantaci\u00f3n de la Ley Andaluza de Flamenco\u00bb. \u00abUn marco legal \u2013ha comentado la titular de Cultura- que recoge la obligatoriedad de fomentar en las escuelas el conocimiento de esta forma de expresi\u00f3n andaluza, as\u00ed como impulsar con las universidades la creaci\u00f3n de c\u00e1tedras de flamenco para promocionar, y, sobre todo, impulsar la investigaci\u00f3n de este arte\u201d.<\/p>\n<p>La C\u00e1tedra Olavide de Flamenco est\u00e1 dirigida por el profesor Fernando Ruiz Morales y cuenta con la prestigiosa bailaora Eva Yerbabuena en la direcci\u00f3n art\u00edstica. Tiene su origen en un convenio entre la Universidad y la Consejer\u00eda firmado en 2024 y cuenta entre sus \u00f3rganos con un Consejo formado por profesorado de la Universidad Pablo de Olavide y representantes de la Agencia Andaluza de Instituciones Culturales, y con una Comisi\u00f3n de Seguimiento, presidida por Laura G\u00f3mez y Crist\u00f3bal Ortega.<\/p>\n<p>La nueva c\u00e1tedra de la Universidad Pablo de Olavide tiene previstas actividades de formaci\u00f3n y difusi\u00f3n, y de investigaci\u00f3n y empleabilidad relacionadas con el flamenco. Nace para ello con un presupuesto inicial cercano a los 66.000 euros para el a\u00f1o 2025, gracias a la financiaci\u00f3n conjunta de la UPO y la Consejer\u00eda de Cultura y Deporte, y de nueve ayuntamientos sevillanos adheridos al proyecto: Alcal\u00e1 de Guada\u00edra, Carmona, La Puebla de Cazalla, Las Cabezas de San Juan, Lebrija, Los Palacios y Villafranca, Mairena del Alcor, Tomares y Utrera. De este modo, se presenta con la vocaci\u00f3n de extender sus actividades a toda la provincia de Sevilla.<\/p>\n<p>Entre las actividades previstas por la C\u00e1tedra Olavide de Flamenco para este a\u00f1o destacan el <a href=\"https:\/\/www.upo.es\/formacionpermanente\/microcredenciales\/especialista-en-gestion-cultural-del-flamenco\/\">curso universitario \u2018Especialista en Gesti\u00f3n Cultural del Flamenco\u2019<\/a>, una microcredencial impulsada por ambas instituciones que va ya por su segunda edici\u00f3n y que ahora acoge la C\u00e1tedra; el Festival Universitario de Flamenco de la Pablo de Olavide, que ya ha celebrado <a href=\"https:\/\/www.upo.es\/diario\/cultura-social\/2023\/11\/el-ii-festival-universitario-de-flamenco-de-la-upo-aborda-las-transgresiones-de-los-limites-esteticos\/\">dos ediciones<\/a> y se organizar\u00e1 en el campus bienalmente; un curso anual en el marco de los Cursos de Verano de la Olavide en Carmona; y la participaci\u00f3n en la conmemoraci\u00f3n del decimoquinto aniversario de la inclusi\u00f3n del Flamenco en la Lista Representativa del Patrimonio Cultural Inmaterial de la Humanidad, que ya organiza el Instituto Andaluz del Flamenco. Adem\u00e1s, se organizar\u00e1n actividades espec\u00edficas con los ayuntamientos que se han sumado a la C\u00e1tedra.<\/p>\n","protected":false},"excerpt":{"rendered":"<p>La presentaci\u00f3n oficial de la C\u00e1tedra Olavide de Flamenco, un proyecto pionero en Andaluc\u00eda en colaboraci\u00f3n con la Agencia Andaluza de Instituciones Culturales a trav\u00e9s\u00a0 del Instituto Andaluz del Flamenco, dependiente de la Consejer\u00eda de Cultura y Deporte, ha tenido lugar este lunes con la presencia de Patricia del Pozo, consejera de Cultura de la Junta de Andaluc\u00eda; Francisco Oliva, rector de la Universidad Pablo de Olavide; Crist\u00f3bal Ortega, director del Instituto; y Laura G\u00f3mez, vicerrectora de Cultura y Pol\u00edticas Sociales de la Universidad.<\/p>\n","protected":false},"author":2,"featured_media":30886136,"comment_status":"closed","ping_status":"open","sticky":false,"template":"","format":"standard","meta":{"_monsterinsights_skip_tracking":false,"_monsterinsights_sitenote_active":false,"_monsterinsights_sitenote_note":"","_monsterinsights_sitenote_category":0,"footnotes":""},"categories":[6],"tags":[358,9116,5834,93,4360,3939,7194],"class_list":["post-30886135","post","type-post","status-publish","format-standard","has-post-thumbnail","hentry","category-institucional","tag-catedra","tag-consejeria-de-cultura-y-deporte","tag-cultura","tag-flamenco","tag-gestion-cultural","tag-instituto-andaluz-del-flamenco","tag-vicerrectorado-de-cultura-y-politicas-sociales"],"_links":{"self":[{"href":"https:\/\/www.upo.es\/diario\/wp-json\/wp\/v2\/posts\/30886135","targetHints":{"allow":["GET"]}}],"collection":[{"href":"https:\/\/www.upo.es\/diario\/wp-json\/wp\/v2\/posts"}],"about":[{"href":"https:\/\/www.upo.es\/diario\/wp-json\/wp\/v2\/types\/post"}],"author":[{"embeddable":true,"href":"https:\/\/www.upo.es\/diario\/wp-json\/wp\/v2\/users\/2"}],"replies":[{"embeddable":true,"href":"https:\/\/www.upo.es\/diario\/wp-json\/wp\/v2\/comments?post=30886135"}],"version-history":[{"count":1,"href":"https:\/\/www.upo.es\/diario\/wp-json\/wp\/v2\/posts\/30886135\/revisions"}],"predecessor-version":[{"id":30886138,"href":"https:\/\/www.upo.es\/diario\/wp-json\/wp\/v2\/posts\/30886135\/revisions\/30886138"}],"wp:featuredmedia":[{"embeddable":true,"href":"https:\/\/www.upo.es\/diario\/wp-json\/wp\/v2\/media\/30886136"}],"wp:attachment":[{"href":"https:\/\/www.upo.es\/diario\/wp-json\/wp\/v2\/media?parent=30886135"}],"wp:term":[{"taxonomy":"category","embeddable":true,"href":"https:\/\/www.upo.es\/diario\/wp-json\/wp\/v2\/categories?post=30886135"},{"taxonomy":"post_tag","embeddable":true,"href":"https:\/\/www.upo.es\/diario\/wp-json\/wp\/v2\/tags?post=30886135"}],"curies":[{"name":"wp","href":"https:\/\/api.w.org\/{rel}","templated":true}]}}