{"id":30886140,"date":"2025-04-08T12:46:36","date_gmt":"2025-04-08T10:46:36","guid":{"rendered":"https:\/\/www.upo.es\/diario\/?p=30886140"},"modified":"2025-04-22T13:28:29","modified_gmt":"2025-04-22T11:28:29","slug":"arranca-universidad-pablo-olavide-vi-edicion-seminario-nacional-deporte-inclusivo","status":"publish","type":"post","link":"https:\/\/www.upo.es\/diario\/docencia-formacion\/2025\/04\/arranca-universidad-pablo-olavide-vi-edicion-seminario-nacional-deporte-inclusivo\/","title":{"rendered":"Arranca en la Universidad Pablo de Olavide la VI edici\u00f3n del Seminario Nacional de Deporte Inclusivo"},"content":{"rendered":"<figure id=\"attachment_30886142\" aria-describedby=\"caption-attachment-30886142\" style=\"width: 750px\" class=\"wp-caption aligncenter\"><a href=\"https:\/\/www.upo.es\/diario\/wp-content\/uploads\/2025\/04\/seminario_Deporte02b-1-scaled.jpg\"><img loading=\"lazy\" decoding=\"async\" class=\"size-large wp-image-30886142\" src=\"https:\/\/www.upo.es\/diario\/wp-content\/uploads\/2025\/04\/seminario_Deporte02b-1-750x500.jpg\" alt=\"\" width=\"750\" height=\"500\" srcset=\"https:\/\/www.upo.es\/diario\/wp-content\/uploads\/2025\/04\/seminario_Deporte02b-1-750x500.jpg 750w, https:\/\/www.upo.es\/diario\/wp-content\/uploads\/2025\/04\/seminario_Deporte02b-1-420x280.jpg 420w, https:\/\/www.upo.es\/diario\/wp-content\/uploads\/2025\/04\/seminario_Deporte02b-1-768x512.jpg 768w, https:\/\/www.upo.es\/diario\/wp-content\/uploads\/2025\/04\/seminario_Deporte02b-1-1536x1024.jpg 1536w, https:\/\/www.upo.es\/diario\/wp-content\/uploads\/2025\/04\/seminario_Deporte02b-1-2048x1365.jpg 2048w, https:\/\/www.upo.es\/diario\/wp-content\/uploads\/2025\/04\/seminario_Deporte02b-1-165x109.jpg 165w, https:\/\/www.upo.es\/diario\/wp-content\/uploads\/2025\/04\/seminario_Deporte02b-1-1320x880.jpg 1320w\" sizes=\"auto, (max-width: 750px) 100vw, 750px\" \/><\/a><figcaption id=\"caption-attachment-30886142\" class=\"wp-caption-text\">De izquierda a derecha, Luis Leardy Antol\u00edn, Isabel Mart\u00ednez Lozano, Antonio Fern\u00e1ndez Mart\u00ednez, Carmen Mar\u00eda Corral Romero y Ram\u00f3n M\u00e9ndez de Vigo Fern\u00e1ndez de C\u00f3rdoba.<\/figcaption><\/figure>\n<p>Esta ma\u00f1ana ha dado comienzo en la Universidad Pablo de Olavide la <a href=\"https:\/\/sites.google.com\/view\/seminario-deporte-upo\/inicio\">VI edici\u00f3n del Seminario Nacional de Deporte Inclusivo<\/a>, un encuentro anual para profesionales, deportistas y estudiantes relacionados con el deporte adaptado con el objetivo de promover la <strong>inclusi\u00f3n de las personas con discapacidad a trav\u00e9s de la actividad f\u00edsica<\/strong>. El evento, que se celebra por primera vez en Andaluc\u00eda, ha sido organizado junto a la <strong>Fundaci\u00f3n ONCE<\/strong>.<\/p>\n<p>El acto de inauguraci\u00f3n ha contado con las intervenciones de <strong>Antonio Fern\u00e1ndez Mart\u00ednez<\/strong>, vicerrector de Campus Saludable y Deporte de la UPO y presidente del Seminario; <strong>Isabel Mart\u00ednez Lozano<\/strong>, directora de Programas con Universidades y Promoci\u00f3n del Talento Joven de Fundaci\u00f3n ONCE; <strong>Carmen Mar\u00eda Corral Romero<\/strong>, Controller Financiero Caja Rural del Sur; <strong>Ram\u00f3n M\u00e9ndez de Vigo Fern\u00e1ndez de C\u00f3rdoba<\/strong>, Relaciones Institucionales Seguros RGA; y <strong>Luis Leardy Antol\u00edn<\/strong>, director de Comunicaci\u00f3n y Relaciones Externas del\u00a0 Comit\u00e9 Paral\u00edmpico Espa\u00f1ol.<\/p>\n<figure id=\"attachment_30886144\" aria-describedby=\"caption-attachment-30886144\" style=\"width: 420px\" class=\"wp-caption alignright\"><a href=\"https:\/\/www.upo.es\/diario\/wp-content\/uploads\/2025\/04\/seminario_Deporte05-1-scaled.jpg\"><img loading=\"lazy\" decoding=\"async\" class=\"size-medium wp-image-30886144\" src=\"https:\/\/www.upo.es\/diario\/wp-content\/uploads\/2025\/04\/seminario_Deporte05-1-420x280.jpg\" alt=\"\" width=\"420\" height=\"280\" srcset=\"https:\/\/www.upo.es\/diario\/wp-content\/uploads\/2025\/04\/seminario_Deporte05-1-420x280.jpg 420w, https:\/\/www.upo.es\/diario\/wp-content\/uploads\/2025\/04\/seminario_Deporte05-1-750x500.jpg 750w, https:\/\/www.upo.es\/diario\/wp-content\/uploads\/2025\/04\/seminario_Deporte05-1-768x512.jpg 768w, https:\/\/www.upo.es\/diario\/wp-content\/uploads\/2025\/04\/seminario_Deporte05-1-1536x1024.jpg 1536w, https:\/\/www.upo.es\/diario\/wp-content\/uploads\/2025\/04\/seminario_Deporte05-1-2048x1365.jpg 2048w, https:\/\/www.upo.es\/diario\/wp-content\/uploads\/2025\/04\/seminario_Deporte05-1-165x109.jpg 165w, https:\/\/www.upo.es\/diario\/wp-content\/uploads\/2025\/04\/seminario_Deporte05-1-1320x880.jpg 1320w\" sizes=\"auto, (max-width: 420px) 100vw, 420px\" \/><\/a><figcaption id=\"caption-attachment-30886144\" class=\"wp-caption-text\">Sergio Garrote Mu\u00f1oz.<\/figcaption><\/figure>\n<p>\u201cQueremos que este Seminario, que hemos organizado con tanto cari\u00f1o, sea un foro de debate, reflexi\u00f3n e intercambio de experiencias inspiradoras respecto al deporte inclusivo. Especialmente se profundizar\u00e1 en las barreras que encuentran los y las deportistas con discapacidad para afrontar sus estudios universitarios y conoceremos experiencias de esa transici\u00f3n al mundo laboral\u201d, ha destacado Antonio Fern\u00e1ndez.<\/p>\n<p>A continuaci\u00f3n, <strong>Sergio Garrote Mu\u00f1oz<\/strong>, ciclista paral\u00edmpico en la modalidad de <em>Handbike <\/em>-cuatro medallas en Juegos Paral\u00edmpicos, campe\u00f3n Mundial y Europeo- ha ofrecido la conferencia inaugural \u201cEl deporte como herramienta de inclusi\u00f3n: el ciclismo es mi segunda oportunidad\u201d.<\/p>\n<p>El seminario abordar\u00e1 el papel del deporte como herramienta de integraci\u00f3n social, enfoc\u00e1ndose especialmente en estudiantes deportistas con discapacidad en el \u00e1mbito universitario y su posterior inserci\u00f3n laboral. El programa incluye <strong>mesas redondas y sesiones pr\u00e1cticas<\/strong> que explorar\u00e1n estrategias para fomentar la participaci\u00f3n en diversas disciplinas deportivas.<\/p>\n<p>Entre las actividades destacadas se encuentran talleres pr\u00e1cticos sobre <em>boccia <\/em>inclusiva, <em>sitting volley<\/em>, flamenco y sevillanas adaptadas, f\u00fatbol unificado, escalada, deportes de monta\u00f1a y <em>Dragon boat<\/em>. Estas sesiones permitir\u00e1n a los participantes experimentar de primera mano diferentes modalidades deportivas adaptadas.<\/p>\n<figure id=\"attachment_30886143\" aria-describedby=\"caption-attachment-30886143\" style=\"width: 420px\" class=\"wp-caption alignleft\"><a href=\"https:\/\/www.upo.es\/diario\/wp-content\/uploads\/2025\/04\/seminario_Deporte01-1-scaled.jpg\"><img loading=\"lazy\" decoding=\"async\" class=\"size-medium wp-image-30886143\" src=\"https:\/\/www.upo.es\/diario\/wp-content\/uploads\/2025\/04\/seminario_Deporte01-1-420x280.jpg\" alt=\"\" width=\"420\" height=\"280\" srcset=\"https:\/\/www.upo.es\/diario\/wp-content\/uploads\/2025\/04\/seminario_Deporte01-1-420x280.jpg 420w, https:\/\/www.upo.es\/diario\/wp-content\/uploads\/2025\/04\/seminario_Deporte01-1-750x500.jpg 750w, https:\/\/www.upo.es\/diario\/wp-content\/uploads\/2025\/04\/seminario_Deporte01-1-768x512.jpg 768w, https:\/\/www.upo.es\/diario\/wp-content\/uploads\/2025\/04\/seminario_Deporte01-1-1536x1024.jpg 1536w, https:\/\/www.upo.es\/diario\/wp-content\/uploads\/2025\/04\/seminario_Deporte01-1-2048x1365.jpg 2048w, https:\/\/www.upo.es\/diario\/wp-content\/uploads\/2025\/04\/seminario_Deporte01-1-165x109.jpg 165w, https:\/\/www.upo.es\/diario\/wp-content\/uploads\/2025\/04\/seminario_Deporte01-1-1320x880.jpg 1320w\" sizes=\"auto, (max-width: 420px) 100vw, 420px\" \/><\/a><figcaption id=\"caption-attachment-30886143\" class=\"wp-caption-text\">Imagen de la inauguraci\u00f3n del Seminario.<\/figcaption><\/figure>\n<p>Adem\u00e1s, se llevar\u00e1 a cabo el concurso \u2018Tu proyecto deportivo&amp;inclusivo en tres minutos\u2019, destinado a dar a conocer iniciativas de investigaci\u00f3n o intervenci\u00f3n relacionadas con el deporte para personas con discapacidad. El certamen cuenta con dos categor\u00edas: alumnado y profesorado\/profesionales, otorgando un primer premio y un acc\u00e9sit en cada una de ellas.<\/p>\n<p>La celebraci\u00f3n del Seminario Nacional de Deporte Inclusivo en Sevilla representa una oportunidad para fomentar la creaci\u00f3n de pol\u00edticas y programas deportivos que garanticen la participaci\u00f3n de todas las personas en igualdad de condiciones. <strong>Fundaci\u00f3n Caja Rural del Sur<\/strong> y el <strong>Ayuntamiento de Dos Hermanas<\/strong> patrocinan este evento que cuenta asimismo con la colaboraci\u00f3n del <strong>Comit\u00e9 Paral\u00edmpico Espa\u00f1ol<\/strong>, la <strong>Universidad de Sevilla<\/strong>, el <strong>Centro Universitario San Isidoro<\/strong>, el <strong>Centro de Estudios Universitarios Cardenal Sp\u00ednola<\/strong> y la <strong>Escuela Universitaria de Osuna<\/strong>.<\/p>\n<p>La asistencia al seminario es gratuita y podr\u00e1 seguirse tambi\u00e9n <em>online<\/em>.<\/p>\n<h3><strong>M\u00e1s informaci\u00f3n:<\/strong><\/h3>\n<p><a href=\"https:\/\/sites.google.com\/view\/seminario-deporte-upo\/inicio\">https:\/\/sites.google.com\/view\/seminario-deporte-upo\/inicio<\/a><\/p>\n<p>&nbsp;<\/p>\n","protected":false},"excerpt":{"rendered":"<p>Esta ma\u00f1ana ha dado comienzo en la Universidad Pablo de Olavide la VI edici\u00f3n del Seminario Nacional de Deporte Inclusivo, un encuentro anual para profesionales, deportistas y estudiantes relacionados con el deporte adaptado con el objetivo de promover la inclusi\u00f3n de las personas con discapacidad a trav\u00e9s de la actividad f\u00edsica. El evento, que se celebra por primera vez en Andaluc\u00eda, ha sido organizado junto a la Fundaci\u00f3n ONCE.<\/p>\n","protected":false},"author":2,"featured_media":30886142,"comment_status":"closed","ping_status":"open","sticky":false,"template":"","format":"standard","meta":{"_monsterinsights_skip_tracking":false,"_monsterinsights_sitenote_active":false,"_monsterinsights_sitenote_note":"","_monsterinsights_sitenote_category":0,"footnotes":""},"categories":[2779],"tags":[666,7428,541,1210,3456,78,7253],"class_list":["post-30886140","post","type-post","status-publish","format-standard","has-post-thumbnail","hentry","category-docencia-formacion","tag-actividad-fisica","tag-antonio-fernandez-martinez","tag-deporte","tag-discapacidad","tag-inclusion","tag-seminario","tag-vicerrectorado-de-campus-saludable-y-deporte"],"_links":{"self":[{"href":"https:\/\/www.upo.es\/diario\/wp-json\/wp\/v2\/posts\/30886140","targetHints":{"allow":["GET"]}}],"collection":[{"href":"https:\/\/www.upo.es\/diario\/wp-json\/wp\/v2\/posts"}],"about":[{"href":"https:\/\/www.upo.es\/diario\/wp-json\/wp\/v2\/types\/post"}],"author":[{"embeddable":true,"href":"https:\/\/www.upo.es\/diario\/wp-json\/wp\/v2\/users\/2"}],"replies":[{"embeddable":true,"href":"https:\/\/www.upo.es\/diario\/wp-json\/wp\/v2\/comments?post=30886140"}],"version-history":[{"count":2,"href":"https:\/\/www.upo.es\/diario\/wp-json\/wp\/v2\/posts\/30886140\/revisions"}],"predecessor-version":[{"id":30886145,"href":"https:\/\/www.upo.es\/diario\/wp-json\/wp\/v2\/posts\/30886140\/revisions\/30886145"}],"wp:featuredmedia":[{"embeddable":true,"href":"https:\/\/www.upo.es\/diario\/wp-json\/wp\/v2\/media\/30886142"}],"wp:attachment":[{"href":"https:\/\/www.upo.es\/diario\/wp-json\/wp\/v2\/media?parent=30886140"}],"wp:term":[{"taxonomy":"category","embeddable":true,"href":"https:\/\/www.upo.es\/diario\/wp-json\/wp\/v2\/categories?post=30886140"},{"taxonomy":"post_tag","embeddable":true,"href":"https:\/\/www.upo.es\/diario\/wp-json\/wp\/v2\/tags?post=30886140"}],"curies":[{"name":"wp","href":"https:\/\/api.w.org\/{rel}","templated":true}]}}