{"id":30886155,"date":"2025-04-08T17:22:22","date_gmt":"2025-04-08T15:22:22","guid":{"rendered":"https:\/\/www.upo.es\/diario\/?p=30886155"},"modified":"2025-04-22T13:28:28","modified_gmt":"2025-04-22T11:28:28","slug":"junta-y-universidades-firman-el-acuerdo-para-financiar-los-complementos-retributivos","status":"publish","type":"post","link":"https:\/\/www.upo.es\/diario\/institucional\/2025\/04\/junta-y-universidades-firman-el-acuerdo-para-financiar-los-complementos-retributivos\/","title":{"rendered":"Junta y Universidades firman el acuerdo para financiar los complementos retributivos"},"content":{"rendered":"<figure id=\"attachment_30886156\" aria-describedby=\"caption-attachment-30886156\" style=\"width: 750px\" class=\"wp-caption aligncenter\"><a href=\"https:\/\/www.upo.es\/diario\/wp-content\/uploads\/2025\/04\/AUPA.jpeg\"><img loading=\"lazy\" decoding=\"async\" class=\"size-large wp-image-30886156\" src=\"https:\/\/www.upo.es\/diario\/wp-content\/uploads\/2025\/04\/AUPA-750x501.jpeg\" alt=\"\" width=\"750\" height=\"501\" srcset=\"https:\/\/www.upo.es\/diario\/wp-content\/uploads\/2025\/04\/AUPA-750x501.jpeg 750w, https:\/\/www.upo.es\/diario\/wp-content\/uploads\/2025\/04\/AUPA-420x281.jpeg 420w, https:\/\/www.upo.es\/diario\/wp-content\/uploads\/2025\/04\/AUPA-768x513.jpeg 768w, https:\/\/www.upo.es\/diario\/wp-content\/uploads\/2025\/04\/AUPA-1536x1027.jpeg 1536w, https:\/\/www.upo.es\/diario\/wp-content\/uploads\/2025\/04\/AUPA-165x109.jpeg 165w, https:\/\/www.upo.es\/diario\/wp-content\/uploads\/2025\/04\/AUPA-1320x882.jpeg 1320w, https:\/\/www.upo.es\/diario\/wp-content\/uploads\/2025\/04\/AUPA.jpeg 1616w\" sizes=\"auto, (max-width: 750px) 100vw, 750px\" \/><\/a><figcaption id=\"caption-attachment-30886156\" class=\"wp-caption-text\">Universidades P\u00fablicas de Andaluc\u00eda y el Gobierno Andaluz<\/figcaption><\/figure>\n<p>Hoy, la rectora y los rectores de las Universidades p\u00fablicas y el Gobierno andaluz se han dado cita en el Campus de las Lagunillas, en Ja\u00e9n, para proceder a la <strong>firma del acuerdo de financiaci\u00f3n extraordinaria<\/strong> <strong>que permitir\u00e1 materializar los complementos auton\u00f3micos del PDI y la carrera horizontal del PTGAS.<\/strong><\/p>\n<p>En este acto, al que han asistido los diez rectores de las instituciones acad\u00e9micas, han participado el presidente de la Junta de Andaluc\u00eda, Juanma Moreno, y el consejero de Universidad, Investigaci\u00f3n e Innovaci\u00f3n, Jos\u00e9 Carlos G\u00f3mez.<\/p>\n<figure id=\"attachment_30886158\" aria-describedby=\"caption-attachment-30886158\" style=\"width: 280px\" class=\"wp-caption alignright\"><a href=\"https:\/\/www.upo.es\/diario\/wp-content\/uploads\/2025\/04\/RectorUPO_firma-scaled.jpeg\"><img loading=\"lazy\" decoding=\"async\" class=\"wp-image-30886158 size-medium\" src=\"https:\/\/www.upo.es\/diario\/wp-content\/uploads\/2025\/04\/RectorUPO_firma-280x420.jpeg\" alt=\"\" width=\"280\" height=\"420\" srcset=\"https:\/\/www.upo.es\/diario\/wp-content\/uploads\/2025\/04\/RectorUPO_firma-280x420.jpeg 280w, https:\/\/www.upo.es\/diario\/wp-content\/uploads\/2025\/04\/RectorUPO_firma-350x525.jpeg 350w, https:\/\/www.upo.es\/diario\/wp-content\/uploads\/2025\/04\/RectorUPO_firma-768x1152.jpeg 768w, https:\/\/www.upo.es\/diario\/wp-content\/uploads\/2025\/04\/RectorUPO_firma-1024x1536.jpeg 1024w, https:\/\/www.upo.es\/diario\/wp-content\/uploads\/2025\/04\/RectorUPO_firma-1365x2048.jpeg 1365w, https:\/\/www.upo.es\/diario\/wp-content\/uploads\/2025\/04\/RectorUPO_firma-1320x1980.jpeg 1320w, https:\/\/www.upo.es\/diario\/wp-content\/uploads\/2025\/04\/RectorUPO_firma-scaled.jpeg 1707w\" sizes=\"auto, (max-width: 280px) 100vw, 280px\" \/><\/a><figcaption id=\"caption-attachment-30886158\" class=\"wp-caption-text\">Francisco Oliva, rector de la UPO<\/figcaption><\/figure>\n<p>Al finalizar la firma del acuerdo, se ha producido una importante reuni\u00f3n al m\u00e1s alto nivel entre el Gobierno andaluz y las universidades p\u00fablicas, un compromiso demandado por la rectora y los rectores andaluces, que ha sido atendido por el presidente.<\/p>\n<p>En este sentido, el portavoz de las universidades p\u00fablicas, Paco Oliva, se ha mostrado satisfecho por los recientes avances conseguidos para el sistema universitario p\u00fablico andaluz, y ha remarcado \u201cla necesidad de fortalecer la cooperaci\u00f3n institucional entre el Gobierno y las universidades, para impulsar el desarrollo econ\u00f3mico y social de Andaluc\u00eda\u201d.<\/p>\n<p>Mediante este acuerdo, la Administraci\u00f3n andaluza transferir\u00e1 a las universidades una cuant\u00eda equivalente al coste de aplicaci\u00f3n de los acuerdos alcanzados entre los sindicatos, las Universidades P\u00fablicas y la Consejer\u00eda de Universidad, Investigaci\u00f3n e Innovaci\u00f3n en junio de 2024, correspondiente al a\u00f1o 2025.<\/p>\n<p>Respecto a los complementos auton\u00f3micos, el Ejecutivo abonar\u00e1 el n\u00famero de nuevos tramos finalmente concedidos en la convocatoria de 2024 (9.129), descontando los tramos del personal que no se encuentre en servicio activo -520 tramos-. Esta cuant\u00eda, 15.496.200 euros, deber\u00e1 tener en cuenta adicionalmente los costes asociados a los mismos, cuyo c\u00e1lculo definitivo deber\u00e1 ser auditado y verificado por los procedimientos que establezca la Consejer\u00eda competente en materia de Hacienda.<\/p>\n<p>Por su parte, la puesta en marcha de la esperada carrera horizontal del PTGAS contar\u00e1 con una cuant\u00eda correspondiente a la primera anualidad del pago, seg\u00fan establecen los acuerdos de la Mesa de Negociaci\u00f3n, que tendr\u00e1 que ser previamente auditada y verificada por los procedimientos que establezca la Consejer\u00eda de Hacienda junto a la Consejer\u00eda de Universidad, Investigaci\u00f3n e Innovaci\u00f3n.<\/p>\n<p>Asimismo, se espera que, a lo largo de este primer semestre, la comisi\u00f3n t\u00e9cnica creada entre la Consejer\u00eda y las universidades concrete todos los aspectos propuestos por estas sobre la aplicaci\u00f3n de la cl\u00e1usula de salvaguarda 2025, con el fin de que ese nuevo acuerdo surta efecto durante todo el per\u00edodo que resta del modelo de financiaci\u00f3n 2023-2027.<\/p>\n","protected":false},"excerpt":{"rendered":"<p>La rectora y los rectores de las Universidades p\u00fablicas y el Gobierno andaluz se han dado cita en el Campus de las Lagunillas, en Ja\u00e9n, para proceder a la firma del acuerdo de financiaci\u00f3n extraordinaria que permitir\u00e1 materializar los complementos auton\u00f3micos del PDI y la carrera horizontal del PTGAS.<\/p>\n","protected":false},"author":4,"featured_media":30886160,"comment_status":"closed","ping_status":"open","sticky":false,"template":"","format":"standard","meta":{"_monsterinsights_skip_tracking":false,"_monsterinsights_sitenote_active":false,"_monsterinsights_sitenote_note":"","_monsterinsights_sitenote_category":0,"footnotes":""},"categories":[6],"tags":[2842,8868,9152,874,9151,1218,8621,8572,9052],"class_list":["post-30886155","post","type-post","status-publish","format-standard","has-post-thumbnail","hentry","category-institucional","tag-aupa","tag-carrera-horizontal","tag-complementos-autonomicos","tag-financiacion","tag-gobierno-andaluz","tag-pdi","tag-portada","tag-ptgas","tag-universidades-publicas-de-andalucia"],"_links":{"self":[{"href":"https:\/\/www.upo.es\/diario\/wp-json\/wp\/v2\/posts\/30886155","targetHints":{"allow":["GET"]}}],"collection":[{"href":"https:\/\/www.upo.es\/diario\/wp-json\/wp\/v2\/posts"}],"about":[{"href":"https:\/\/www.upo.es\/diario\/wp-json\/wp\/v2\/types\/post"}],"author":[{"embeddable":true,"href":"https:\/\/www.upo.es\/diario\/wp-json\/wp\/v2\/users\/4"}],"replies":[{"embeddable":true,"href":"https:\/\/www.upo.es\/diario\/wp-json\/wp\/v2\/comments?post=30886155"}],"version-history":[{"count":2,"href":"https:\/\/www.upo.es\/diario\/wp-json\/wp\/v2\/posts\/30886155\/revisions"}],"predecessor-version":[{"id":30886159,"href":"https:\/\/www.upo.es\/diario\/wp-json\/wp\/v2\/posts\/30886155\/revisions\/30886159"}],"wp:featuredmedia":[{"embeddable":true,"href":"https:\/\/www.upo.es\/diario\/wp-json\/wp\/v2\/media\/30886160"}],"wp:attachment":[{"href":"https:\/\/www.upo.es\/diario\/wp-json\/wp\/v2\/media?parent=30886155"}],"wp:term":[{"taxonomy":"category","embeddable":true,"href":"https:\/\/www.upo.es\/diario\/wp-json\/wp\/v2\/categories?post=30886155"},{"taxonomy":"post_tag","embeddable":true,"href":"https:\/\/www.upo.es\/diario\/wp-json\/wp\/v2\/tags?post=30886155"}],"curies":[{"name":"wp","href":"https:\/\/api.w.org\/{rel}","templated":true}]}}