{"id":30886170,"date":"2025-04-09T14:48:53","date_gmt":"2025-04-09T12:48:53","guid":{"rendered":"https:\/\/www.upo.es\/diario\/?p=30886170"},"modified":"2025-04-21T09:35:41","modified_gmt":"2025-04-21T07:35:41","slug":"mas-de-un-centenar-estudiantes-bachillerato-participan-xiii-olimpiada-economia-upo","status":"publish","type":"post","link":"https:\/\/www.upo.es\/diario\/comunidad\/2025\/04\/mas-de-un-centenar-estudiantes-bachillerato-participan-xiii-olimpiada-economia-upo\/","title":{"rendered":"M\u00e1s de un centenar de estudiantes de Bachillerato participan en la XIII Olimpiada de Econom\u00eda en la UPO"},"content":{"rendered":"<figure id=\"attachment_30886171\" aria-describedby=\"caption-attachment-30886171\" style=\"width: 750px\" class=\"wp-caption aligncenter\"><a href=\"https:\/\/www.upo.es\/diario\/wp-content\/uploads\/2025\/04\/olimpiada_economia01-1-scaled.jpg\"><img loading=\"lazy\" decoding=\"async\" class=\"wp-image-30886171 size-large\" src=\"https:\/\/www.upo.es\/diario\/wp-content\/uploads\/2025\/04\/olimpiada_economia01-1-750x500.jpg\" alt=\"\" width=\"750\" height=\"500\" srcset=\"https:\/\/www.upo.es\/diario\/wp-content\/uploads\/2025\/04\/olimpiada_economia01-1-750x500.jpg 750w, https:\/\/www.upo.es\/diario\/wp-content\/uploads\/2025\/04\/olimpiada_economia01-1-420x280.jpg 420w, https:\/\/www.upo.es\/diario\/wp-content\/uploads\/2025\/04\/olimpiada_economia01-1-768x512.jpg 768w, https:\/\/www.upo.es\/diario\/wp-content\/uploads\/2025\/04\/olimpiada_economia01-1-1536x1024.jpg 1536w, https:\/\/www.upo.es\/diario\/wp-content\/uploads\/2025\/04\/olimpiada_economia01-1-2048x1365.jpg 2048w, https:\/\/www.upo.es\/diario\/wp-content\/uploads\/2025\/04\/olimpiada_economia01-1-165x109.jpg 165w, https:\/\/www.upo.es\/diario\/wp-content\/uploads\/2025\/04\/olimpiada_economia01-1-1320x880.jpg 1320w\" sizes=\"auto, (max-width: 750px) 100vw, 750px\" \/><\/a><figcaption id=\"caption-attachment-30886171\" class=\"wp-caption-text\">Estudiantes durante el desarrollo de la prueba.<\/figcaption><\/figure>\n<p>Un total de 118 estudiantes de 2\u00ba de Bachillerato de 15 centros educativos de Sevilla y su provincia han participado en la Universidad Pablo de Olavide en la <strong>XIII Olimpiada de Econom\u00eda y Empresa<\/strong> que organiza la <a href=\"https:\/\/www.upo.es\/facultad-ciencias-empresariales\/es\/\"><strong>Facultad de Ciencias Empresariales<\/strong><\/a>. Las tres personas que obtengan una mayor calificaci\u00f3n asistir\u00e1n a la Fase Nacional de la Olimpiada Espa\u00f1ola de Econom\u00eda.<\/p>\n<p>El decano de la Facultad de Ciencias Empresariales de la UPO, <strong>\u00c1lvaro L\u00f3pez Cabrales<\/strong>, ha dado la bienvenida a los estudiantes de los centros de Secundaria y Bachillerato y ha detallado las particularidades de la oferta acad\u00e9mica de los estudios de Grado de la Facultad: Grado en An\u00e1lisis Econ\u00f3mico, en Finanzas y Contabilidad, en Administraci\u00f3n y Direcci\u00f3n de Empresas (espa\u00f1ol e ingl\u00e9s) y los Dobles Grados con la Facultad de Derecho.<\/p>\n<figure id=\"attachment_30886172\" aria-describedby=\"caption-attachment-30886172\" style=\"width: 420px\" class=\"wp-caption alignright\"><a href=\"https:\/\/www.upo.es\/diario\/wp-content\/uploads\/2025\/04\/olimpiada_economia03.jpeg\"><img loading=\"lazy\" decoding=\"async\" class=\"size-medium wp-image-30886172\" src=\"https:\/\/www.upo.es\/diario\/wp-content\/uploads\/2025\/04\/olimpiada_economia03-420x236.jpeg\" alt=\"\" width=\"420\" height=\"236\" srcset=\"https:\/\/www.upo.es\/diario\/wp-content\/uploads\/2025\/04\/olimpiada_economia03-420x236.jpeg 420w, https:\/\/www.upo.es\/diario\/wp-content\/uploads\/2025\/04\/olimpiada_economia03-750x422.jpeg 750w, https:\/\/www.upo.es\/diario\/wp-content\/uploads\/2025\/04\/olimpiada_economia03-768x432.jpeg 768w, https:\/\/www.upo.es\/diario\/wp-content\/uploads\/2025\/04\/olimpiada_economia03-1536x865.jpeg 1536w, https:\/\/www.upo.es\/diario\/wp-content\/uploads\/2025\/04\/olimpiada_economia03-1320x743.jpeg 1320w, https:\/\/www.upo.es\/diario\/wp-content\/uploads\/2025\/04\/olimpiada_economia03.jpeg 2048w\" sizes=\"auto, (max-width: 420px) 100vw, 420px\" \/><\/a><figcaption id=\"caption-attachment-30886172\" class=\"wp-caption-text\">El decano \u00c1lvaro L\u00f3pez Cabrales ha recibido al estudiantado.<\/figcaption><\/figure>\n<p>La prueba ha tenido una duraci\u00f3n total de dos horas y su estructura ha estado diferenciada en varias partes: una te\u00f3rica tipo test, que es eliminatoria; otra pr\u00e1ctica con\u00a0 problemas sobre aspectos del temario de Empresa y Dise\u00f1o de Modelo de Negocios de segundo de Bachillerato y finalmente,\u00a0 preguntas de desarrollo de noticias de actualidad econ\u00f3mica y empresarial.<\/p>\n<p>Los centros participantes son: <strong>IES Pino Montano<\/strong>, <strong>Colegio Portaceli,<\/strong> <strong>Highlands School Sevilla<\/strong>, <strong>IES Salvador T\u00e1vora<\/strong>, <strong>Colegio San Antonio Mar\u00eda Claret,<\/strong> <strong>Colegio Buen Pastor<\/strong>, <strong>Colegio Marista San Fernando, IES CAURA, IES Al Iscar, IES LAURETUM, Colegio Alem\u00e1n Sevilla, St. Mary&#8217;s School, IES Al Guadaira,<\/strong> <strong>Colegio Salesianos Sant\u00edsima Trinidad, <\/strong>y el<strong> IES San Jos\u00e9 de la Rinconada.<\/strong><\/p>\n<p>Los y las tres estudiantes con mejores calificaciones se conocer\u00e1n el pr\u00f3ximo 30 de abril y recibir\u00e1n un diploma acreditativo el 15 de mayo. Adem\u00e1s, el primer premio tiene derecho a la subvenci\u00f3n total de las tasas de matr\u00edcula del primer curso de cualquiera de las titulaciones que se imparten en la Facultad de Ciencias Empresariales de la Universidad Pablo de Olavide en el curso 2025\/2026; asimismo, el segundo y tercer premio tendr\u00e1n derecho a la subvenci\u00f3n del 50 por ciento de estas tasas.<\/p>\n<p>El alumnado premiado participar\u00e1 en la Fase Nacional de la XVI Olimpiada de Econom\u00eda, que se llevar\u00e1 a cabo en la Facultad de Ciencias Econ\u00f3micas y Empresariales de la Universidad de Alicante \u00a0\u00a0entre los d\u00edas 30 de junio y 1 y 2 de julio. Posteriormente, seg\u00fan la decisi\u00f3n de la Comisi\u00f3n de la <a href=\"https:\/\/sites.google.com\/site\/asociacionolimpiadaeconomia\/olimpiada-nacional\">Olimpiada Espa\u00f1ola de Econom\u00eda<\/a>, los y las cinco estudiantes que resulten ganadores de la esta fase, podr\u00edan participar en la internacional.<\/p>\n<p>La Olimpiada de Econom\u00eda y Empresa es un concurso de car\u00e1cter acad\u00e9mico y educativo que tiene como objetivo principal el estudio de estas materias entre la juventud y divulgar su ense\u00f1anza. Est\u00e1 dirigido al alumnado de los centros de Ense\u00f1anza Secundaria de la provincia de Sevilla que est\u00e9 matriculado en la asignatura \u2018Empresa y Modelo de Negocio\u2019 de 2\u00ba de Bachillerato.<\/p>\n","protected":false},"excerpt":{"rendered":"<p>Un total de 118 estudiantes de 2\u00ba de Bachillerato de 15 centros educativos de Sevilla y su provincia han participado en la Universidad Pablo de Olavide en la XIII Olimpiada de Econom\u00eda y Empresa que organiza la Facultad de Ciencias Empresariales. Las tres personas que obtengan una mayor calificaci\u00f3n asistir\u00e1n a la Fase Nacional de la Olimpiada Espa\u00f1ola de Econom\u00eda.<\/p>\n","protected":false},"author":2,"featured_media":30886171,"comment_status":"closed","ping_status":"open","sticky":false,"template":"","format":"standard","meta":{"_monsterinsights_skip_tracking":false,"_monsterinsights_sitenote_active":false,"_monsterinsights_sitenote_note":"","_monsterinsights_sitenote_category":0,"footnotes":""},"categories":[5842],"tags":[1099,63,4080,21,360,2290,1030],"class_list":["post-30886170","post","type-post","status-publish","format-standard","has-post-thumbnail","hentry","category-comunidad","tag-centros-educativos","tag-economia","tag-economia-de-la-empresa","tag-estudiantes","tag-facultad-de-ciencias-empresariales","tag-olimpiada-de-economia","tag-premios"],"_links":{"self":[{"href":"https:\/\/www.upo.es\/diario\/wp-json\/wp\/v2\/posts\/30886170","targetHints":{"allow":["GET"]}}],"collection":[{"href":"https:\/\/www.upo.es\/diario\/wp-json\/wp\/v2\/posts"}],"about":[{"href":"https:\/\/www.upo.es\/diario\/wp-json\/wp\/v2\/types\/post"}],"author":[{"embeddable":true,"href":"https:\/\/www.upo.es\/diario\/wp-json\/wp\/v2\/users\/2"}],"replies":[{"embeddable":true,"href":"https:\/\/www.upo.es\/diario\/wp-json\/wp\/v2\/comments?post=30886170"}],"version-history":[{"count":3,"href":"https:\/\/www.upo.es\/diario\/wp-json\/wp\/v2\/posts\/30886170\/revisions"}],"predecessor-version":[{"id":30886175,"href":"https:\/\/www.upo.es\/diario\/wp-json\/wp\/v2\/posts\/30886170\/revisions\/30886175"}],"wp:featuredmedia":[{"embeddable":true,"href":"https:\/\/www.upo.es\/diario\/wp-json\/wp\/v2\/media\/30886171"}],"wp:attachment":[{"href":"https:\/\/www.upo.es\/diario\/wp-json\/wp\/v2\/media?parent=30886170"}],"wp:term":[{"taxonomy":"category","embeddable":true,"href":"https:\/\/www.upo.es\/diario\/wp-json\/wp\/v2\/categories?post=30886170"},{"taxonomy":"post_tag","embeddable":true,"href":"https:\/\/www.upo.es\/diario\/wp-json\/wp\/v2\/tags?post=30886170"}],"curies":[{"name":"wp","href":"https:\/\/api.w.org\/{rel}","templated":true}]}}