{"id":30886217,"date":"2025-04-11T08:00:30","date_gmt":"2025-04-11T06:00:30","guid":{"rendered":"https:\/\/www.upo.es\/diario\/?p=30886217"},"modified":"2025-04-14T11:55:01","modified_gmt":"2025-04-14T09:55:01","slug":"la-presidenta-de-empresarias-sevillanas-amadrina-la-ceremonia-de-egresados-de-administracion-y-direccion-de-empresas","status":"publish","type":"post","link":"https:\/\/www.upo.es\/diario\/comunidad\/2025\/04\/la-presidenta-de-empresarias-sevillanas-amadrina-la-ceremonia-de-egresados-de-administracion-y-direccion-de-empresas\/","title":{"rendered":"La presidenta de Empresarias Sevillanas amadrina la ceremonia de egresados de Administraci\u00f3n y Direcci\u00f3n de Empresas"},"content":{"rendered":"<figure id=\"attachment_30886219\" aria-describedby=\"caption-attachment-30886219\" style=\"width: 750px\" class=\"wp-caption aligncenter\"><a href=\"https:\/\/www.upo.es\/diario\/wp-content\/uploads\/2025\/04\/P2A3221.jpg\"><img loading=\"lazy\" decoding=\"async\" class=\"wp-image-30886219 size-large\" src=\"https:\/\/www.upo.es\/diario\/wp-content\/uploads\/2025\/04\/P2A3221-750x500.jpg\" alt=\"\" width=\"750\" height=\"500\" srcset=\"https:\/\/www.upo.es\/diario\/wp-content\/uploads\/2025\/04\/P2A3221-750x500.jpg 750w, https:\/\/www.upo.es\/diario\/wp-content\/uploads\/2025\/04\/P2A3221-420x280.jpg 420w, https:\/\/www.upo.es\/diario\/wp-content\/uploads\/2025\/04\/P2A3221-768x512.jpg 768w, https:\/\/www.upo.es\/diario\/wp-content\/uploads\/2025\/04\/P2A3221-165x109.jpg 165w, https:\/\/www.upo.es\/diario\/wp-content\/uploads\/2025\/04\/P2A3221.jpg 1000w\" sizes=\"auto, (max-width: 750px) 100vw, 750px\" \/><\/a><figcaption id=\"caption-attachment-30886219\" class=\"wp-caption-text\">Promoci\u00f3n 2021\/25 del Grado en Administraci\u00f3n y Direcci\u00f3n de Empresas<\/figcaption><\/figure>\n<p>La ceremonia de egresados y egresadas de <strong>la promoci\u00f3n 2021\/25 del Grado en Administraci\u00f3n y Direcci\u00f3n de Empresas <\/strong>se celebr\u00f3 ayer jueves en el Paraninfo de la Universidad Pablo de Olavide. El acto fue presidido por el decano de la Facultad de Ciencias Empresariales, \u00c1lvaro L\u00f3pez Cabrales.<\/p>\n<p><a href=\"https:\/\/www.upo.es\/diario\/wp-content\/uploads\/2025\/04\/P2A2416.jpg\"><img loading=\"lazy\" decoding=\"async\" class=\"alignright size-medium wp-image-30886218\" src=\"https:\/\/www.upo.es\/diario\/wp-content\/uploads\/2025\/04\/P2A2416-420x280.jpg\" alt=\"\" width=\"420\" height=\"280\" srcset=\"https:\/\/www.upo.es\/diario\/wp-content\/uploads\/2025\/04\/P2A2416-420x280.jpg 420w, https:\/\/www.upo.es\/diario\/wp-content\/uploads\/2025\/04\/P2A2416-750x500.jpg 750w, https:\/\/www.upo.es\/diario\/wp-content\/uploads\/2025\/04\/P2A2416-768x512.jpg 768w, https:\/\/www.upo.es\/diario\/wp-content\/uploads\/2025\/04\/P2A2416-165x109.jpg 165w, https:\/\/www.upo.es\/diario\/wp-content\/uploads\/2025\/04\/P2A2416.jpg 1000w\" sizes=\"auto, (max-width: 420px) 100vw, 420px\" \/><\/a>11La madrina de la promoci\u00f3n ha sido Vanessa Mu\u00f1oz Pineda, presidenta de Empresarias Sevillanas. A la ceremonia tambi\u00e9n han asistido las vicedecanas de la Facultad de Ciencias Empresariales Guadalupe Valera Blanes, de Ordenaci\u00f3n Acad\u00e9mica; Cecilia T\u00e9llez Valle, de Relaciones Internacionales, y Macarena Lozano Oyola, de Pr\u00e1cticas Externas y Emprendimiento.<\/p>\n<p>En representaci\u00f3n del alumnado egresado, pronunci\u00f3 el discurso Mar\u00eda Garc\u00eda Pi\u00f1ero. Un total de 72 egresados y egresadas han asistido, junto a sus familiares, a este acto con el que la Universidad Pablo de Olavide recupera una antigua tradici\u00f3n de las universidades europeas.<\/p>\n<p>&nbsp;<\/p>\n","protected":false},"excerpt":{"rendered":"<p>La ceremonia de egresados y egresadas de la promoci\u00f3n 2021\/25 del Grado en Administraci\u00f3n y Direcci\u00f3n de Empresas se celebr\u00f3 en el Paraninfo de la Universidad Pablo de Olavide. El acto fue presidido por el decano de la Facultad de Ciencias Empresariales, \u00c1lvaro L\u00f3pez Cabrales.<\/p>\n","protected":false},"author":4,"featured_media":30886220,"comment_status":"closed","ping_status":"open","sticky":false,"template":"","format":"standard","meta":{"_monsterinsights_skip_tracking":false,"_monsterinsights_sitenote_active":false,"_monsterinsights_sitenote_note":"","_monsterinsights_sitenote_category":0,"footnotes":""},"categories":[5842],"tags":[581,360,4176,1676],"class_list":["post-30886217","post","type-post","status-publish","format-standard","has-post-thumbnail","hentry","category-comunidad","tag-ceremonia-de-egresados","tag-facultad-de-ciencias-empresariales","tag-fin-de-grado","tag-grado-en-administracion-y-direccion-de-empresas"],"_links":{"self":[{"href":"https:\/\/www.upo.es\/diario\/wp-json\/wp\/v2\/posts\/30886217","targetHints":{"allow":["GET"]}}],"collection":[{"href":"https:\/\/www.upo.es\/diario\/wp-json\/wp\/v2\/posts"}],"about":[{"href":"https:\/\/www.upo.es\/diario\/wp-json\/wp\/v2\/types\/post"}],"author":[{"embeddable":true,"href":"https:\/\/www.upo.es\/diario\/wp-json\/wp\/v2\/users\/4"}],"replies":[{"embeddable":true,"href":"https:\/\/www.upo.es\/diario\/wp-json\/wp\/v2\/comments?post=30886217"}],"version-history":[{"count":1,"href":"https:\/\/www.upo.es\/diario\/wp-json\/wp\/v2\/posts\/30886217\/revisions"}],"predecessor-version":[{"id":30886221,"href":"https:\/\/www.upo.es\/diario\/wp-json\/wp\/v2\/posts\/30886217\/revisions\/30886221"}],"wp:featuredmedia":[{"embeddable":true,"href":"https:\/\/www.upo.es\/diario\/wp-json\/wp\/v2\/media\/30886220"}],"wp:attachment":[{"href":"https:\/\/www.upo.es\/diario\/wp-json\/wp\/v2\/media?parent=30886217"}],"wp:term":[{"taxonomy":"category","embeddable":true,"href":"https:\/\/www.upo.es\/diario\/wp-json\/wp\/v2\/categories?post=30886217"},{"taxonomy":"post_tag","embeddable":true,"href":"https:\/\/www.upo.es\/diario\/wp-json\/wp\/v2\/tags?post=30886217"}],"curies":[{"name":"wp","href":"https:\/\/api.w.org\/{rel}","templated":true}]}}