{"id":30886231,"date":"2025-04-15T14:24:35","date_gmt":"2025-04-15T12:24:35","guid":{"rendered":"https:\/\/www.upo.es\/diario\/?p=30886231"},"modified":"2025-04-22T13:28:18","modified_gmt":"2025-04-22T11:28:18","slug":"la-universidad-pablo-de-olavide-participa-en-la-23a-feria-de-la-ciencia-que-se-celebra-en-sevilla-los-dias-22-23-y-24-de-mayo","status":"publish","type":"post","link":"https:\/\/www.upo.es\/diario\/docencia-formacion\/2025\/04\/la-universidad-pablo-de-olavide-participa-en-la-23a-feria-de-la-ciencia-que-se-celebra-en-sevilla-los-dias-22-23-y-24-de-mayo\/","title":{"rendered":"La Universidad Pablo de Olavide participa en la 23\u00aa Feria de la Ciencia, que se celebra en Sevilla los d\u00edas 22, 23 y 24 de abril"},"content":{"rendered":"<p><a href=\"https:\/\/www.upo.es\/diario\/wp-content\/uploads\/2025\/04\/Cartel_La-UPO-en-la-Feria-Ciencia-2025.jpg\"><img loading=\"lazy\" decoding=\"async\" class=\"alignright size-medium wp-image-30886232\" src=\"https:\/\/www.upo.es\/diario\/wp-content\/uploads\/2025\/04\/Cartel_La-UPO-en-la-Feria-Ciencia-2025-297x420.jpg\" alt=\"\" width=\"297\" height=\"420\" srcset=\"https:\/\/www.upo.es\/diario\/wp-content\/uploads\/2025\/04\/Cartel_La-UPO-en-la-Feria-Ciencia-2025-297x420.jpg 297w, https:\/\/www.upo.es\/diario\/wp-content\/uploads\/2025\/04\/Cartel_La-UPO-en-la-Feria-Ciencia-2025-371x525.jpg 371w, https:\/\/www.upo.es\/diario\/wp-content\/uploads\/2025\/04\/Cartel_La-UPO-en-la-Feria-Ciencia-2025-768x1086.jpg 768w, https:\/\/www.upo.es\/diario\/wp-content\/uploads\/2025\/04\/Cartel_La-UPO-en-la-Feria-Ciencia-2025-1087x1536.jpg 1087w, https:\/\/www.upo.es\/diario\/wp-content\/uploads\/2025\/04\/Cartel_La-UPO-en-la-Feria-Ciencia-2025-1449x2048.jpg 1449w, https:\/\/www.upo.es\/diario\/wp-content\/uploads\/2025\/04\/Cartel_La-UPO-en-la-Feria-Ciencia-2025-1320x1866.jpg 1320w, https:\/\/www.upo.es\/diario\/wp-content\/uploads\/2025\/04\/Cartel_La-UPO-en-la-Feria-Ciencia-2025.jpg 1671w\" sizes=\"auto, (max-width: 297px) 100vw, 297px\" \/><\/a>La Universidad Pablo de Olavide estar\u00e1 presente, un a\u00f1o m\u00e1s, en la <strong><a href=\"https:\/\/feriadelaciencia.org\/01_FERIACIENCIA\/\">Feria de la Ciencia<\/a><\/strong> que tendr\u00e1 lugar los d\u00edas <strong>22, 23 y 24 de abril en el Palacio de Congresos y Exposiciones de Sevilla (FIBES)<\/strong>.<\/p>\n<p>En el <strong>stand n\u00famero 82\/83<\/strong> el p\u00fablico visitante podr\u00e1 conocer el trabajo cient\u00edfico del personal investigador de la UPO a trav\u00e9s de talleres, juegos, proyecciones, demostraciones, charlas, observaciones micro y macrosc\u00f3picas, etc. relacionados con la biolog\u00eda del desarrollo, neurociencia, matem\u00e1ticas, energ\u00eda, deporte, cambio clim\u00e1tico, biodiversidad, fisiolog\u00eda vegetal, o sociolog\u00eda.<\/p>\n<p>El <strong>Vicerrectorado de Investigaci\u00f3n, Transferencia y Doctorado<\/strong> de la Universidad Pablo de Olavide, a trav\u00e9s de la <strong><a href=\"https:\/\/www.upo.es\/otri\/\">Oficina de Transferencia de Resultados de Investigaci\u00f3n<\/a> (OTRI)<\/strong>, coordina las diferentes actividades programadas para este evento organizadas por investigadores e investigadoras de la Escuela Polit\u00e9cnica Superior; la Facultad de Ciencias Experimentales; la Facultad de Ciencias del Deporte; la Facultad de Derecho; y la Facultad de Ciencias Sociales; as\u00ed como por el Centro Andaluz de Biolog\u00eda del Desarrollo (CABD).<\/p>\n<p>As\u00ed, para los tres d\u00edas que dura la Feria, <u>martes 22, mi\u00e9rcoles 23 y jueves 24 de abril<\/u>, podremos asistir a varios talleres de divulgaci\u00f3n, como el <strong>taller de \u2018MAGIA MATEM\u00c1TICA Y MATEM\u00c1TICA MANIPULATIVA\u2019<\/strong> coordinado por Ana M. Mart\u00edn Caraballo y \u00c1ngel F. Tenorio Villal\u00f3n, investigadores\/as del \u00e1rea de M\u00e9todos Cuantitativos para la Econom\u00eda y la Empresa, y del \u00e1rea de Matem\u00e1tica Aplicada de la Universidad Pablo de Olavide.\u00a0 De otro lado, investigadores\/as del \u00e1rea de Qu\u00edmica F\u00edsica podr\u00e1n en marcha el <strong>taller \u2018LUZ, ENERG\u00cdA\u2026 \u00a1ACCI\u00d3N\u2019!,<\/strong> que coordinan Ren\u00e1n Escalante Quijano y Juan Antonio Anta Montalvo.\u00a0 Tambi\u00e9n, el Centro Andaluz de Biolog\u00eda al Desarrollo (CABD) vuelve a organizar sus talleres donde los y las participantes podr\u00e1n observar algunos de los organismos con los que habitualmente trabajan, como el gusano <em>Caenorhabditis elegans<\/em>, la mosca de la fruta <em>Drosophila Melanogaster<\/em>, los peces medaka y cebra y embriones de rat\u00f3n.<\/p>\n<p>El <u>martes 22 de abril<\/u> se podr\u00e1 disfrutar de <strong>taller \u2018\u00bfY T\u00da C\u00d3MO TE MUEVES? MOVILIDAD ACTIVA SOSTENIBLE, SALUD Y TRANSPORTE\u2019<\/strong>, coordinado por los\/as profesores\/as Mario Jordi S\u00e1nchez y Mar\u00eda Cabillas Romero, de las \u00e1reas de Antropolog\u00eda Social y Medicina Preventiva y Salud P\u00fablica.\u00a0 Ese mismo d\u00eda y hasta el <u>mi\u00e9rcoles 23 de abril<\/u>, est\u00e1n programados el <strong>taller \u2018CEREBROS EN TIEMPO REAL: VISUALIZANDO EL PENSAMIENTO ESTRAT\u00c9GICO\u2019<\/strong>, del que es responsable Raudel S\u00e1nchez Campusano, investigador del \u00e1rea de Fisiolog\u00eda, y el <strong>taller \u2018FUERZA, SALTOS Y EQUILIBRIO: LA CIENCIA DETR\u00c1S DEL MOVIMIENTO\u2019<\/strong>, coordinado por los cient\u00edficos L. Arturo G\u00f3mez-Landero Rodr\u00edguez y Pablo Floria Mart\u00edn, ambos del \u00e1rea de Educaci\u00f3n F\u00edsica y Deportiva.<\/p>\n<p>El <u>mi\u00e9rcoles 23 de abril<\/u>, tendr\u00e1 lugar <strong>el taller \u2018EFECTO DEL BORO EN DOS VARIEDADES DE MA\u00cdZ PERUANO (PACH\u00cdA Y SAMA)\u2019<\/strong>, del que es responsable Jes\u00fas Rexach Benavide, del \u00e1rea de Fisiolog\u00eda Vegetal. Y para el jueves se han programado el <strong>taller \u2018ALERTA ROJA: CIENT\u00cdFICOS EN ACCI\u00d3N\u2019<\/strong>, coordinado por las investigadoras Pilar Ortiz Calder\u00f3n y Roc\u00edo Ortiz Calder\u00f3n, del \u00e1rea de Cristalograf\u00eda y Mineralog\u00eda, y el <strong>taller \u2018POWERONYOU: H\u00c1BITOS DE VIDA SALUDABLES PARA MEJORAR LA CALIDAD DE VIDA DE LAS PERSONAS\u2019<\/strong> coordinado por Diego Mungu\u00eda Izquierdo, investigador del \u00e1rea de Educaci\u00f3n F\u00edsica y Deportiva.<\/p>\n<p>De otro lado, se ofrecer\u00e1n adem\u00e1s microcharlas en el espacio \u2018As\u00f3mate a la Ciencia\u2019 de la Feria, como la titulada <strong>\u2018MATEM\u00c1TICAS A TRAV\u00c9S DE LA HISTORIA\u2019<\/strong>, de la mano de Ana M. Mart\u00edn Caraballo, del \u00e1rea de M\u00e9todos Cuantitativos para la Econom\u00eda y la Empresa, y \u00c1ngel Tenorio, del \u00e1rea de Matem\u00e1tica Aplicada; y la titulada <strong>\u2018RELACIONES LABORALES Y DESCARBONIZACI\u00d3N. UNA RELACI\u00d3N COMPLEJA\u2019<\/strong>, impartida por Juan Manuel Moreno D\u00edaz, del \u00e1rea de Derecho del Trabajo y Seguridad Social.\u00a0 Adem\u00e1s, en dicho espacio la investigadora del \u00e1rea de Sociolog\u00eda, Mar\u00eda Jos\u00e9 del Pino Espejo, junto con Inclusi\u00f3n Activa, presentar\u00e1n el <strong>libro \u2018LECTURA F\u00c1CIL: MUJERES FUNDADORAS DE LA SOCIOLOG\u00cdA Y DE LA TEOR\u00cdA SOCIAL\u2019<\/strong>.<\/p>\n<p>Por \u00faltimo, en el stand de la Fundaci\u00f3n Descubre se presentar\u00e1n proyectos de la convocatoria <strong>&#8216;Andaluc\u00eda + ciencia ciudadana&#8217;<\/strong>, en el marco de la Oficina regional de Ciencia Ciudadana, iniciativa coordinada por esta instituci\u00f3n y la Universidad Pablo de Olavide, a trav\u00e9s de la investigadora Marian P\u00e9rez Bernal, del \u00e1rea de Filosof\u00eda, impulsada por la Consejer\u00eda de Universidad, Investigaci\u00f3n e Innovaci\u00f3n, y cofinanciada por la Fundaci\u00f3n Espa\u00f1ola para la Ciencia y la Tecnolog\u00eda (FECYT). Se trata del primer punto \u00fanico de atenci\u00f3n y acompa\u00f1amiento en Andaluc\u00eda a las personas, colectivos, proyectos e instituciones interesadas en proyectos de Ciencia Ciudadana y difundir sus resultados dentro y fuera de la regi\u00f3n.<\/p>\n<p>La Oficina, operativa en formato virtual, es un espacio de referencia para el asesoramiento, la formaci\u00f3n y la creaci\u00f3n de redes en torno a la ciencia ciudadana en Andaluc\u00eda. A trav\u00e9s de actividades presenciales y virtuales, adem\u00e1s de recursos accesibles en repositorios web y redes sociales, ofrece informaci\u00f3n y apoyo a diversos p\u00fablicos, como grupos de investigaci\u00f3n, asociaciones vecinales, colectivos sociales y centros educativos.<\/p>\n<h3><strong>La Feria de la Ciencia<\/strong><\/h3>\n<p>La Feria de la Ciencia est\u00e1 organizada por la Sociedad Andaluza para la Divulgaci\u00f3n de la Ciencia y la Fundaci\u00f3n Descubre, y constituye un evento divulgativo que, cada a\u00f1o, re\u00fane a centros educativos, universidades, CSIC, museos, empresas, y otros centros de investigaci\u00f3n con un claro objetivo: compartir y generar inquietudes y vocaciones en el \u00e1mbito cient\u00edfico y de la investigaci\u00f3n. En la pasada edici\u00f3n fueron 29.520 los y las visitantes, fundamentalmente profesorado, escolares y p\u00fablico familiar.<\/p>\n<p><a href=\"https:\/\/www.upo.es\/cms3\/export\/sites\/otri-cms3\/otri\/cultura-cientifica\/.galleries\/DOCUMENTOS-Historico-CULTURA-CIENTIFICA\/Programa_La-UPO-en-la-Feria-Ciencia-2025.pdf\">Programa &#8216;La UPO en la 23\u00aa Feria de la Ciencia&#8217;<\/a><\/p>\n<h3><\/h3>\n<h3><strong>HORARIO DE LA FERIA:<\/strong><\/h3>\n<p>Martes 22 y mi\u00e9rcoles 23 de abril, de 10:00 a 19:00 horas.<\/p>\n<p>Jueves 24 de abril, de 10:00 a 20:00 horas.<\/p>\n<p>Acceder a las fotos del stand de la UPO de la pasada edici\u00f3n: <a href=\"https:\/\/www.flickr.com\/photos\/pablodeolavide\/albums\/72177720317265268\/\">https:\/\/www.flickr.com\/photos\/pablodeolavide\/albums\/72177720317265268\/<\/a><\/p>\n<p><a href=\"https:\/\/feriadelaciencia.org\/01_FERIACIENCIA\/\">https:\/\/feriadelaciencia.org\/01_FERIACIENCIA\/<\/a><\/p>\n<p>&nbsp;<\/p>\n<p>Fuente: Oficina de Transferencia de Resultados de Investigaci\u00f3n (OTRI) de la UPO<\/p>\n","protected":false},"excerpt":{"rendered":"<p>La Universidad Pablo de Olavide estar\u00e1 presente, un a\u00f1o m\u00e1s, en la Feria de la Ciencia que tendr\u00e1 lugar los d\u00edas 22, 23 y 24 de abril en el Palacio de Congresos y Exposiciones de Sevilla (FIBES). En el stand n\u00famero 82\/83 el p\u00fablico visitante podr\u00e1 conocer el trabajo cient\u00edfico del personal investigador de la UPO a trav\u00e9s de talleres,<a class=\"read-more\" href=\"https:\/\/www.upo.es\/diario\/docencia-formacion\/2025\/04\/la-universidad-pablo-de-olavide-participa-en-la-23a-feria-de-la-ciencia-que-se-celebra-en-sevilla-los-dias-22-23-y-24-de-mayo\/\">[Read More&#8230;]<\/a><\/p>\n","protected":false},"author":2,"featured_media":30886232,"comment_status":"closed","ping_status":"open","sticky":false,"template":"","format":"standard","meta":{"_monsterinsights_skip_tracking":false,"_monsterinsights_sitenote_active":false,"_monsterinsights_sitenote_note":"","_monsterinsights_sitenote_category":0,"footnotes":""},"categories":[2779],"tags":[123,43,5270,8796,714,2645,63,5019,5020,56,83,2131,3179,2114,7331],"class_list":["post-30886231","post","type-post","status-publish","format-standard","has-post-thumbnail","hentry","category-docencia-formacion","tag-asban","tag-cabd","tag-departamento-de-economia-metodos-cuantitativos-e-historia-economica","tag-deporte-e-informatica","tag-derecho-privado","tag-divulgacion-cientifica","tag-economia","tag-feria-de-la-ciencia","tag-fibes","tag-investigacion","tag-otri","tag-quimicos-y-naturales","tag-sistemas-fisicos","tag-vicerrectorado-de-estudiantes","tag-vicerrectorado-de-investigacion"],"_links":{"self":[{"href":"https:\/\/www.upo.es\/diario\/wp-json\/wp\/v2\/posts\/30886231","targetHints":{"allow":["GET"]}}],"collection":[{"href":"https:\/\/www.upo.es\/diario\/wp-json\/wp\/v2\/posts"}],"about":[{"href":"https:\/\/www.upo.es\/diario\/wp-json\/wp\/v2\/types\/post"}],"author":[{"embeddable":true,"href":"https:\/\/www.upo.es\/diario\/wp-json\/wp\/v2\/users\/2"}],"replies":[{"embeddable":true,"href":"https:\/\/www.upo.es\/diario\/wp-json\/wp\/v2\/comments?post=30886231"}],"version-history":[{"count":4,"href":"https:\/\/www.upo.es\/diario\/wp-json\/wp\/v2\/posts\/30886231\/revisions"}],"predecessor-version":[{"id":30886266,"href":"https:\/\/www.upo.es\/diario\/wp-json\/wp\/v2\/posts\/30886231\/revisions\/30886266"}],"wp:featuredmedia":[{"embeddable":true,"href":"https:\/\/www.upo.es\/diario\/wp-json\/wp\/v2\/media\/30886232"}],"wp:attachment":[{"href":"https:\/\/www.upo.es\/diario\/wp-json\/wp\/v2\/media?parent=30886231"}],"wp:term":[{"taxonomy":"category","embeddable":true,"href":"https:\/\/www.upo.es\/diario\/wp-json\/wp\/v2\/categories?post=30886231"},{"taxonomy":"post_tag","embeddable":true,"href":"https:\/\/www.upo.es\/diario\/wp-json\/wp\/v2\/tags?post=30886231"}],"curies":[{"name":"wp","href":"https:\/\/api.w.org\/{rel}","templated":true}]}}