{"id":30886274,"date":"2025-04-22T13:12:37","date_gmt":"2025-04-22T11:12:37","guid":{"rendered":"https:\/\/www.upo.es\/diario\/?p=30886274"},"modified":"2025-04-24T14:56:28","modified_gmt":"2025-04-24T12:56:28","slug":"universidad-pablo-olavide-presente-un-ano-mas-feria-ciencia-sevilla","status":"publish","type":"post","link":"https:\/\/www.upo.es\/diario\/docencia-formacion\/2025\/04\/universidad-pablo-olavide-presente-un-ano-mas-feria-ciencia-sevilla\/","title":{"rendered":"La Universidad Pablo de Olavide, presente un a\u00f1o m\u00e1s en la Feria de la Ciencia de Sevilla"},"content":{"rendered":"<p><a href=\"https:\/\/www.upo.es\/diario\/wp-content\/uploads\/2025\/04\/Feria_Ciencia02.jpeg\"><img loading=\"lazy\" decoding=\"async\" class=\"aligncenter size-large wp-image-30886281\" src=\"https:\/\/www.upo.es\/diario\/wp-content\/uploads\/2025\/04\/Feria_Ciencia02-700x525.jpeg\" alt=\"\" width=\"700\" height=\"525\" srcset=\"https:\/\/www.upo.es\/diario\/wp-content\/uploads\/2025\/04\/Feria_Ciencia02-700x525.jpeg 700w, https:\/\/www.upo.es\/diario\/wp-content\/uploads\/2025\/04\/Feria_Ciencia02-420x315.jpeg 420w, https:\/\/www.upo.es\/diario\/wp-content\/uploads\/2025\/04\/Feria_Ciencia02-768x576.jpeg 768w, https:\/\/www.upo.es\/diario\/wp-content\/uploads\/2025\/04\/Feria_Ciencia02-1536x1152.jpeg 1536w, https:\/\/www.upo.es\/diario\/wp-content\/uploads\/2025\/04\/Feria_Ciencia02-1320x990.jpeg 1320w, https:\/\/www.upo.es\/diario\/wp-content\/uploads\/2025\/04\/Feria_Ciencia02.jpeg 2048w\" sizes=\"auto, (max-width: 700px) 100vw, 700px\" \/><\/a><\/p>\n<p>La Universidad Pablo de Olavide se suma un a\u00f1o m\u00e1s a la <strong>Feria de la Ciencia<\/strong>, un evento que se celebra en el Palacio de Congresos y Exposiciones de Sevilla (FIBES) los d\u00edas <strong>22, 23 y 24 de abril<\/strong>. El personal investigador de la UPO desplegar\u00e1 una variada programaci\u00f3n de actividades para todos los p\u00fablicos, con el objetivo de acercar el conocimiento cient\u00edfico a la sociedad.<\/p>\n<figure id=\"attachment_30886282\" aria-describedby=\"caption-attachment-30886282\" style=\"width: 348px\" class=\"wp-caption alignright\"><a href=\"https:\/\/www.upo.es\/diario\/wp-content\/uploads\/2025\/04\/Feria_Ciencia04.jpeg\"><img loading=\"lazy\" decoding=\"async\" class=\"size-medium wp-image-30886282\" src=\"https:\/\/www.upo.es\/diario\/wp-content\/uploads\/2025\/04\/Feria_Ciencia04-348x420.jpeg\" alt=\"\" width=\"348\" height=\"420\" srcset=\"https:\/\/www.upo.es\/diario\/wp-content\/uploads\/2025\/04\/Feria_Ciencia04-348x420.jpeg 348w, https:\/\/www.upo.es\/diario\/wp-content\/uploads\/2025\/04\/Feria_Ciencia04-435x525.jpeg 435w, https:\/\/www.upo.es\/diario\/wp-content\/uploads\/2025\/04\/Feria_Ciencia04-768x926.jpeg 768w, https:\/\/www.upo.es\/diario\/wp-content\/uploads\/2025\/04\/Feria_Ciencia04.jpeg 1144w\" sizes=\"auto, (max-width: 348px) 100vw, 348px\" \/><\/a><figcaption id=\"caption-attachment-30886282\" class=\"wp-caption-text\">La vicerrectora de Investigaci\u00f3n, Transferencia y Doctorado Antonia Jim\u00e9nez Rodr\u00edguez, y el consejero de Universidad, Investigaci\u00f3n e Innovaci\u00f3n, Jos\u00e9 Carlos G\u00f3mez Villamandos, en el stand de la UPO.<\/figcaption><\/figure>\n<p>Matem\u00e1ticas l\u00fadicas, neurociencia interactiva, ciencia del deporte, sostenibilidad, biodiversidad, qu\u00edmica, fisiolog\u00eda vegetal y sociolog\u00eda son algunas de las \u00e1reas que estar\u00e1n representadas en forma de talleres, juegos, proyecciones, observaciones y experimentos, que se desarrollar\u00e1n en el <strong>stand n\u00famero 82\/83<\/strong>.<\/p>\n<p>El enfoque pr\u00e1ctico e inclusivo es una de las se\u00f1as de identidad de esta participaci\u00f3n, coordinada por el <strong>Vicerrectorado de Investigaci\u00f3n, Transferencia y Doctorado<\/strong> a trav\u00e9s de su <a href=\"https:\/\/www.upo.es\/otri\/\"><strong>Oficina de Transferencia de Resultados de Investigaci\u00f3n<\/strong><\/a> (OTRI), que cuenta con investigadores e investigadoras de la Escuela Polit\u00e9cnica Superior; la Facultad de Ciencias Experimentales; la Facultad de Ciencias del Deporte; la Facultad de Derecho; y la Facultad de Ciencias Sociales; as\u00ed como por el Centro Andaluz de Biolog\u00eda del Desarrollo (CABD).<\/p>\n<p>Entre las actividades, destacan los experimentos de visualizaci\u00f3n cerebral en tiempo real, la exploraci\u00f3n de organismos modelo como la mosca de la fruta o el pez cebra, la reflexi\u00f3n sobre movilidad saludable o los talleres de h\u00e1bitos de vida activa. Tambi\u00e9n se ofrecer\u00e1n charlas breves y divulgativas, como las dedicadas a las matem\u00e1ticas a lo largo de la historia o a los retos laborales en la transici\u00f3n ecol\u00f3gica.<\/p>\n<p><a href=\"https:\/\/www.upo.es\/diario\/wp-content\/uploads\/2025\/04\/Feria_Ciencia01.jpeg\"><img loading=\"lazy\" decoding=\"async\" class=\"alignleft size-medium wp-image-30886284\" src=\"https:\/\/www.upo.es\/diario\/wp-content\/uploads\/2025\/04\/Feria_Ciencia01-420x315.jpeg\" alt=\"\" width=\"420\" height=\"315\" srcset=\"https:\/\/www.upo.es\/diario\/wp-content\/uploads\/2025\/04\/Feria_Ciencia01-420x315.jpeg 420w, https:\/\/www.upo.es\/diario\/wp-content\/uploads\/2025\/04\/Feria_Ciencia01-700x525.jpeg 700w, https:\/\/www.upo.es\/diario\/wp-content\/uploads\/2025\/04\/Feria_Ciencia01-768x576.jpeg 768w, https:\/\/www.upo.es\/diario\/wp-content\/uploads\/2025\/04\/Feria_Ciencia01-1536x1152.jpeg 1536w, https:\/\/www.upo.es\/diario\/wp-content\/uploads\/2025\/04\/Feria_Ciencia01-1320x990.jpeg 1320w, https:\/\/www.upo.es\/diario\/wp-content\/uploads\/2025\/04\/Feria_Ciencia01.jpeg 1600w\" sizes=\"auto, (max-width: 420px) 100vw, 420px\" \/><\/a>Adem\u00e1s, en colaboraci\u00f3n con la Fundaci\u00f3n Descubre, la UPO presentar\u00e1 su papel clave en el proyecto \u2018<strong>Andaluc\u00eda + Ciencia Ciudadana\u2019<\/strong>, una iniciativa pionera que promueve la implicaci\u00f3n activa de la ciudadan\u00eda en la investigaci\u00f3n cient\u00edfica y que impulsa una oficina virtual de asesoramiento para colectivos sociales, docentes y entidades interesadas en la ciencia participativa.<\/p>\n<p>La Feria de la Ciencia, organizada por la Sociedad Andaluza para la Divulgaci\u00f3n de la Ciencia y la Fundaci\u00f3n Descubre, es una de las principales citas anuales de la divulgaci\u00f3n en Andaluc\u00eda. El pasado a\u00f1o reuni\u00f3 a m\u00e1s de 29.000 visitantes entre escolares, docentes y familias.<\/p>\n<p>&nbsp;<\/p>\n<p><a href=\"https:\/\/www.upo.es\/cms3\/export\/sites\/otri-cms3\/otri\/cultura-cientifica\/.galleries\/DOCUMENTOS-Historico-CULTURA-CIENTIFICA\/Programa_La-UPO-en-la-Feria-Ciencia-2025.pdf\">Programa &#8216;La UPO en la 23\u00aa Feria de la Ciencia&#8217;<\/a><\/p>\n<p>&nbsp;<\/p>\n<p><strong>HORARIO DE LA FERIA:<\/strong><\/p>\n<p>Martes 22 y mi\u00e9rcoles 23 de abril, de 10:00 a 19:00 horas.<\/p>\n<p>Jueves 24 de abril, de 10:00 a 20:00 horas.<\/p>\n<p>Acceder a las fotos del stand de la UPO de la pasada edici\u00f3n: <a href=\"https:\/\/www.flickr.com\/photos\/pablodeolavide\/albums\/72177720317265268\/\">https:\/\/www.flickr.com\/photos\/pablodeolavide\/albums\/72177720317265268\/<\/a><\/p>\n<p>&nbsp;<\/p>\n<p><a href=\"https:\/\/feriadelaciencia.org\/01_FERIACIENCIA\/\">https:\/\/feriadelaciencia.org\/01_FERIACIENCIA\/<\/a><\/p>\n<p>&nbsp;<\/p>\n<p>&nbsp;<\/p>\n","protected":false},"excerpt":{"rendered":"<p>La Universidad Pablo de Olavide se suma un a\u00f1o m\u00e1s a la Feria de la Ciencia, un evento que se celebra en el Palacio de Congresos y Exposiciones de Sevilla (FIBES) los d\u00edas 22, 23 y 24 de abril. El personal investigador de la UPO desplegar\u00e1 una variada programaci\u00f3n de actividades para todos los p\u00fablicos, con el objetivo de acercar el conocimiento cient\u00edfico a la sociedad.<\/p>\n","protected":false},"author":2,"featured_media":30886281,"comment_status":"closed","ping_status":"open","sticky":false,"template":"","format":"standard","meta":{"_monsterinsights_skip_tracking":false,"_monsterinsights_sitenote_active":false,"_monsterinsights_sitenote_note":"","_monsterinsights_sitenote_category":0,"footnotes":""},"categories":[2779],"tags":[123,43,5270,8796,714,2645,63,5019,5020,56,83,2131,3179,2114,7331],"class_list":["post-30886274","post","type-post","status-publish","format-standard","has-post-thumbnail","hentry","category-docencia-formacion","tag-asban","tag-cabd","tag-departamento-de-economia-metodos-cuantitativos-e-historia-economica","tag-deporte-e-informatica","tag-derecho-privado","tag-divulgacion-cientifica","tag-economia","tag-feria-de-la-ciencia","tag-fibes","tag-investigacion","tag-otri","tag-quimicos-y-naturales","tag-sistemas-fisicos","tag-vicerrectorado-de-estudiantes","tag-vicerrectorado-de-investigacion"],"_links":{"self":[{"href":"https:\/\/www.upo.es\/diario\/wp-json\/wp\/v2\/posts\/30886274","targetHints":{"allow":["GET"]}}],"collection":[{"href":"https:\/\/www.upo.es\/diario\/wp-json\/wp\/v2\/posts"}],"about":[{"href":"https:\/\/www.upo.es\/diario\/wp-json\/wp\/v2\/types\/post"}],"author":[{"embeddable":true,"href":"https:\/\/www.upo.es\/diario\/wp-json\/wp\/v2\/users\/2"}],"replies":[{"embeddable":true,"href":"https:\/\/www.upo.es\/diario\/wp-json\/wp\/v2\/comments?post=30886274"}],"version-history":[{"count":1,"href":"https:\/\/www.upo.es\/diario\/wp-json\/wp\/v2\/posts\/30886274\/revisions"}],"predecessor-version":[{"id":30886285,"href":"https:\/\/www.upo.es\/diario\/wp-json\/wp\/v2\/posts\/30886274\/revisions\/30886285"}],"wp:featuredmedia":[{"embeddable":true,"href":"https:\/\/www.upo.es\/diario\/wp-json\/wp\/v2\/media\/30886281"}],"wp:attachment":[{"href":"https:\/\/www.upo.es\/diario\/wp-json\/wp\/v2\/media?parent=30886274"}],"wp:term":[{"taxonomy":"category","embeddable":true,"href":"https:\/\/www.upo.es\/diario\/wp-json\/wp\/v2\/categories?post=30886274"},{"taxonomy":"post_tag","embeddable":true,"href":"https:\/\/www.upo.es\/diario\/wp-json\/wp\/v2\/tags?post=30886274"}],"curies":[{"name":"wp","href":"https:\/\/api.w.org\/{rel}","templated":true}]}}