{"id":30886315,"date":"2025-04-24T12:23:35","date_gmt":"2025-04-24T10:23:35","guid":{"rendered":"https:\/\/www.upo.es\/diario\/?p=30886315"},"modified":"2025-04-26T15:47:29","modified_gmt":"2025-04-26T13:47:29","slug":"unas-jornadas-abordan-en-la-upo-la-proteccion-e-intervencion-con-menores-en-situacion-de-vulnerabilidad","status":"publish","type":"post","link":"https:\/\/www.upo.es\/diario\/docencia-formacion\/2025\/04\/unas-jornadas-abordan-en-la-upo-la-proteccion-e-intervencion-con-menores-en-situacion-de-vulnerabilidad\/","title":{"rendered":"Unas jornadas abordan en la UPO la protecci\u00f3n e intervenci\u00f3n con menores en situaci\u00f3n de vulnerabilidad"},"content":{"rendered":"<p><a href=\"https:\/\/www.upo.es\/diario\/wp-content\/uploads\/2025\/04\/20250424081347__MG_2206.jpg\"><img loading=\"lazy\" decoding=\"async\" class=\"aligncenter size-large wp-image-30886319\" src=\"https:\/\/www.upo.es\/diario\/wp-content\/uploads\/2025\/04\/20250424081347__MG_2206-750x500.jpg\" alt=\"\" width=\"750\" height=\"500\" srcset=\"https:\/\/www.upo.es\/diario\/wp-content\/uploads\/2025\/04\/20250424081347__MG_2206-750x500.jpg 750w, https:\/\/www.upo.es\/diario\/wp-content\/uploads\/2025\/04\/20250424081347__MG_2206-420x280.jpg 420w, https:\/\/www.upo.es\/diario\/wp-content\/uploads\/2025\/04\/20250424081347__MG_2206-768x512.jpg 768w, https:\/\/www.upo.es\/diario\/wp-content\/uploads\/2025\/04\/20250424081347__MG_2206-1536x1024.jpg 1536w, https:\/\/www.upo.es\/diario\/wp-content\/uploads\/2025\/04\/20250424081347__MG_2206-165x109.jpg 165w, https:\/\/www.upo.es\/diario\/wp-content\/uploads\/2025\/04\/20250424081347__MG_2206-1320x880.jpg 1320w, https:\/\/www.upo.es\/diario\/wp-content\/uploads\/2025\/04\/20250424081347__MG_2206.jpg 1620w\" sizes=\"auto, (max-width: 750px) 100vw, 750px\" \/><\/a>La sala de grados del edificio 7 de la Universidad Pablo de Olavide acoge desde esta ma\u00f1ana unas jornadas que analizan la intervenci\u00f3n con menores desde el punto de vista de la protecci\u00f3n, y con menores que cometen infracciones penales, c\u00f3mo han evolucionado estos delitos y las diferencias legales que existen seg\u00fan la edad contempladas por la ley.<\/p>\n<figure id=\"attachment_30886320\" aria-describedby=\"caption-attachment-30886320\" style=\"width: 420px\" class=\"wp-caption alignright\"><a href=\"https:\/\/www.upo.es\/diario\/wp-content\/uploads\/2025\/04\/20250424081414__MG_2218.jpg\"><img loading=\"lazy\" decoding=\"async\" class=\"wp-image-30886320 size-medium\" src=\"https:\/\/www.upo.es\/diario\/wp-content\/uploads\/2025\/04\/20250424081414__MG_2218-420x248.jpg\" alt=\"Laura L\u00f3pez de la Cruz y Jos\u00e9 Mar\u00eda Gonz\u00e1lez Serrano\" width=\"420\" height=\"248\" srcset=\"https:\/\/www.upo.es\/diario\/wp-content\/uploads\/2025\/04\/20250424081414__MG_2218-420x248.jpg 420w, https:\/\/www.upo.es\/diario\/wp-content\/uploads\/2025\/04\/20250424081414__MG_2218-750x443.jpg 750w, https:\/\/www.upo.es\/diario\/wp-content\/uploads\/2025\/04\/20250424081414__MG_2218-768x454.jpg 768w, https:\/\/www.upo.es\/diario\/wp-content\/uploads\/2025\/04\/20250424081414__MG_2218-1536x907.jpg 1536w, https:\/\/www.upo.es\/diario\/wp-content\/uploads\/2025\/04\/20250424081414__MG_2218-1320x780.jpg 1320w, https:\/\/www.upo.es\/diario\/wp-content\/uploads\/2025\/04\/20250424081414__MG_2218.jpg 1620w\" sizes=\"auto, (max-width: 420px) 100vw, 420px\" \/><\/a><figcaption id=\"caption-attachment-30886320\" class=\"wp-caption-text\">Laura L\u00f3pez de la Cruz y Jos\u00e9 Mar\u00eda Gonz\u00e1lez Serrano<\/figcaption><\/figure>\n<p><strong>Laura L\u00f3pez de la Cruz<\/strong>, profesora de Derecho Civil y vicerrectora de Relaciones Institucionales y Formaci\u00f3n Permanente y Fundaciones de la Olavide ha presentado esta ma\u00f1ana las Jornadas junto a <strong>Jos\u00e9 Mar\u00eda Gonz\u00e1lez Serrano<\/strong>, inspector jefe de la Unidad de Polic\u00eda Nacional Adscrita a la Comunidad Aut\u00f3noma de Andaluc\u00eda.<\/p>\n<p data-pm-slice=\"1 1 []\">Bajo el t\u00edtulo <strong>&#8216;Guardianes de la Infancia: Protecci\u00f3n y Apoyo a los Menores Vulnerables&#8217;<\/strong>, la jornada del jueves tratar\u00e1 temas fundamentales como la acci\u00f3n policial frente a situaciones de riesgo para menores, las estrategias normativas para su protecci\u00f3n y el papel crucial de las redes de apoyo institucionales. Entre los ponentes destacan <strong>Eduardo Mercadilla Molina<\/strong>, inspector jefe de la Unidad de Polic\u00eda Nacional adscrita a Andaluc\u00eda, y <strong>Elena Enrique L\u00f3pez<\/strong>, responsable del Servicio de Protecci\u00f3n de Menores de la Junta de Andaluc\u00eda en Sevilla.<\/p>\n<p>El viernes 25, bajo el lema <strong>&#8216;Camino hacia la Rehabilitaci\u00f3n: La Responsabilidad y el Futuro de los Menores Infractores&#8217;<\/strong>, expertos analizar\u00e1n aspectos como la responsabilidad penal juvenil, la prevenci\u00f3n de la violencia de g\u00e9nero y el consumo de pornograf\u00eda entre menores, adem\u00e1s del funcionamiento de los centros de internamiento para j\u00f3venes infractores. <strong>Luis Miguel Villaverde Herrera<\/strong>, inspector jefe, y <strong>Manuel Beliz\u00f3n S\u00e1nchez<\/strong>, director del CIMI &#8216;Los Alcores&#8217; de Carmona, ser\u00e1n algunos de los conferenciantes principales.<\/p>\n<p>Las Jornadas sobre protecci\u00f3n e intervenci\u00f3n con menores, de car\u00e1cter pr\u00e1ctico, han sido dise\u00f1adas para conocer la realidad de la aplicaci\u00f3n del Derecho penal y civil en situaciones de vulnerabilidad del menor m\u00e1s all\u00e1 de la formaci\u00f3n acad\u00e9mica. \u00abUnas Jornadas para comprender y aprender c\u00f3mo trabajan en la vida real profesionales que abordan situaciones dif\u00edciles relacionadas con la protecci\u00f3n de menores\u00bb, ha comentado durante la sesi\u00f3n inaugural Laura L\u00f3pez de la Cruz.\u00a0 Por su parte, Gonz\u00e1lez Serrano ha celebrado la organizaci\u00f3n de las Jornadas ya que \u00abconstituyen un punto de comuni\u00f3n entre la Polic\u00eda Nacional y el mundo universitario que es fundamental\u00bb.<\/p>\n<p><strong>M\u00e1s informaci\u00f3n:<\/strong><br \/>\n<a href=\"https:\/\/eventos.upo.es\/133983\/detail\/jornadas-sobre-proteccion-e-intervencion-con-menores.html\">https:\/\/eventos.upo.es\/133983\/detail\/jornadas-sobre-proteccion-e-intervencion-con-menores.html<\/a><\/p>\n","protected":false},"excerpt":{"rendered":"<p>La sala de grados del edificio 7 de la Universidad Pablo de Olavide acoge desde esta ma\u00f1ana unas jornadas que analizan la intervenci\u00f3n con menores desde el punto de vista de la protecci\u00f3n, y con menores que cometen infracciones penales, c\u00f3mo han evolucionado estos delitos y las diferencias legales que existen seg\u00fan la edad contempladas por la ley.<\/p>\n","protected":false},"author":6,"featured_media":30886319,"comment_status":"closed","ping_status":"open","sticky":false,"template":"","format":"standard","meta":{"_monsterinsights_skip_tracking":false,"_monsterinsights_sitenote_active":false,"_monsterinsights_sitenote_note":"","_monsterinsights_sitenote_category":0,"footnotes":""},"categories":[2779],"tags":[1358,5730,842,793,1648,622,5253],"class_list":["post-30886315","post","type-post","status-publish","format-standard","has-post-thumbnail","hentry","category-docencia-formacion","tag-area-de-derecho-civil","tag-delitos","tag-derecho-penal","tag-intervencion-social","tag-laura-lopez-de-la-cruz","tag-menores","tag-policia-nacional"],"_links":{"self":[{"href":"https:\/\/www.upo.es\/diario\/wp-json\/wp\/v2\/posts\/30886315","targetHints":{"allow":["GET"]}}],"collection":[{"href":"https:\/\/www.upo.es\/diario\/wp-json\/wp\/v2\/posts"}],"about":[{"href":"https:\/\/www.upo.es\/diario\/wp-json\/wp\/v2\/types\/post"}],"author":[{"embeddable":true,"href":"https:\/\/www.upo.es\/diario\/wp-json\/wp\/v2\/users\/6"}],"replies":[{"embeddable":true,"href":"https:\/\/www.upo.es\/diario\/wp-json\/wp\/v2\/comments?post=30886315"}],"version-history":[{"count":4,"href":"https:\/\/www.upo.es\/diario\/wp-json\/wp\/v2\/posts\/30886315\/revisions"}],"predecessor-version":[{"id":30886321,"href":"https:\/\/www.upo.es\/diario\/wp-json\/wp\/v2\/posts\/30886315\/revisions\/30886321"}],"wp:featuredmedia":[{"embeddable":true,"href":"https:\/\/www.upo.es\/diario\/wp-json\/wp\/v2\/media\/30886319"}],"wp:attachment":[{"href":"https:\/\/www.upo.es\/diario\/wp-json\/wp\/v2\/media?parent=30886315"}],"wp:term":[{"taxonomy":"category","embeddable":true,"href":"https:\/\/www.upo.es\/diario\/wp-json\/wp\/v2\/categories?post=30886315"},{"taxonomy":"post_tag","embeddable":true,"href":"https:\/\/www.upo.es\/diario\/wp-json\/wp\/v2\/tags?post=30886315"}],"curies":[{"name":"wp","href":"https:\/\/api.w.org\/{rel}","templated":true}]}}