{"id":30886322,"date":"2025-04-24T12:37:19","date_gmt":"2025-04-24T10:37:19","guid":{"rendered":"https:\/\/www.upo.es\/diario\/?p=30886322"},"modified":"2025-04-24T13:30:38","modified_gmt":"2025-04-24T11:30:38","slug":"abierta-la-convocatoria-de-docencia-para-el-programa-universitario-aula-abierta-de-mayores-del-curso-2025-2026","status":"publish","type":"post","link":"https:\/\/www.upo.es\/diario\/comunidad\/2025\/04\/abierta-la-convocatoria-de-docencia-para-el-programa-universitario-aula-abierta-de-mayores-del-curso-2025-2026\/","title":{"rendered":"Abierta la convocatoria de docencia para el programa universitario Aula Abierta de Mayores del curso 2025\/2026"},"content":{"rendered":"<p><a href=\"https:\/\/www.upo.es\/diario\/wp-content\/uploads\/2025\/04\/docencia-AAMM.jpg\"><img loading=\"lazy\" decoding=\"async\" class=\"alignright size-medium wp-image-30886324\" src=\"https:\/\/www.upo.es\/diario\/wp-content\/uploads\/2025\/04\/docencia-AAMM-420x280.jpg\" alt=\"Clase del Aula Abierta de Mayores de la Pablo de Olavide\" width=\"420\" height=\"280\" srcset=\"https:\/\/www.upo.es\/diario\/wp-content\/uploads\/2025\/04\/docencia-AAMM-420x280.jpg 420w, https:\/\/www.upo.es\/diario\/wp-content\/uploads\/2025\/04\/docencia-AAMM-750x500.jpg 750w, https:\/\/www.upo.es\/diario\/wp-content\/uploads\/2025\/04\/docencia-AAMM-768x512.jpg 768w, https:\/\/www.upo.es\/diario\/wp-content\/uploads\/2025\/04\/docencia-AAMM-165x109.jpg 165w, https:\/\/www.upo.es\/diario\/wp-content\/uploads\/2025\/04\/docencia-AAMM.jpg 1200w\" sizes=\"auto, (max-width: 420px) 100vw, 420px\" \/><\/a>La Universidad Pablo de Olavide, a trav\u00e9s del Vicerrectorado de Cultura y Pol\u00edticas Sociales, ha publicado una nueva <strong>convocatoria de docencia para impartir las diferentes asignaturas que conforman el programa docente del Aula Abierta de Mayores de la UPO para el curso acad\u00e9mico 2025\/2026<\/strong>.<\/p>\n<p>El <strong>Aula Abierta de Mayores es un programa universitario para personas mayores de 50 a\u00f1os que persigue mejorar la calidad de vida de este colectivo y fomentar su participaci\u00f3n como dinamizadores y dinamizadoras sociales<\/strong>. El programa cuenta con un <strong>Ciclo B\u00e1sico<\/strong> (cuatro cursos acad\u00e9micos) y un <strong>Ciclo de Continuidad<\/strong> (de dos cursos acad\u00e9micos) durante los cuales el alumnado cursa diferentes asignaturas de las diferentes ramas de estudio: <strong>Geograf\u00eda e Historia, Ciencias Jur\u00eddicas, Ciencias Experimentales, Ciencias Econ\u00f3micas y de la Empresa, Arte y Humanidades, Ciencias Sociales, Lengua y Literatura, Ciencias de la Salud y Biosanitarias, Ciencias Tecnol\u00f3gicas y de la Comunicaci\u00f3n, y Ciencias de la Actividad F\u00edsica y del Deporte<\/strong>.<\/p>\n<p>Podr\u00e1n presentar propuestas de docencia para impartir asignaturas las personas que formen parte del Personal Docente e Investigador (PDI) de la Universidad Pablo de Olavide, y se podr\u00e1n presentar de forma individual o grupal siempre que la persona responsable de la misma sea miembro del PDI y tenga vinculaci\u00f3n permanente con la universidad. El profesorado interesado en participar podr\u00e1 presentar su propuesta en el <a href=\"https:\/\/docs.google.com\/forms\/d\/1Yue4bni5YCwf-9OxoF0cel7YCAikj0NXQCKa7mNDdFk\/viewform?edit_requested=true\">formulario<\/a> hasta el pr\u00f3ximo 10 de mayo. Una vez recibidas, cada una de las propuestas ser\u00e1 evaluada por el equipo de coordinaci\u00f3n t\u00e9cnica del Aula Abierta de Mayores.<\/p>\n<p><a href=\"https:\/\/www.upo.es\/diario\/wp-content\/uploads\/2025\/04\/Convocatoria-docencia-AAM-25-26.jpg\"><img loading=\"lazy\" decoding=\"async\" class=\"alignright size-medium wp-image-30886323\" src=\"https:\/\/www.upo.es\/diario\/wp-content\/uploads\/2025\/04\/Convocatoria-docencia-AAM-25-26-420x420.jpg\" alt=\"Abierta la convocatoria de docencia para el programa universitario Aula Abierta de Mayores del curso 2025\/2026\" width=\"420\" height=\"420\" srcset=\"https:\/\/www.upo.es\/diario\/wp-content\/uploads\/2025\/04\/Convocatoria-docencia-AAM-25-26-420x420.jpg 420w, https:\/\/www.upo.es\/diario\/wp-content\/uploads\/2025\/04\/Convocatoria-docencia-AAM-25-26-525x525.jpg 525w, https:\/\/www.upo.es\/diario\/wp-content\/uploads\/2025\/04\/Convocatoria-docencia-AAM-25-26-300x300.jpg 300w, https:\/\/www.upo.es\/diario\/wp-content\/uploads\/2025\/04\/Convocatoria-docencia-AAM-25-26-768x768.jpg 768w, https:\/\/www.upo.es\/diario\/wp-content\/uploads\/2025\/04\/Convocatoria-docencia-AAM-25-26.jpg 1080w\" sizes=\"auto, (max-width: 420px) 100vw, 420px\" \/><\/a>Este programa formativo est\u00e1 presente actualmente en los municipios de <strong>Alcal\u00e1 de Guada\u00edra, Almensilla, Aznalc\u00f3llar, Bollullos de la Mitaci\u00f3n, Bormujos, Casariche, Castilleja de la Cuesta, Dos Hermanas, El Viso del Alcor, Gerena, Gilena, Gines, Herrera, La Algaba, La Puebla de Cazalla, Las Cabezas de San Juan, Lebrija, Mairena del Alcor, Pedrera, Pilas, Salteras, Santiponce y Tomares<\/strong>.<\/p>\n<p>Adem\u00e1s de las diferentes asignaturas de los ciclos, el programa cuenta con actividades complementarias como seminarios acad\u00e9micos, jornadas culturales, encuentros provinciales y actividades intergeneracionales en las que tambi\u00e9n participa el profesorado implicado en el proyecto.<\/p>\n<p>El programa, dependiente del Vicerrectorado de Cultura y Pol\u00edticas Sociales y gestionado por la Fundaci\u00f3n Universidad Pablo de Olavide, cuenta con el apoyo de la Diputaci\u00f3n de Sevilla, la Consejer\u00eda de Inclusi\u00f3n Social, Juventud, Familias e Igualdad de la Junta de Andaluc\u00eda, la Fundaci\u00f3n La Caixa y los ayuntamientos de los municipios adscritos al programa.<\/p>\n<p>M\u00e1s informaci\u00f3n:\u00a0 <a href=\"https:\/\/www.upo.es\/aula-mayores\/docencia\/seleccion\/\">Docencia Aula Abierta de Mayores UPO<\/a><\/p>\n<p>Fuente: Fundaci\u00f3n Universidad Pablo de Olavide<\/p>\n","protected":false},"excerpt":{"rendered":"<p>La Universidad Pablo de Olavide, a trav\u00e9s del Vicerrectorado de Cultura y Pol\u00edticas Sociales, ha publicado una nueva convocatoria de docencia para impartir las diferentes asignaturas que conforman el programa docente del Aula Abierta de Mayores de la UPO para el curso acad\u00e9mico 2025\/2026.<\/p>\n","protected":false},"author":6,"featured_media":30886323,"comment_status":"closed","ping_status":"open","sticky":false,"template":"","format":"standard","meta":{"_monsterinsights_skip_tracking":false,"_monsterinsights_sitenote_active":false,"_monsterinsights_sitenote_note":"","_monsterinsights_sitenote_category":0,"footnotes":""},"categories":[5842],"tags":[52,1961,9137,6550,199],"class_list":["post-30886322","post","type-post","status-publish","format-standard","has-post-thumbnail","hentry","category-comunidad","tag-aula-abierta-de-mayores","tag-convocatoria","tag-curso-2025-2026","tag-personal-docente-e-investigador","tag-profesorado"],"_links":{"self":[{"href":"https:\/\/www.upo.es\/diario\/wp-json\/wp\/v2\/posts\/30886322","targetHints":{"allow":["GET"]}}],"collection":[{"href":"https:\/\/www.upo.es\/diario\/wp-json\/wp\/v2\/posts"}],"about":[{"href":"https:\/\/www.upo.es\/diario\/wp-json\/wp\/v2\/types\/post"}],"author":[{"embeddable":true,"href":"https:\/\/www.upo.es\/diario\/wp-json\/wp\/v2\/users\/6"}],"replies":[{"embeddable":true,"href":"https:\/\/www.upo.es\/diario\/wp-json\/wp\/v2\/comments?post=30886322"}],"version-history":[{"count":2,"href":"https:\/\/www.upo.es\/diario\/wp-json\/wp\/v2\/posts\/30886322\/revisions"}],"predecessor-version":[{"id":30886332,"href":"https:\/\/www.upo.es\/diario\/wp-json\/wp\/v2\/posts\/30886322\/revisions\/30886332"}],"wp:featuredmedia":[{"embeddable":true,"href":"https:\/\/www.upo.es\/diario\/wp-json\/wp\/v2\/media\/30886323"}],"wp:attachment":[{"href":"https:\/\/www.upo.es\/diario\/wp-json\/wp\/v2\/media?parent=30886322"}],"wp:term":[{"taxonomy":"category","embeddable":true,"href":"https:\/\/www.upo.es\/diario\/wp-json\/wp\/v2\/categories?post=30886322"},{"taxonomy":"post_tag","embeddable":true,"href":"https:\/\/www.upo.es\/diario\/wp-json\/wp\/v2\/tags?post=30886322"}],"curies":[{"name":"wp","href":"https:\/\/api.w.org\/{rel}","templated":true}]}}