{"id":30886359,"date":"2025-04-25T13:12:07","date_gmt":"2025-04-25T11:12:07","guid":{"rendered":"https:\/\/www.upo.es\/diario\/?p=30886359"},"modified":"2025-04-30T15:45:53","modified_gmt":"2025-04-30T13:45:53","slug":"representantes-diplomaticos-grupo-nordico-baltico-debaten-politica-internacional-seguridad-estrategica-europea","status":"publish","type":"post","link":"https:\/\/www.upo.es\/diario\/docencia-formacion\/2025\/04\/representantes-diplomaticos-grupo-nordico-baltico-debaten-politica-internacional-seguridad-estrategica-europea\/","title":{"rendered":"Representantes diplom\u00e1ticos del grupo N\u00f3rdico-B\u00e1ltico debaten sobre pol\u00edtica internacional y seguridad estrat\u00e9gica europea"},"content":{"rendered":"<figure id=\"attachment_30886361\" aria-describedby=\"caption-attachment-30886361\" style=\"width: 750px\" class=\"wp-caption aligncenter\"><a href=\"https:\/\/www.upo.es\/diario\/wp-content\/uploads\/2025\/04\/confe_embajadores01-1-scaled.jpg\"><img loading=\"lazy\" decoding=\"async\" class=\"size-large wp-image-30886361\" src=\"https:\/\/www.upo.es\/diario\/wp-content\/uploads\/2025\/04\/confe_embajadores01-1-750x435.jpg\" alt=\"\" width=\"750\" height=\"435\" srcset=\"https:\/\/www.upo.es\/diario\/wp-content\/uploads\/2025\/04\/confe_embajadores01-1-750x435.jpg 750w, https:\/\/www.upo.es\/diario\/wp-content\/uploads\/2025\/04\/confe_embajadores01-1-420x244.jpg 420w, https:\/\/www.upo.es\/diario\/wp-content\/uploads\/2025\/04\/confe_embajadores01-1-768x445.jpg 768w, https:\/\/www.upo.es\/diario\/wp-content\/uploads\/2025\/04\/confe_embajadores01-1-1536x891.jpg 1536w, https:\/\/www.upo.es\/diario\/wp-content\/uploads\/2025\/04\/confe_embajadores01-1-2048x1188.jpg 2048w, https:\/\/www.upo.es\/diario\/wp-content\/uploads\/2025\/04\/confe_embajadores01-1-1320x766.jpg 1320w\" sizes=\"auto, (max-width: 750px) 100vw, 750px\" \/><\/a><figcaption id=\"caption-attachment-30886361\" class=\"wp-caption-text\">Representantes diplom\u00e1ticos junto a miembros de la Facultad de Derecho.<\/figcaption><\/figure>\n<p>Con el objetivo de poner de relieve los desaf\u00edos de seguridad a los que se enfrenta actualmente la Uni\u00f3n Europea, la Universidad Pablo de Olavide ha acogido la celebraci\u00f3n de la conferencia <strong>\u2018Respuestas europeas ante amenazas de seguridad actuales: el tiempo como factor estrat\u00e9gico y la experiencia N\u00f3rdico-B\u00e1ltica\u2019<\/strong>, un encuentro que ha contado con la participaci\u00f3n de la embajadora en Espa\u00f1a de <strong>Lituania<\/strong>, <strong>Lyra Pui\u0161yt\u0117-Bostroem<\/strong>, y sus hom\u00f3logos de <strong>Noruega<\/strong> y <strong>Letonia<\/strong>, <strong>Nils Haugstveit<\/strong> y <strong>Janis Zlamets<\/strong>.<\/p>\n<figure id=\"attachment_30886363\" aria-describedby=\"caption-attachment-30886363\" style=\"width: 420px\" class=\"wp-caption alignright\"><a href=\"https:\/\/www.upo.es\/diario\/wp-content\/uploads\/2025\/04\/confe_embajadores02-1-scaled.jpg\"><img loading=\"lazy\" decoding=\"async\" class=\"size-medium wp-image-30886363\" src=\"https:\/\/www.upo.es\/diario\/wp-content\/uploads\/2025\/04\/confe_embajadores02-1-420x280.jpg\" alt=\"\" width=\"420\" height=\"280\" srcset=\"https:\/\/www.upo.es\/diario\/wp-content\/uploads\/2025\/04\/confe_embajadores02-1-420x280.jpg 420w, https:\/\/www.upo.es\/diario\/wp-content\/uploads\/2025\/04\/confe_embajadores02-1-750x500.jpg 750w, https:\/\/www.upo.es\/diario\/wp-content\/uploads\/2025\/04\/confe_embajadores02-1-768x512.jpg 768w, https:\/\/www.upo.es\/diario\/wp-content\/uploads\/2025\/04\/confe_embajadores02-1-1536x1024.jpg 1536w, https:\/\/www.upo.es\/diario\/wp-content\/uploads\/2025\/04\/confe_embajadores02-1-2048x1365.jpg 2048w, https:\/\/www.upo.es\/diario\/wp-content\/uploads\/2025\/04\/confe_embajadores02-1-165x109.jpg 165w, https:\/\/www.upo.es\/diario\/wp-content\/uploads\/2025\/04\/confe_embajadores02-1-1320x880.jpg 1320w\" sizes=\"auto, (max-width: 420px) 100vw, 420px\" \/><\/a><figcaption id=\"caption-attachment-30886363\" class=\"wp-caption-text\">De izquierda a derecha, Janis Zlamets (Letonia), Juan Antonio Y\u00e1\u00f1ez-Barnuevo, C\u00e9sar Hornero, Lyra Pui\u0161yt\u0117-Bostroem (Lituania) y Nils Haugstveit (Noruega).<\/figcaption><\/figure>\n<p>Organizada por la <strong>Facultad de Derecho<\/strong> de la UPO junto con el <strong>Consulado Honorario de Lituania en Andaluc\u00eda Occidental<\/strong>, este encuentro se enmarca en una serie de actividades impulsadas por los pa\u00edses del grupo <strong>Nordic Baltic 8<\/strong>, destinadas a destacar la compleja situaci\u00f3n de seguridad que viven estas naciones y su implicaci\u00f3n estrat\u00e9gica dentro de la Uni\u00f3n Europea.<\/p>\n<p>El acto, celebrado en la Sala de Grados de la Biblioteca de la UPO, fue inaugurado por el decano de la Facultad de Derecho, <strong>C\u00e9sar Hornero M\u00e9ndez<\/strong>, y moderado por el diplom\u00e1tico <strong>Juan Antonio Y\u00e1\u00f1ez-Barnuevo<\/strong>, quien introdujo el contexto geopol\u00edtico europeo actual y la especial vulnerabilidad e intereses de los pa\u00edses b\u00e1lticos frente a las amenazas contempor\u00e1neas.<\/p>\n<p>Durante sus intervenciones, <strong>Lyra Pui\u0161yt\u0117-Bostroem<\/strong> (Lituania), <strong>Nils Haugstveit<\/strong> (Noruega) y <strong>Janis Zlamets<\/strong> (Letonia), abordaron cuestiones cr\u00edticas sobre la seguridad europea, subrayando la amenaza constante que supone la invasi\u00f3n rusa de Ucrania y otros riesgos emergentes como las amenazas h\u00edbridas, especialmente la desinformaci\u00f3n y los ciberataques.<\/p>\n<figure id=\"attachment_30886362\" aria-describedby=\"caption-attachment-30886362\" style=\"width: 420px\" class=\"wp-caption alignleft\"><a href=\"https:\/\/www.upo.es\/diario\/wp-content\/uploads\/2025\/04\/confe_embajadores03-1-scaled.jpg\"><img loading=\"lazy\" decoding=\"async\" class=\"size-medium wp-image-30886362\" src=\"https:\/\/www.upo.es\/diario\/wp-content\/uploads\/2025\/04\/confe_embajadores03-1-420x271.jpg\" alt=\"\" width=\"420\" height=\"271\" srcset=\"https:\/\/www.upo.es\/diario\/wp-content\/uploads\/2025\/04\/confe_embajadores03-1-420x271.jpg 420w, https:\/\/www.upo.es\/diario\/wp-content\/uploads\/2025\/04\/confe_embajadores03-1-750x484.jpg 750w, https:\/\/www.upo.es\/diario\/wp-content\/uploads\/2025\/04\/confe_embajadores03-1-768x495.jpg 768w, https:\/\/www.upo.es\/diario\/wp-content\/uploads\/2025\/04\/confe_embajadores03-1-1536x991.jpg 1536w, https:\/\/www.upo.es\/diario\/wp-content\/uploads\/2025\/04\/confe_embajadores03-1-2048x1321.jpg 2048w, https:\/\/www.upo.es\/diario\/wp-content\/uploads\/2025\/04\/confe_embajadores03-1-665x430.jpg 665w, https:\/\/www.upo.es\/diario\/wp-content\/uploads\/2025\/04\/confe_embajadores03-1-1320x851.jpg 1320w\" sizes=\"auto, (max-width: 420px) 100vw, 420px\" \/><\/a><figcaption id=\"caption-attachment-30886362\" class=\"wp-caption-text\">De izquierda a derecha, Janis Zlamets (Letonia), Juan Antonio Y\u00e1\u00f1ez-Barnuevo, Gloria Fern\u00e1ndez Arribas, Lyra Pui\u0161yt\u0117-Bostroem (Lituania) y Nils Haugstveit (Noruega).<\/figcaption><\/figure>\n<p>Los diplom\u00e1ticos destacaron importancia de la inversi\u00f3n en seguridad y defensa, agradeciendo la colaboraci\u00f3n de Espa\u00f1a en este \u00e1mbito.<\/p>\n<p>La conferencia incluy\u00f3 un debate con el p\u00fablico asistente, en el que se analizaron temas como la posible respuesta de Rusia ante el incremento del gasto militar en Europa, la relaci\u00f3n de los pa\u00edses B\u00e1lticos con la nueva administraci\u00f3n estadounidense o la desconexi\u00f3n de los pa\u00edses b\u00e1lticos de la red el\u00e9ctrica rusa y su intenci\u00f3n de alcanzar la independencia energ\u00e9tica.<\/p>\n<p>El evento fue clausurado por la vicedecana de Relaciones Internacionales de la Facultad de Derecho, Gloria Fern\u00e1ndez Arribas, quien destac\u00f3 el compromiso de la universidad con la calidad acad\u00e9mica y la internacionalizaci\u00f3n.<\/p>\n","protected":false},"excerpt":{"rendered":"<p>Con el objetivo de poner de relieve los desaf\u00edos de seguridad a los que se enfrenta actualmente la Uni\u00f3n Europea, la Universidad Pablo de Olavide ha acogido la celebraci\u00f3n de la conferencia \u2018Respuestas europeas ante amenazas de seguridad actuales: el tiempo como factor estrat\u00e9gico y la experiencia N\u00f3rdico-B\u00e1ltica\u2019, un encuentro que ha contado con la participaci\u00f3n de la embajadora en Espa\u00f1a de Lituania, Lyra Pui\u0161yt\u0117-Bostroem, y sus hom\u00f3logos de Noruega y Letonia, Nils Haugstveit y Janis Zlamets.<\/p>\n","protected":false},"author":2,"featured_media":30886361,"comment_status":"closed","ping_status":"open","sticky":false,"template":"","format":"standard","meta":{"_monsterinsights_skip_tracking":false,"_monsterinsights_sitenote_active":false,"_monsterinsights_sitenote_note":"","_monsterinsights_sitenote_category":0,"footnotes":""},"categories":[2779],"tags":[9161,454,81,9164,9163,6455,9162],"class_list":["post-30886359","post","type-post","status-publish","format-standard","has-post-thumbnail","hentry","category-docencia-formacion","tag-consulado-honorario-de-lituania-en-andalucia-occidental","tag-europa","tag-facultad-de-derecho","tag-letonia","tag-lituania","tag-noruega","tag-seguridad-europea"],"_links":{"self":[{"href":"https:\/\/www.upo.es\/diario\/wp-json\/wp\/v2\/posts\/30886359","targetHints":{"allow":["GET"]}}],"collection":[{"href":"https:\/\/www.upo.es\/diario\/wp-json\/wp\/v2\/posts"}],"about":[{"href":"https:\/\/www.upo.es\/diario\/wp-json\/wp\/v2\/types\/post"}],"author":[{"embeddable":true,"href":"https:\/\/www.upo.es\/diario\/wp-json\/wp\/v2\/users\/2"}],"replies":[{"embeddable":true,"href":"https:\/\/www.upo.es\/diario\/wp-json\/wp\/v2\/comments?post=30886359"}],"version-history":[{"count":4,"href":"https:\/\/www.upo.es\/diario\/wp-json\/wp\/v2\/posts\/30886359\/revisions"}],"predecessor-version":[{"id":30886366,"href":"https:\/\/www.upo.es\/diario\/wp-json\/wp\/v2\/posts\/30886359\/revisions\/30886366"}],"wp:featuredmedia":[{"embeddable":true,"href":"https:\/\/www.upo.es\/diario\/wp-json\/wp\/v2\/media\/30886361"}],"wp:attachment":[{"href":"https:\/\/www.upo.es\/diario\/wp-json\/wp\/v2\/media?parent=30886359"}],"wp:term":[{"taxonomy":"category","embeddable":true,"href":"https:\/\/www.upo.es\/diario\/wp-json\/wp\/v2\/categories?post=30886359"},{"taxonomy":"post_tag","embeddable":true,"href":"https:\/\/www.upo.es\/diario\/wp-json\/wp\/v2\/tags?post=30886359"}],"curies":[{"name":"wp","href":"https:\/\/api.w.org\/{rel}","templated":true}]}}