{"id":30886372,"date":"2025-04-25T14:48:59","date_gmt":"2025-04-25T12:48:59","guid":{"rendered":"https:\/\/www.upo.es\/diario\/?p=30886372"},"modified":"2025-05-02T11:03:17","modified_gmt":"2025-05-02T09:03:17","slug":"arranca-sevimun-2025-primer-modelo-naciones-unidas-internacional-celebrado-sevilla","status":"publish","type":"post","link":"https:\/\/www.upo.es\/diario\/docencia-formacion\/2025\/04\/arranca-sevimun-2025-primer-modelo-naciones-unidas-internacional-celebrado-sevilla\/","title":{"rendered":"Arranca SeviMUN 2025, el primer Modelo de Naciones Unidas internacional celebrado en Sevilla"},"content":{"rendered":"<figure id=\"attachment_30886373\" aria-describedby=\"caption-attachment-30886373\" style=\"width: 750px\" class=\"wp-caption aligncenter\"><a href=\"https:\/\/www.upo.es\/diario\/wp-content\/uploads\/2025\/04\/sevimun01-1-scaled.jpg\"><img loading=\"lazy\" decoding=\"async\" class=\"size-large wp-image-30886373\" src=\"https:\/\/www.upo.es\/diario\/wp-content\/uploads\/2025\/04\/sevimun01-1-750x500.jpg\" alt=\"\" width=\"750\" height=\"500\" srcset=\"https:\/\/www.upo.es\/diario\/wp-content\/uploads\/2025\/04\/sevimun01-1-750x500.jpg 750w, https:\/\/www.upo.es\/diario\/wp-content\/uploads\/2025\/04\/sevimun01-1-420x280.jpg 420w, https:\/\/www.upo.es\/diario\/wp-content\/uploads\/2025\/04\/sevimun01-1-768x512.jpg 768w, https:\/\/www.upo.es\/diario\/wp-content\/uploads\/2025\/04\/sevimun01-1-1536x1024.jpg 1536w, https:\/\/www.upo.es\/diario\/wp-content\/uploads\/2025\/04\/sevimun01-1-2048x1365.jpg 2048w, https:\/\/www.upo.es\/diario\/wp-content\/uploads\/2025\/04\/sevimun01-1-165x109.jpg 165w, https:\/\/www.upo.es\/diario\/wp-content\/uploads\/2025\/04\/sevimun01-1-1320x880.jpg 1320w\" sizes=\"auto, (max-width: 750px) 100vw, 750px\" \/><\/a><figcaption id=\"caption-attachment-30886373\" class=\"wp-caption-text\">Foto de familia de SeviMUN 2025.<\/figcaption><\/figure>\n<p>La Universidad Pablo de Olavide se convierte, por primera vez, en la sede de un Modelo de Naciones Unidas de car\u00e1cter internacional. Bajo el nombre <strong>SeviMUN 2025<\/strong> &#8211;<a href=\"https:\/\/mymun.com\/conferences\/sevimun-2025\"><strong><em>Seville International Model United Nations<\/em><\/strong><\/a>-, el encuentro se celebra los d\u00edas 25 y 26 de abril en el campus universitario, y culminar\u00e1 el 27 de abril en la sede de la Fundaci\u00f3n MAS.<\/p>\n<figure id=\"attachment_30886375\" aria-describedby=\"caption-attachment-30886375\" style=\"width: 420px\" class=\"wp-caption alignright\"><a href=\"https:\/\/www.upo.es\/diario\/wp-content\/uploads\/2025\/04\/sevimun03-1-scaled.jpg\"><img loading=\"lazy\" decoding=\"async\" class=\"wp-image-30886375 size-medium\" src=\"https:\/\/www.upo.es\/diario\/wp-content\/uploads\/2025\/04\/sevimun03-1-420x280.jpg\" alt=\"\" width=\"420\" height=\"280\" srcset=\"https:\/\/www.upo.es\/diario\/wp-content\/uploads\/2025\/04\/sevimun03-1-420x280.jpg 420w, https:\/\/www.upo.es\/diario\/wp-content\/uploads\/2025\/04\/sevimun03-1-750x500.jpg 750w, https:\/\/www.upo.es\/diario\/wp-content\/uploads\/2025\/04\/sevimun03-1-768x512.jpg 768w, https:\/\/www.upo.es\/diario\/wp-content\/uploads\/2025\/04\/sevimun03-1-1536x1024.jpg 1536w, https:\/\/www.upo.es\/diario\/wp-content\/uploads\/2025\/04\/sevimun03-1-2048x1365.jpg 2048w, https:\/\/www.upo.es\/diario\/wp-content\/uploads\/2025\/04\/sevimun03-1-165x109.jpg 165w, https:\/\/www.upo.es\/diario\/wp-content\/uploads\/2025\/04\/sevimun03-1-1320x880.jpg 1320w\" sizes=\"auto, (max-width: 420px) 100vw, 420px\" \/><\/a><figcaption id=\"caption-attachment-30886375\" class=\"wp-caption-text\">De izquierda a derecha, Jos\u00e9 Enrique Millo Rocher, Mari\u00e1n Mor\u00f3n Mart\u00edn, Vicente Mart\u00edn Gonz\u00e1lez, M\u00aa Pilar Moreno Navarro, y Jorge Ceballos Ome\u00f1aca.<\/figcaption><\/figure>\n<p>Este evento pionero est\u00e1 organizado por el <strong>Club de Debate<\/strong> de la UPO, con el respaldo del <strong>Consejo Social<\/strong>, el <strong>Vicerrectorado de Estudiantes<\/strong>, y el <strong>Vicerrectorado de Internacionalizaci\u00f3n<\/strong>. La organizaci\u00f3n ha contado con un equipo comprometido formado por <strong>Guillermo Pereda<\/strong>, <strong>Jos\u00e9 Blanco<\/strong>, <strong>Alberto P\u00e9rez<\/strong>, <strong>Estela Gallardo<\/strong>, <strong>Mar\u00eda Casquel<\/strong>, <strong>Samuel Chac\u00f3n<\/strong>, <strong>Sof\u00eda Guerrero<\/strong> y <strong>Jorge Ceballos.<\/strong><\/p>\n<p>\u201cEste proyecto que con tanto sacrificio, esfuerzo y dedicaci\u00f3n nos ha costado llevar a cabo se debe gracias a la colaboraci\u00f3n de varios actores de nuestra universidad cuyo prop\u00f3sito com\u00fan siempre fue defender los valores de la educaci\u00f3n p\u00fablica, igualando la Universidad Pablo de Olavide a los niveles de las universidades de las capitales europeas\u201d, declara <strong>Jorge Ceballos, <\/strong>presidente del Club de Debate y secretario general de SeviMUN.<\/p>\n<h3><strong>Sevilla se une al circuito internacional de simulaciones MUN<\/strong><\/h3>\n<p><a href=\"https:\/\/www.upo.es\/diario\/wp-content\/uploads\/2025\/04\/sevimun05-1-scaled.jpg\"><img loading=\"lazy\" decoding=\"async\" class=\"alignleft size-medium wp-image-30886377\" src=\"https:\/\/www.upo.es\/diario\/wp-content\/uploads\/2025\/04\/sevimun05-1-420x280.jpg\" alt=\"\" width=\"420\" height=\"280\" srcset=\"https:\/\/www.upo.es\/diario\/wp-content\/uploads\/2025\/04\/sevimun05-1-420x280.jpg 420w, https:\/\/www.upo.es\/diario\/wp-content\/uploads\/2025\/04\/sevimun05-1-750x500.jpg 750w, https:\/\/www.upo.es\/diario\/wp-content\/uploads\/2025\/04\/sevimun05-1-768x512.jpg 768w, https:\/\/www.upo.es\/diario\/wp-content\/uploads\/2025\/04\/sevimun05-1-1536x1024.jpg 1536w, https:\/\/www.upo.es\/diario\/wp-content\/uploads\/2025\/04\/sevimun05-1-2048x1365.jpg 2048w, https:\/\/www.upo.es\/diario\/wp-content\/uploads\/2025\/04\/sevimun05-1-165x109.jpg 165w, https:\/\/www.upo.es\/diario\/wp-content\/uploads\/2025\/04\/sevimun05-1-1320x880.jpg 1320w\" sizes=\"auto, (max-width: 420px) 100vw, 420px\" \/><\/a>SEVIMUN 2025 nace con el objetivo de situar a Sevilla en el mapa internacional de simulaciones de Naciones Unidas, al igual que lo est\u00e1n ciudades como Madrid, Barcelona o C\u00f3rdoba. As\u00ed, un total de <strong>107 estudiantes<\/strong> procedentes de universidades de renombre, nacionales e internacionales, como <strong><em>University College London<\/em><\/strong>, <strong><em>Kings College London<\/em><\/strong>, <strong><em>School of Oriental and African Studies<\/em><\/strong>, <strong><em>Universidade Cat\u00f3lica Portuguesa<\/em><\/strong>, <strong><em>European University<\/em> de Madrid<\/strong>, <strong>Universidad Castilla La Mancha<\/strong>, <strong>Universidad Loyola<\/strong>, <strong>Universidad de C\u00f3rdoba<\/strong>, <strong>Universidad de Sevilla<\/strong> y la propia <strong>Universidad Pablo de Olavide<\/strong>, participan en este evento que fomenta el intercambio acad\u00e9mico y cultural.<\/p>\n<p>Durante tres d\u00edas, los y las participantes asumen el rol de diplom\u00e1ticos internacionales en tres comit\u00e9s con distinto nivel de complejidad: <strong>Consejo Europeo<\/strong>, en espa\u00f1ol, nivel principiante; <strong>UEFA<\/strong>, en espa\u00f1ol, nivel intermedio; <strong>OTAN<\/strong>, en ingl\u00e9s, nivel avanzado.<\/p>\n<p>Cada delegado y delegada tendr\u00e1 como misi\u00f3n defender los intereses de su pa\u00eds, negociar con otros y alcanzar acuerdos reflejados en resoluciones, desarrollando habilidades clave en <strong>oratoria<\/strong>, <strong>negociaci\u00f3n<\/strong> y <strong>pensamiento cr\u00edtico<\/strong>.<\/p>\n<p><a href=\"https:\/\/www.upo.es\/diario\/wp-content\/uploads\/2025\/04\/sevimun04-1-scaled.jpg\"><img loading=\"lazy\" decoding=\"async\" class=\"alignright size-medium wp-image-30886376\" src=\"https:\/\/www.upo.es\/diario\/wp-content\/uploads\/2025\/04\/sevimun04-1-420x280.jpg\" alt=\"\" width=\"420\" height=\"280\" srcset=\"https:\/\/www.upo.es\/diario\/wp-content\/uploads\/2025\/04\/sevimun04-1-420x280.jpg 420w, https:\/\/www.upo.es\/diario\/wp-content\/uploads\/2025\/04\/sevimun04-1-750x500.jpg 750w, https:\/\/www.upo.es\/diario\/wp-content\/uploads\/2025\/04\/sevimun04-1-768x512.jpg 768w, https:\/\/www.upo.es\/diario\/wp-content\/uploads\/2025\/04\/sevimun04-1-1536x1024.jpg 1536w, https:\/\/www.upo.es\/diario\/wp-content\/uploads\/2025\/04\/sevimun04-1-2048x1365.jpg 2048w, https:\/\/www.upo.es\/diario\/wp-content\/uploads\/2025\/04\/sevimun04-1-165x109.jpg 165w, https:\/\/www.upo.es\/diario\/wp-content\/uploads\/2025\/04\/sevimun04-1-1320x880.jpg 1320w\" sizes=\"auto, (max-width: 420px) 100vw, 420px\" \/><\/a>El acto inaugural ha tenido lugar en la ma\u00f1ana de hoy en el Paraninfo de la Universidad Pablo de Olavide, y ha contado con la presencia de <strong>Mari\u00e1n Mor\u00f3n Mart\u00edn<\/strong>, vicerrectora de Internacionalizaci\u00f3n; <strong>M\u00aa Pilar Moreno Navarro<\/strong>, vicerrectora de Estudiantes; <strong>Jos\u00e9 Enrique Millo Rocher<\/strong>, secretario general de Acci\u00f3n Exterior; <strong>Vicente Mart\u00edn Gonz\u00e1lez<\/strong>, presidente del Consejo Social de la UPO; y <strong>Jorge Ceballos Ome\u00f1aca<\/strong>, presidente del Club de Debate de la UPO.<\/p>\n<h3><strong>M\u00e1s informaci\u00f3n:\u00a0<\/strong><\/h3>\n<p><strong>\u00a0<\/strong><a href=\"https:\/\/mymun.com\/conferences\/sevimun-2025\">https:\/\/mymun.com\/conferences\/sevimun-2025<\/a><\/p>\n<p>@sevimun2025 y @clubdebateupo en Instagram,<\/p>\n<p><a href=\"mailto:upoclubdebate@gmail.com\">upoclubdebate@gmail.com<\/a><\/p>\n<p>&nbsp;<\/p>\n","protected":false},"excerpt":{"rendered":"<p>La Universidad Pablo de Olavide se convierte, por primera vez, en la sede de un Modelo de Naciones Unidas de car\u00e1cter internacional. Bajo el nombre SeviMUN 2025 -Seville International Model United Nations-, el encuentro se celebra los d\u00edas 25 y 26 de abril en el campus universitario, y culminar\u00e1 el 27 de abril en la sede de la Fundaci\u00f3n MAS.<\/p>\n","protected":false},"author":2,"featured_media":30886373,"comment_status":"closed","ping_status":"open","sticky":false,"template":"","format":"standard","meta":{"_monsterinsights_skip_tracking":false,"_monsterinsights_sitenote_active":false,"_monsterinsights_sitenote_note":"","_monsterinsights_sitenote_category":0,"footnotes":""},"categories":[2779],"tags":[112,662,3250,6912,9122,591,2654,703,9119,9120,9121,2114,3620],"class_list":["post-30886372","post","type-post","status-publish","format-standard","has-post-thumbnail","hentry","category-docencia-formacion","tag-consejo-social","tag-debate","tag-diplomacia","tag-estudiantado","tag-model-un","tag-naciones-unidas","tag-oratoria","tag-pensamiento-critico","tag-seville-international-model-united-nations","tag-sevimun","tag-trabajo-en-equipo","tag-vicerrectorado-de-estudiantes","tag-vicerrectorado-de-internacionalizacion"],"_links":{"self":[{"href":"https:\/\/www.upo.es\/diario\/wp-json\/wp\/v2\/posts\/30886372","targetHints":{"allow":["GET"]}}],"collection":[{"href":"https:\/\/www.upo.es\/diario\/wp-json\/wp\/v2\/posts"}],"about":[{"href":"https:\/\/www.upo.es\/diario\/wp-json\/wp\/v2\/types\/post"}],"author":[{"embeddable":true,"href":"https:\/\/www.upo.es\/diario\/wp-json\/wp\/v2\/users\/2"}],"replies":[{"embeddable":true,"href":"https:\/\/www.upo.es\/diario\/wp-json\/wp\/v2\/comments?post=30886372"}],"version-history":[{"count":2,"href":"https:\/\/www.upo.es\/diario\/wp-json\/wp\/v2\/posts\/30886372\/revisions"}],"predecessor-version":[{"id":30886378,"href":"https:\/\/www.upo.es\/diario\/wp-json\/wp\/v2\/posts\/30886372\/revisions\/30886378"}],"wp:featuredmedia":[{"embeddable":true,"href":"https:\/\/www.upo.es\/diario\/wp-json\/wp\/v2\/media\/30886373"}],"wp:attachment":[{"href":"https:\/\/www.upo.es\/diario\/wp-json\/wp\/v2\/media?parent=30886372"}],"wp:term":[{"taxonomy":"category","embeddable":true,"href":"https:\/\/www.upo.es\/diario\/wp-json\/wp\/v2\/categories?post=30886372"},{"taxonomy":"post_tag","embeddable":true,"href":"https:\/\/www.upo.es\/diario\/wp-json\/wp\/v2\/tags?post=30886372"}],"curies":[{"name":"wp","href":"https:\/\/api.w.org\/{rel}","templated":true}]}}