{"id":30886379,"date":"2025-04-25T16:05:25","date_gmt":"2025-04-25T14:05:25","guid":{"rendered":"https:\/\/www.upo.es\/diario\/?p=30886379"},"modified":"2025-04-30T15:45:49","modified_gmt":"2025-04-30T13:45:49","slug":"estudiantes-biotecnologia-upo-presentan-trabajos-fin-de-grado-sobre-enfermedades-mitocondriales-pacientes-familiares","status":"publish","type":"post","link":"https:\/\/www.upo.es\/diario\/docencia-formacion\/2025\/04\/estudiantes-biotecnologia-upo-presentan-trabajos-fin-de-grado-sobre-enfermedades-mitocondriales-pacientes-familiares\/","title":{"rendered":"Estudiantes de Biotecnolog\u00eda de la UPO presentan sus trabajos fin de grado sobre enfermedades mitocondriales a pacientes y familiares"},"content":{"rendered":"<figure id=\"attachment_30886382\" aria-describedby=\"caption-attachment-30886382\" style=\"width: 750px\" class=\"wp-caption aligncenter\"><a href=\"https:\/\/www.upo.es\/diario\/wp-content\/uploads\/2025\/04\/jenfermedades_mitocondriales01-1-scaled.jpg\"><img loading=\"lazy\" decoding=\"async\" class=\"size-large wp-image-30886382\" src=\"https:\/\/www.upo.es\/diario\/wp-content\/uploads\/2025\/04\/jenfermedades_mitocondriales01-1-750x500.jpg\" alt=\"\" width=\"750\" height=\"500\" srcset=\"https:\/\/www.upo.es\/diario\/wp-content\/uploads\/2025\/04\/jenfermedades_mitocondriales01-1-750x500.jpg 750w, https:\/\/www.upo.es\/diario\/wp-content\/uploads\/2025\/04\/jenfermedades_mitocondriales01-1-420x280.jpg 420w, https:\/\/www.upo.es\/diario\/wp-content\/uploads\/2025\/04\/jenfermedades_mitocondriales01-1-768x512.jpg 768w, https:\/\/www.upo.es\/diario\/wp-content\/uploads\/2025\/04\/jenfermedades_mitocondriales01-1-1536x1024.jpg 1536w, https:\/\/www.upo.es\/diario\/wp-content\/uploads\/2025\/04\/jenfermedades_mitocondriales01-1-2048x1365.jpg 2048w, https:\/\/www.upo.es\/diario\/wp-content\/uploads\/2025\/04\/jenfermedades_mitocondriales01-1-165x109.jpg 165w, https:\/\/www.upo.es\/diario\/wp-content\/uploads\/2025\/04\/jenfermedades_mitocondriales01-1-1320x880.jpg 1320w\" sizes=\"auto, (max-width: 750px) 100vw, 750px\" \/><\/a><figcaption id=\"caption-attachment-30886382\" class=\"wp-caption-text\">A la izquierda, de pie, Isabel Mart\u00ednez, vicepresidenta de AEPMI, y la investigadora Mar\u00eda Victoria Cascajo. En el centro de la imagen, estudiantes, pacientes y familiares. A la derecha, Carlos Santos Oca\u00f1a.<\/figcaption><\/figure>\n<p>Estudiantes de Biotecnolog\u00eda de la Universidad Pablo de Olavide y familias afectadas por enfermedades mitocondriales han compartido esta ma\u00f1ana una jornada de divulgaci\u00f3n y di\u00e1logo en torno a la investigaci\u00f3n cient\u00edfica y su impacto social. Bajo el t\u00edtulo <strong>\u2018Conecta con las Enfermedades Mitocondriales. La energ\u00eda de los j\u00f3venes investigadores creando futuro\u2019<\/strong>, el encuentro ha contado con participaci\u00f3n presencial y online.<\/p>\n<p>La actividad ha sido organizada por el grupo de investigaci\u00f3n <strong>\u2018Regulaci\u00f3n de la s\u00edntesis de coenzima Q y sus implicaciones en la salud mitocondrial\u2019<\/strong>, dirigido por el catedr\u00e1tico de Biolog\u00eda Celular de la UPO <strong>Carlos Santos Oca\u00f1a<\/strong>, en colaboraci\u00f3n con la <strong>Asociaci\u00f3n de Enfermos de Patolog\u00edas Mitocondriales<\/strong> (<strong>AEPMI<\/strong>).<\/p>\n<p><a href=\"https:\/\/www.upo.es\/diario\/wp-content\/uploads\/2025\/04\/jenfermedades_mitocondriales02-1-scaled.jpg\"><img loading=\"lazy\" decoding=\"async\" class=\"alignright size-medium wp-image-30886383\" src=\"https:\/\/www.upo.es\/diario\/wp-content\/uploads\/2025\/04\/jenfermedades_mitocondriales02-1-420x280.jpg\" alt=\"\" width=\"420\" height=\"280\" srcset=\"https:\/\/www.upo.es\/diario\/wp-content\/uploads\/2025\/04\/jenfermedades_mitocondriales02-1-420x280.jpg 420w, https:\/\/www.upo.es\/diario\/wp-content\/uploads\/2025\/04\/jenfermedades_mitocondriales02-1-750x500.jpg 750w, https:\/\/www.upo.es\/diario\/wp-content\/uploads\/2025\/04\/jenfermedades_mitocondriales02-1-768x512.jpg 768w, https:\/\/www.upo.es\/diario\/wp-content\/uploads\/2025\/04\/jenfermedades_mitocondriales02-1-1536x1024.jpg 1536w, https:\/\/www.upo.es\/diario\/wp-content\/uploads\/2025\/04\/jenfermedades_mitocondriales02-1-2048x1365.jpg 2048w, https:\/\/www.upo.es\/diario\/wp-content\/uploads\/2025\/04\/jenfermedades_mitocondriales02-1-165x109.jpg 165w, https:\/\/www.upo.es\/diario\/wp-content\/uploads\/2025\/04\/jenfermedades_mitocondriales02-1-1320x880.jpg 1320w\" sizes=\"auto, (max-width: 420px) 100vw, 420px\" \/><\/a>Durante la jornada, <strong>seis estudiantes han expuesto sus trabajos de fin de grado<\/strong> vinculados a enfermedades mitocondriales, un conjunto de enfermedades raras de origen gen\u00e9tico que afectan a la producci\u00f3n de energ\u00eda en las c\u00e9lulas y que suelen manifestarse en la infancia con graves consecuencias para la salud. La iniciativa ha tenido un doble objetivo: acercar la ciencia a las familias y motivar a los futuros cient\u00edficos mostrando c\u00f3mo su trabajo puede tener un impacto real en la vida de personas afectadas por estas patolog\u00edas.<\/p>\n<p>\u201cQueremos que nuestros estudiantes comprendan que investigar en enfermedades raras no es solo un reto cient\u00edfico, sino una labor humana con una enorme dimensi\u00f3n social. Esta jornada les ha permitido escuchar de primera mano el testimonio de los pacientes y conectar con el prop\u00f3sito de su investigaci\u00f3n\u201d, ha se\u00f1alado Carlos Santos Oca\u00f1a, coordinador del grupo organizador.<\/p>\n<h3><strong>La importancia de la investigaci\u00f3n en enfermedades raras<\/strong><\/h3>\n<p>Las enfermedades mitocondriales, aunque poco frecuentes, representan un desaf\u00edo importante para quienes las padecen y sus familias, debido a la falta de tratamientos y la complejidad de su diagn\u00f3stico. Por ello, iniciativas como esta son clave para visibilizar la necesidad de apoyar la investigaci\u00f3n en enfermedades raras, un campo que a menudo cuenta con pocos recursos pero que es crucial para mejorar la calidad de vida de miles de personas.<\/p>\n<p><a href=\"https:\/\/www.upo.es\/diario\/wp-content\/uploads\/2025\/04\/jenfermedades_mitocondriales03-1-scaled.jpg\"><img loading=\"lazy\" decoding=\"async\" class=\"alignleft size-medium wp-image-30886385\" src=\"https:\/\/www.upo.es\/diario\/wp-content\/uploads\/2025\/04\/jenfermedades_mitocondriales03-1-420x280.jpg\" alt=\"\" width=\"420\" height=\"280\" srcset=\"https:\/\/www.upo.es\/diario\/wp-content\/uploads\/2025\/04\/jenfermedades_mitocondriales03-1-420x280.jpg 420w, https:\/\/www.upo.es\/diario\/wp-content\/uploads\/2025\/04\/jenfermedades_mitocondriales03-1-750x500.jpg 750w, https:\/\/www.upo.es\/diario\/wp-content\/uploads\/2025\/04\/jenfermedades_mitocondriales03-1-768x512.jpg 768w, https:\/\/www.upo.es\/diario\/wp-content\/uploads\/2025\/04\/jenfermedades_mitocondriales03-1-1536x1024.jpg 1536w, https:\/\/www.upo.es\/diario\/wp-content\/uploads\/2025\/04\/jenfermedades_mitocondriales03-1-2048x1365.jpg 2048w, https:\/\/www.upo.es\/diario\/wp-content\/uploads\/2025\/04\/jenfermedades_mitocondriales03-1-165x109.jpg 165w, https:\/\/www.upo.es\/diario\/wp-content\/uploads\/2025\/04\/jenfermedades_mitocondriales03-1-1320x880.jpg 1320w\" sizes=\"auto, (max-width: 420px) 100vw, 420px\" \/><\/a>El grupo de investigaci\u00f3n del <strong>Centro Andaluz de Biolog\u00eda del Desarrollo<\/strong> (CABD), centro mixto del Consejo Superior de Investigaciones Cient\u00edficas, Universidad Pablo de Olavide y Junta de Andaluc\u00eda, trabaja en proyectos centrados en la salud mitocondrial, con especial \u00e9nfasis en la coenzima Q, una mol\u00e9cula esencial para el correcto funcionamiento energ\u00e9tico de las c\u00e9lulas. Adem\u00e1s de su labor cient\u00edfica, el grupo colabora activamente con AEPMI, promoviendo actividades de divulgaci\u00f3n y apoyo a los pacientes y sus familias.<\/p>\n<h3><strong>Un modelo de formaci\u00f3n comprometido<\/strong><\/h3>\n<p>Los trabajos fin de grado (TFG) que han presentado los estudiantes forman parte de su formaci\u00f3n acad\u00e9mica, pero en esta ocasi\u00f3n han adquirido un valor a\u00f1adido al convertirse en veh\u00edculos de conexi\u00f3n directa con la sociedad. Este tipo de experiencias no solo enriquecen el aprendizaje de los alumnos, sino que tambi\u00e9n refuerzan el <strong>papel de la universidad como motor de transformaci\u00f3n social<\/strong>.<\/p>\n<p>La jornada ha contado con participaci\u00f3n activa, tanto en su modalidad presencial como a trav\u00e9s de la retransmisi\u00f3n online, de estudiantes, miembros del grupo de investigaci\u00f3n, familiares y pacientes afectados.<\/p>\n","protected":false},"excerpt":{"rendered":"<p>Estudiantes de Biotecnolog\u00eda de la Universidad Pablo de Olavide y familias afectadas por enfermedades mitocondriales han compartido esta ma\u00f1ana una jornada de divulgaci\u00f3n y di\u00e1logo en torno a la investigaci\u00f3n cient\u00edfica y su impacto social. Bajo el t\u00edtulo \u2018Conecta con las Enfermedades Mitocondriales. La energ\u00eda de los j\u00f3venes investigadores creando futuro\u2019, el encuentro ha contado con participaci\u00f3n presencial y online.<\/p>\n","protected":false},"author":2,"featured_media":30886382,"comment_status":"closed","ping_status":"open","sticky":false,"template":"","format":"standard","meta":{"_monsterinsights_skip_tracking":false,"_monsterinsights_sitenote_active":false,"_monsterinsights_sitenote_note":"","_monsterinsights_sitenote_category":0,"footnotes":""},"categories":[2779],"tags":[6596,43,6437,2635,5262,117,3650],"class_list":["post-30886379","post","type-post","status-publish","format-standard","has-post-thumbnail","hentry","category-docencia-formacion","tag-aepmi","tag-cabd","tag-carlos-santos-ocana","tag-coenzima-q10","tag-enfermedades-mitocondriales","tag-enfermedades-raras","tag-tfg"],"_links":{"self":[{"href":"https:\/\/www.upo.es\/diario\/wp-json\/wp\/v2\/posts\/30886379","targetHints":{"allow":["GET"]}}],"collection":[{"href":"https:\/\/www.upo.es\/diario\/wp-json\/wp\/v2\/posts"}],"about":[{"href":"https:\/\/www.upo.es\/diario\/wp-json\/wp\/v2\/types\/post"}],"author":[{"embeddable":true,"href":"https:\/\/www.upo.es\/diario\/wp-json\/wp\/v2\/users\/2"}],"replies":[{"embeddable":true,"href":"https:\/\/www.upo.es\/diario\/wp-json\/wp\/v2\/comments?post=30886379"}],"version-history":[{"count":3,"href":"https:\/\/www.upo.es\/diario\/wp-json\/wp\/v2\/posts\/30886379\/revisions"}],"predecessor-version":[{"id":30886387,"href":"https:\/\/www.upo.es\/diario\/wp-json\/wp\/v2\/posts\/30886379\/revisions\/30886387"}],"wp:featuredmedia":[{"embeddable":true,"href":"https:\/\/www.upo.es\/diario\/wp-json\/wp\/v2\/media\/30886382"}],"wp:attachment":[{"href":"https:\/\/www.upo.es\/diario\/wp-json\/wp\/v2\/media?parent=30886379"}],"wp:term":[{"taxonomy":"category","embeddable":true,"href":"https:\/\/www.upo.es\/diario\/wp-json\/wp\/v2\/categories?post=30886379"},{"taxonomy":"post_tag","embeddable":true,"href":"https:\/\/www.upo.es\/diario\/wp-json\/wp\/v2\/tags?post=30886379"}],"curies":[{"name":"wp","href":"https:\/\/api.w.org\/{rel}","templated":true}]}}