{"id":30886419,"date":"2025-04-28T10:46:01","date_gmt":"2025-04-28T08:46:01","guid":{"rendered":"https:\/\/www.upo.es\/diario\/?p=30886419"},"modified":"2025-04-29T23:49:55","modified_gmt":"2025-04-29T21:49:55","slug":"el-alumnado-del-grado-en-ciencias-ambientales-y-del-doble-grado-con-geografia-e-historia-celebra-su-ceremonia-de-graduacion-2","status":"publish","type":"post","link":"https:\/\/www.upo.es\/diario\/comunidad\/2025\/04\/el-alumnado-del-grado-en-ciencias-ambientales-y-del-doble-grado-con-geografia-e-historia-celebra-su-ceremonia-de-graduacion-2\/","title":{"rendered":"El alumnado del Grado en Ciencias Ambientales y del Doble Grado con Geograf\u00eda e Historia celebra su ceremonia de graduaci\u00f3n"},"content":{"rendered":"<p><a href=\"https:\/\/www.upo.es\/diario\/wp-content\/uploads\/2025\/04\/CAM_DGCAM_GeH-3-scaled.jpeg\"><img loading=\"lazy\" decoding=\"async\" class=\"aligncenter size-large wp-image-30886420\" src=\"https:\/\/www.upo.es\/diario\/wp-content\/uploads\/2025\/04\/CAM_DGCAM_GeH-3-750x422.jpeg\" alt=\"\" width=\"750\" height=\"422\" srcset=\"https:\/\/www.upo.es\/diario\/wp-content\/uploads\/2025\/04\/CAM_DGCAM_GeH-3-750x422.jpeg 750w, https:\/\/www.upo.es\/diario\/wp-content\/uploads\/2025\/04\/CAM_DGCAM_GeH-3-420x237.jpeg 420w, https:\/\/www.upo.es\/diario\/wp-content\/uploads\/2025\/04\/CAM_DGCAM_GeH-3-768x432.jpeg 768w, https:\/\/www.upo.es\/diario\/wp-content\/uploads\/2025\/04\/CAM_DGCAM_GeH-3-1536x865.jpeg 1536w, https:\/\/www.upo.es\/diario\/wp-content\/uploads\/2025\/04\/CAM_DGCAM_GeH-3-2048x1153.jpeg 2048w, https:\/\/www.upo.es\/diario\/wp-content\/uploads\/2025\/04\/CAM_DGCAM_GeH-3-1320x743.jpeg 1320w\" sizes=\"auto, (max-width: 750px) 100vw, 750px\" \/><\/a><\/p>\n<p>La ceremonia de egresados y egresadas de la <strong>promoci\u00f3n 2021\/2025 del Grado en Ciencias Ambientales<\/strong> y de la <strong>promoci\u00f3n 2020\/2025 del Doble Grado en Ciencias Ambientales y Geograf\u00eda e Historia<\/strong> se celebr\u00f3 el pasado viernes en el Paraninfo de la Universidad Pablo de Olavide. El acto fue presidido por el decano de la Facultad de Ciencias Experimentales, Juan Carlos Rodr\u00edguez Aguilera, y la decana de la Facultad de Humanidades, Mar\u00eda Losada Friend.<\/p>\n<p><strong><a href=\"https:\/\/www.upo.es\/diario\/wp-content\/uploads\/2025\/04\/CAM_DGCAM_GeH-14-scaled.jpeg\"><img loading=\"lazy\" decoding=\"async\" class=\"alignright size-medium wp-image-30886421\" src=\"https:\/\/www.upo.es\/diario\/wp-content\/uploads\/2025\/04\/CAM_DGCAM_GeH-14-420x237.jpeg\" alt=\"\" width=\"420\" height=\"237\" srcset=\"https:\/\/www.upo.es\/diario\/wp-content\/uploads\/2025\/04\/CAM_DGCAM_GeH-14-420x237.jpeg 420w, https:\/\/www.upo.es\/diario\/wp-content\/uploads\/2025\/04\/CAM_DGCAM_GeH-14-750x422.jpeg 750w, https:\/\/www.upo.es\/diario\/wp-content\/uploads\/2025\/04\/CAM_DGCAM_GeH-14-768x432.jpeg 768w, https:\/\/www.upo.es\/diario\/wp-content\/uploads\/2025\/04\/CAM_DGCAM_GeH-14-1536x865.jpeg 1536w, https:\/\/www.upo.es\/diario\/wp-content\/uploads\/2025\/04\/CAM_DGCAM_GeH-14-2048x1153.jpeg 2048w, https:\/\/www.upo.es\/diario\/wp-content\/uploads\/2025\/04\/CAM_DGCAM_GeH-14-1320x743.jpeg 1320w\" sizes=\"auto, (max-width: 420px) 100vw, 420px\" \/><\/a>La madrina de las promociones ha sido la ambient\u00f3loga Ana Victoria Zarandieta Ja\u00e9n<\/strong>. A la ceremonia tambi\u00e9n asistieron como profesores honor\u00edficos de la UPO Inmaculada Exp\u00f3sito Ramos del \u00c1rea de Geodin\u00e1mica Interna y Juan Manuel Cort\u00e9s Copete del \u00c1rea de Historia Antigua, y la presidenta del Colegio Profesional de Ambient\u00f3logos\/as de Andaluc\u00eda (COAMBA), Rosario Vargas Pacheco.<\/p>\n<p>En representaci\u00f3n del alumnado egresado, han pronunciado los discursos Pedro Alc\u00e1ntara L\u00f3pez V\u00e1zquez y \u00c1ngel Navarro Gonz\u00e1lez del Doble Grado en Ciencias Ambientales y Geograf\u00eda e Historia; y Elisabeth Garc\u00eda Crespo y Sergio Rodr\u00edguez Cuevas del Grado en Ciencias Ambientales. Un total de 43 egresados y egresadas han asistido, junto a sus familiares, a este acto con el que la Universidad Pablo de Olavide recupera una antigua tradici\u00f3n de las universidades europeas.<\/p>\n<p>&nbsp;<\/p>\n","protected":false},"excerpt":{"rendered":"<p>La ceremonia de egresados y egresadas de la promoci\u00f3n 2021\/2025 del Grado en Ciencias Ambientales y de la promoci\u00f3n 2020\/2025 del Doble Grado en Ciencias Ambientales y Geograf\u00eda e Historia se celebr\u00f3 en el Paraninfo de la Universidad Pablo de Olavide. El acto fue presidido por el decano de la Facultad de Ciencias Experimentales, Juan Carlos Rodr\u00edguez Aguilera, y la decana de la Facultad de Humanidades, Mar\u00eda Losada Friend.<\/p>\n","protected":false},"author":4,"featured_media":30886420,"comment_status":"closed","ping_status":"open","sticky":false,"template":"","format":"standard","meta":{"_monsterinsights_skip_tracking":false,"_monsterinsights_sitenote_active":false,"_monsterinsights_sitenote_note":"","_monsterinsights_sitenote_category":0,"footnotes":""},"categories":[5842],"tags":[8456,669,122,96,4176,1654,5042],"class_list":["post-30886419","post","type-post","status-publish","format-standard","has-post-thumbnail","hentry","category-comunidad","tag-doble-grado-en-ciencias-ambientales-y-geografia-e-historia","tag-egresados","tag-facultad-ciencias-experimentales","tag-facultad-de-humanidades","tag-fin-de-grado","tag-grado-en-ciencias-ambientales","tag-graduacion"],"_links":{"self":[{"href":"https:\/\/www.upo.es\/diario\/wp-json\/wp\/v2\/posts\/30886419","targetHints":{"allow":["GET"]}}],"collection":[{"href":"https:\/\/www.upo.es\/diario\/wp-json\/wp\/v2\/posts"}],"about":[{"href":"https:\/\/www.upo.es\/diario\/wp-json\/wp\/v2\/types\/post"}],"author":[{"embeddable":true,"href":"https:\/\/www.upo.es\/diario\/wp-json\/wp\/v2\/users\/4"}],"replies":[{"embeddable":true,"href":"https:\/\/www.upo.es\/diario\/wp-json\/wp\/v2\/comments?post=30886419"}],"version-history":[{"count":1,"href":"https:\/\/www.upo.es\/diario\/wp-json\/wp\/v2\/posts\/30886419\/revisions"}],"predecessor-version":[{"id":30886422,"href":"https:\/\/www.upo.es\/diario\/wp-json\/wp\/v2\/posts\/30886419\/revisions\/30886422"}],"wp:featuredmedia":[{"embeddable":true,"href":"https:\/\/www.upo.es\/diario\/wp-json\/wp\/v2\/media\/30886420"}],"wp:attachment":[{"href":"https:\/\/www.upo.es\/diario\/wp-json\/wp\/v2\/media?parent=30886419"}],"wp:term":[{"taxonomy":"category","embeddable":true,"href":"https:\/\/www.upo.es\/diario\/wp-json\/wp\/v2\/categories?post=30886419"},{"taxonomy":"post_tag","embeddable":true,"href":"https:\/\/www.upo.es\/diario\/wp-json\/wp\/v2\/tags?post=30886419"}],"curies":[{"name":"wp","href":"https:\/\/api.w.org\/{rel}","templated":true}]}}