{"id":30886473,"date":"2025-04-30T01:39:05","date_gmt":"2025-04-29T23:39:05","guid":{"rendered":"https:\/\/www.upo.es\/diario\/?p=30886473"},"modified":"2025-05-02T11:46:17","modified_gmt":"2025-05-02T09:46:17","slug":"expertos-en-seguridad-y-psicologia-deportiva-de-la-upo-participan-en-el-protocolo-para-proteger-a-los-menores-de-la-violencia-en-el-deporte","status":"publish","type":"post","link":"https:\/\/www.upo.es\/diario\/docencia-formacion\/2025\/04\/expertos-en-seguridad-y-psicologia-deportiva-de-la-upo-participan-en-el-protocolo-para-proteger-a-los-menores-de-la-violencia-en-el-deporte\/","title":{"rendered":"Expertos en seguridad y psicolog\u00eda deportiva de la UPO participan en el protocolo para proteger a los menores de la violencia en el deporte"},"content":{"rendered":"<p><iframe loading=\"lazy\" title=\"YouTube video player\" src=\"https:\/\/www.youtube.com\/embed\/g0SbxQAJeow?si=EhrJQIcmWTNPsPx0\" width=\"560\" height=\"315\" frameborder=\"0\" allowfullscreen=\"allowfullscreen\"><\/iframe><\/p>\n<p><strong>Marta Garc\u00eda Tasc\u00f3n<\/strong>, profesora de la Universidad Pablo de Olavide experta en seguridad deportiva, y coordinadora de RIASPORT (Red estatal de investigaci\u00f3n aplicada a la seguridad deportiva); y <strong>Jos\u00e9 Carlos Jaenes<\/strong>, profesor especializado en psicolog\u00eda deportiva de la UPO, han participado en la redacci\u00f3n del <a href=\"https:\/\/www.juntadeandalucia.es\/boja\/2024\/229\/BOJA24-229-00067-54510-01_00311457.pdf\">Protocolo Marco de Actuaci\u00f3n para la Protecci\u00f3n de las Personas Menores frente a la Violencia en el Deporte<\/a>. Con el objetivo de lograr un entorno seguro y libre de violencias en la pr\u00e1ctica deportiva durante la infancia y la adolescencia,<strong> instituciones, entidades y clubes relacionados con el deporte en Andaluc\u00eda tienen hasta el 1 de julio de 2025 para cumplir con lo establecido en la Orden de 18 de noviembre de 2024 de la Consejer\u00eda de Cultura y Deporte<\/strong>.<\/p>\n<p>Entre las novedades que establece el Protocolo destaca la figura de la <strong>delegada o delegado de protecci\u00f3n<\/strong>, encargada de proteger a las personas menores que participan en las actividades deportivas y de ocio en cualquier instituci\u00f3n o entidad deportiva de todo tipo de violencia, con la funci\u00f3n espec\u00edfica de adoptar y recomendar las medidas de actuaci\u00f3n necesarias, adem\u00e1s de instruir y tramitar los expedientes informativos que correspondan ante situaciones de violencia.<\/p>\n<figure id=\"attachment_30886474\" aria-describedby=\"caption-attachment-30886474\" style=\"width: 420px\" class=\"wp-caption alignright\"><img loading=\"lazy\" decoding=\"async\" class=\"size-medium wp-image-30886474\" src=\"https:\/\/www.upo.es\/diario\/wp-content\/uploads\/2025\/05\/Protocolo-violencia-Deporte-Consejera-PdelPozo-420x247.jpg\" alt=\"Patricia del Pozo, junto al coach y deportista Pedro Aguado, tras la presentaci\u00f3n del protocolo de antiviolencia.\" width=\"420\" height=\"247\" srcset=\"https:\/\/www.upo.es\/diario\/wp-content\/uploads\/2025\/05\/Protocolo-violencia-Deporte-Consejera-PdelPozo-420x247.jpg 420w, https:\/\/www.upo.es\/diario\/wp-content\/uploads\/2025\/05\/Protocolo-violencia-Deporte-Consejera-PdelPozo-750x442.jpg 750w, https:\/\/www.upo.es\/diario\/wp-content\/uploads\/2025\/05\/Protocolo-violencia-Deporte-Consejera-PdelPozo-768x453.jpg 768w, https:\/\/www.upo.es\/diario\/wp-content\/uploads\/2025\/05\/Protocolo-violencia-Deporte-Consejera-PdelPozo.jpg 930w\" sizes=\"auto, (max-width: 420px) 100vw, 420px\" \/><figcaption id=\"caption-attachment-30886474\" class=\"wp-caption-text\">Patricia del Pozo, junto al coach y deportista Pedro Aguado, tras la presentaci\u00f3n del Protocolo | Junta de Andaluc\u00eda<\/figcaption><\/figure>\n<p>La Consejer\u00eda de Cultura y Deporte de la Junta de Andaluc\u00eda \u2014que <a href=\"https:\/\/www.juntadeandalucia.es\/presidencia\/portavoz\/cultura\/202178\/deporte\/DeporteAndaluz\/proteccion\/menores\/violencia\/protocolo\/ConsejeriadeCulturayDeporte\/PatriciadelPozo\">present\u00f3 el Protocolo el pasado mes de marzo<\/a> en un acto presidido por Patricia del Pozo\u2014 pretende dotar de informaci\u00f3n y herramientas para que entidades y profesionales puedan cumplir con su obligaci\u00f3n \u00e9tica y legal de trabajo y por ello ha publicado <a href=\"https:\/\/campusproteccionmenor.smartmobile.fit\/landings\/groups\/2\/Sensibilizaci%C3%B3n%20y%20protecci%C3%B3n%20del%20menor%20frente%20a%20la%20violencia%20en%20el%20deporte\/complete\/es\">formaci\u00f3n <em>online<\/em><\/a> y <a href=\"https:\/\/youtu.be\/g0SbxQAJeow?si=wQTW0r1D54OPUBZp\">campa\u00f1as de difusi\u00f3n<\/a>. <a href=\"https:\/\/www.riasport.es\/noticias\/presentacion-y-difusion-del-protocolo-marco-de-actuacion-para-la-proteccion-de-las-personas-menores-frente-a-la-violencia-en-el-deporte-de-andalucia?elem=352347\">RIASPORT<\/a> colabora con el fin de divulgar el alcance y el contenido de la norma, que afectar\u00e1 a todos los agentes del deporte en el que participen menores: entrenadores, equipo t\u00e9cnico, acompa\u00f1antes, clubes, equipos, asociaciones, personal voluntario, equipo arbitral, p\u00fablico, entidades colaboradoras o medios de comunicaci\u00f3n. En total, m\u00e1s de 13.000 clubes de la regi\u00f3n, 600.000 deportistas y agentes de las 59 federaciones auton\u00f3micas.<\/p>\n<p>El Protocolo Marco de la Junta de Andaluc\u00eda tiene como <strong>principio b\u00e1sico la protecci\u00f3n de las personas menores frente a la violencia en la pr\u00e1ctica de deportiva<\/strong>, primando el inter\u00e9s de los menores y su derecho a ser o\u00eddos y escuchados. Asimismo, establece el respeto a la orientaci\u00f3n sexual e identidad de g\u00e9nero, la planificaci\u00f3n y desarrollo de actividades con el buen trato y convivencia pac\u00edfica como fines; y la creaci\u00f3n de entornos seguros. Para ello define la <strong>prevenci\u00f3n como mejor forma de evitar la violencia<\/strong> y establece como medios prioritarios la concienciaci\u00f3n, la informaci\u00f3n, educaci\u00f3n y socializaci\u00f3n, para la creaci\u00f3n de una cultura de prevenci\u00f3n de situaciones de violencia.<\/p>\n<p>La profesora Garc\u00eda Tasc\u00f3n ha destacado que la puesta en marcha del Protocolo \u00abha sido un verdadero trabajo colaborativo y una apuesta decisiva de la Administraci\u00f3n para poner todos los medios disponibles para proteger a los m\u00e1s peque\u00f1os y tener una visi\u00f3n preventiva en vez de reactiva. Se trata de prevenir y ense\u00f1ar a todos los agentes deportivos de Andaluc\u00eda c\u00f3mo crear y promover entornos seguros. Buscamos agentes concienciados y protegidos y para ello, necesitan estar formados. Esta es una arista m\u00e1s en la seguridad deportiva que promovemos desde Riasport\u00bb.<\/p>\n<p>Junto a Marta Garc\u00eda Tasc\u00f3n y Jos\u00e9 Carlos Jaenes, han participado en la redacci\u00f3n del Protocolo Jos\u00e9 Manuel Lobo Serrado, abogado y asesor jur\u00eddico de Riasport; e I\u00f1aki Alonso, abogado y responsable de <em>Kunina, Sports and Education<\/em>.<\/p>\n","protected":false},"excerpt":{"rendered":"<p>Marta Garc\u00eda Tasc\u00f3n, profesora de la Universidad Pablo de Olavide experta en seguridad deportiva, y coordinadora de RIASPORT (Red estatal de investigaci\u00f3n aplicada a la seguridad deportiva); y Jos\u00e9 Carlos Jaenes, profesor especializado en psicolog\u00eda deportiva de la UPO, han participado en la redacci\u00f3n del Protocolo Marco de Actuaci\u00f3n para la Protecci\u00f3n de las Personas Menores frente a la Violencia en el Deporte. Con el objetivo de lograr un entorno seguro y libre de violencias en la pr\u00e1ctica deportiva durante la infancia y la adolescencia, instituciones, entidades y clubes relacionados con el deporte en Andaluc\u00eda tienen hasta el 1 de julio de 2025 para cumplir con lo establecido en la Orden de 18 de noviembre de 2024 de la Consejer\u00eda de Cultura y Deporte.<\/p>\n","protected":false},"author":6,"featured_media":30886474,"comment_status":"closed","ping_status":"open","sticky":false,"template":"","format":"standard","meta":{"_monsterinsights_skip_tracking":false,"_monsterinsights_sitenote_active":false,"_monsterinsights_sitenote_note":"","_monsterinsights_sitenote_category":0,"footnotes":""},"categories":[2779],"tags":[9116,541,5366,451,8995,4382,5153,884,6524],"class_list":["post-30886473","post","type-post","status-publish","format-standard","has-post-thumbnail","hentry","category-docencia-formacion","tag-consejeria-de-cultura-y-deporte","tag-deporte","tag-formacion-deportiva","tag-infancia","tag-jose-carlos-jaenes-sanchez","tag-marta-garcia-tascon","tag-prevencion-de-riesgos","tag-psicologia-del-deporte","tag-riasport"],"_links":{"self":[{"href":"https:\/\/www.upo.es\/diario\/wp-json\/wp\/v2\/posts\/30886473","targetHints":{"allow":["GET"]}}],"collection":[{"href":"https:\/\/www.upo.es\/diario\/wp-json\/wp\/v2\/posts"}],"about":[{"href":"https:\/\/www.upo.es\/diario\/wp-json\/wp\/v2\/types\/post"}],"author":[{"embeddable":true,"href":"https:\/\/www.upo.es\/diario\/wp-json\/wp\/v2\/users\/6"}],"replies":[{"embeddable":true,"href":"https:\/\/www.upo.es\/diario\/wp-json\/wp\/v2\/comments?post=30886473"}],"version-history":[{"count":1,"href":"https:\/\/www.upo.es\/diario\/wp-json\/wp\/v2\/posts\/30886473\/revisions"}],"predecessor-version":[{"id":30886475,"href":"https:\/\/www.upo.es\/diario\/wp-json\/wp\/v2\/posts\/30886473\/revisions\/30886475"}],"wp:featuredmedia":[{"embeddable":true,"href":"https:\/\/www.upo.es\/diario\/wp-json\/wp\/v2\/media\/30886474"}],"wp:attachment":[{"href":"https:\/\/www.upo.es\/diario\/wp-json\/wp\/v2\/media?parent=30886473"}],"wp:term":[{"taxonomy":"category","embeddable":true,"href":"https:\/\/www.upo.es\/diario\/wp-json\/wp\/v2\/categories?post=30886473"},{"taxonomy":"post_tag","embeddable":true,"href":"https:\/\/www.upo.es\/diario\/wp-json\/wp\/v2\/tags?post=30886473"}],"curies":[{"name":"wp","href":"https:\/\/api.w.org\/{rel}","templated":true}]}}