{"id":30886482,"date":"2025-05-02T13:34:28","date_gmt":"2025-05-02T11:34:28","guid":{"rendered":"https:\/\/www.upo.es\/diario\/?p=30886482"},"modified":"2025-05-02T13:35:59","modified_gmt":"2025-05-02T11:35:59","slug":"la-upo-celebra-la-graduacion-de-la-promocion-2021-2025-de-ingenieria-informatica-en-sistemas-de-la-informacion","status":"publish","type":"post","link":"https:\/\/www.upo.es\/diario\/comunidad\/2025\/05\/la-upo-celebra-la-graduacion-de-la-promocion-2021-2025-de-ingenieria-informatica-en-sistemas-de-la-informacion\/","title":{"rendered":"La UPO celebra la graduaci\u00f3n de la promoci\u00f3n 2021\/25 de Ingenier\u00eda Inform\u00e1tica en Sistemas de la Informaci\u00f3n"},"content":{"rendered":"<figure id=\"attachment_30886484\" aria-describedby=\"caption-attachment-30886484\" style=\"width: 697px\" class=\"wp-caption aligncenter\"><a href=\"https:\/\/www.upo.es\/diario\/wp-content\/uploads\/2025\/05\/EPS_30042025-8.jpeg\"><img loading=\"lazy\" decoding=\"async\" class=\"size-large wp-image-30886484\" src=\"https:\/\/www.upo.es\/diario\/wp-content\/uploads\/2025\/05\/EPS_30042025-8-697x525.jpeg\" alt=\"\" width=\"697\" height=\"525\" srcset=\"https:\/\/www.upo.es\/diario\/wp-content\/uploads\/2025\/05\/EPS_30042025-8-697x525.jpeg 697w, https:\/\/www.upo.es\/diario\/wp-content\/uploads\/2025\/05\/EPS_30042025-8-420x316.jpeg 420w, https:\/\/www.upo.es\/diario\/wp-content\/uploads\/2025\/05\/EPS_30042025-8-768x578.jpeg 768w, https:\/\/www.upo.es\/diario\/wp-content\/uploads\/2025\/05\/EPS_30042025-8-1536x1157.jpeg 1536w, https:\/\/www.upo.es\/diario\/wp-content\/uploads\/2025\/05\/EPS_30042025-8-1320x994.jpeg 1320w, https:\/\/www.upo.es\/diario\/wp-content\/uploads\/2025\/05\/EPS_30042025-8.jpeg 2040w\" sizes=\"auto, (max-width: 697px) 100vw, 697px\" \/><\/a><figcaption id=\"caption-attachment-30886484\" class=\"wp-caption-text\">Promoci\u00f3n 2021\/2025 del Grado en Ingenier\u00eda Inform\u00e1tica en Sistemas de la Informaci\u00f3n<\/figcaption><\/figure>\n<p>La ceremonia de fin de grado de la <strong>promoci\u00f3n 2021\/2025 del Grado en Ingenier\u00eda Inform\u00e1tica en Sistemas de la Informaci\u00f3n<\/strong> se celebr\u00f3 el pasado mi\u00e9rcoles en el Paraninfo de la Universidad Pablo de Olavide. El acto fue presidido por el vicerrector de Transformaci\u00f3n Digital, Ra\u00fal Gir\u00e1ldez Rojo, la vicerrectora de Estudiantes, Pilar Moreno Navarro, y el director de la Escuela Polit\u00e9cnica Superior, Luis Merino Caba\u00f1as.<\/p>\n<p><strong>La madrina de la promoci\u00f3n ha sido Mar\u00eda P\u00e9rez Naranjo, directora general de Estrategia Digital de la Agencia Digital de Andaluc\u00eda de la Junta de Andaluc\u00eda<\/strong>. A la ceremonia tambi\u00e9n ha asistido Carlos Barranco Gonz\u00e1lez, subdirector de Ordenaci\u00f3n Acad\u00e9mica e Innovaci\u00f3n Docente de la Escuela Polit\u00e9cnica Superior.<\/p>\n<figure id=\"attachment_30886485\" aria-describedby=\"caption-attachment-30886485\" style=\"width: 293px\" class=\"wp-caption alignright\"><a href=\"https:\/\/www.upo.es\/diario\/wp-content\/uploads\/2025\/05\/EPS_30042025-12.jpeg\"><img loading=\"lazy\" decoding=\"async\" class=\"wp-image-30886485 \" src=\"https:\/\/www.upo.es\/diario\/wp-content\/uploads\/2025\/05\/EPS_30042025-12-e1746185541758-408x420.jpeg\" alt=\"\" width=\"293\" height=\"302\" srcset=\"https:\/\/www.upo.es\/diario\/wp-content\/uploads\/2025\/05\/EPS_30042025-12-e1746185541758-408x420.jpeg 408w, https:\/\/www.upo.es\/diario\/wp-content\/uploads\/2025\/05\/EPS_30042025-12-e1746185541758-510x525.jpeg 510w, https:\/\/www.upo.es\/diario\/wp-content\/uploads\/2025\/05\/EPS_30042025-12-e1746185541758-768x791.jpeg 768w, https:\/\/www.upo.es\/diario\/wp-content\/uploads\/2025\/05\/EPS_30042025-12-e1746185541758.jpeg 1153w\" sizes=\"auto, (max-width: 293px) 100vw, 293px\" \/><\/a><figcaption id=\"caption-attachment-30886485\" class=\"wp-caption-text\">Los estudiantes Daniel Mart\u00edn y Pablo Oca pronunciaron el discurso<\/figcaption><\/figure>\n<p>En representaci\u00f3n del alumnado egresado, pronunciaron los discursos Daniel Mart\u00edn P\u00e9rez y Pablo Oca Galeano. Un total de 45 egresados y egresadas asistieron, junto a sus familiares, a este acto con el que la Universidad Pablo de Olavide retoma una tradici\u00f3n propia de las universidades europeas, donde los actos de graduaci\u00f3n simbolizan el cierre de una etapa acad\u00e9mica y el inicio de una nueva trayectoria profesional, reforzando as\u00ed el v\u00ednculo entre el alumnado y la instituci\u00f3n.<\/p>\n<p>&nbsp;<\/p>\n<p>&nbsp;<\/p>\n<p>&nbsp;<\/p>\n","protected":false},"excerpt":{"rendered":"<p>La ceremonia de fin de grado de la promoci\u00f3n 2021\/2025 del Grado en Ingenier\u00eda Inform\u00e1tica en Sistemas de la Informaci\u00f3n se celebr\u00f3 en el Paraninfo de la Universidad Pablo de Olavide. El acto fue presidido por el vicerrector de Transformaci\u00f3n Digital, Ra\u00fal Gir\u00e1ldez Rojo, la vicerrectora de Estudiantes, Pilar Moreno Navarro, y el director de la Escuela Polit\u00e9cnica Superior, Luis Merino Caba\u00f1as.<\/p>\n","protected":false},"author":4,"featured_media":30886486,"comment_status":"closed","ping_status":"open","sticky":false,"template":"","format":"standard","meta":{"_monsterinsights_skip_tracking":false,"_monsterinsights_sitenote_active":false,"_monsterinsights_sitenote_note":"","_monsterinsights_sitenote_category":0,"footnotes":""},"categories":[5842],"tags":[669,152,4176,2479,5042],"class_list":["post-30886482","post","type-post","status-publish","format-standard","has-post-thumbnail","hentry","category-comunidad","tag-egresados","tag-escuela-politecnica-superior","tag-fin-de-grado","tag-grado-en-ingenieria-informatica-en-sistemas-de-informacion","tag-graduacion"],"_links":{"self":[{"href":"https:\/\/www.upo.es\/diario\/wp-json\/wp\/v2\/posts\/30886482","targetHints":{"allow":["GET"]}}],"collection":[{"href":"https:\/\/www.upo.es\/diario\/wp-json\/wp\/v2\/posts"}],"about":[{"href":"https:\/\/www.upo.es\/diario\/wp-json\/wp\/v2\/types\/post"}],"author":[{"embeddable":true,"href":"https:\/\/www.upo.es\/diario\/wp-json\/wp\/v2\/users\/4"}],"replies":[{"embeddable":true,"href":"https:\/\/www.upo.es\/diario\/wp-json\/wp\/v2\/comments?post=30886482"}],"version-history":[{"count":3,"href":"https:\/\/www.upo.es\/diario\/wp-json\/wp\/v2\/posts\/30886482\/revisions"}],"predecessor-version":[{"id":30886489,"href":"https:\/\/www.upo.es\/diario\/wp-json\/wp\/v2\/posts\/30886482\/revisions\/30886489"}],"wp:featuredmedia":[{"embeddable":true,"href":"https:\/\/www.upo.es\/diario\/wp-json\/wp\/v2\/media\/30886486"}],"wp:attachment":[{"href":"https:\/\/www.upo.es\/diario\/wp-json\/wp\/v2\/media?parent=30886482"}],"wp:term":[{"taxonomy":"category","embeddable":true,"href":"https:\/\/www.upo.es\/diario\/wp-json\/wp\/v2\/categories?post=30886482"},{"taxonomy":"post_tag","embeddable":true,"href":"https:\/\/www.upo.es\/diario\/wp-json\/wp\/v2\/tags?post=30886482"}],"curies":[{"name":"wp","href":"https:\/\/api.w.org\/{rel}","templated":true}]}}