{"id":30886534,"date":"2025-05-14T12:30:52","date_gmt":"2025-05-14T10:30:52","guid":{"rendered":"https:\/\/www.upo.es\/diario\/?p=30886534"},"modified":"2025-05-16T20:43:18","modified_gmt":"2025-05-16T18:43:18","slug":"estudiantes-humanidades-presentan-tfg-mundo-antiguo-congreso-tras-huellas-antiguedad","status":"publish","type":"post","link":"https:\/\/www.upo.es\/diario\/comunidad\/2025\/05\/estudiantes-humanidades-presentan-tfg-mundo-antiguo-congreso-tras-huellas-antiguedad\/","title":{"rendered":"Estudiantes de Humanidades presentan sus TFG sobre el mundo antiguo en el congreso \u2018Tras las Huellas de la Antig\u00fcedad\u2019"},"content":{"rendered":"<figure id=\"attachment_30886535\" aria-describedby=\"caption-attachment-30886535\" style=\"width: 750px\" class=\"wp-caption aligncenter\"><a href=\"https:\/\/www.upo.es\/diario\/wp-content\/uploads\/2025\/05\/Tras_huellas_antiguedad01-1-scaled.jpg\"><img loading=\"lazy\" decoding=\"async\" class=\"size-large wp-image-30886535\" src=\"https:\/\/www.upo.es\/diario\/wp-content\/uploads\/2025\/05\/Tras_huellas_antiguedad01-1-750x500.jpg\" alt=\"\" width=\"750\" height=\"500\" srcset=\"https:\/\/www.upo.es\/diario\/wp-content\/uploads\/2025\/05\/Tras_huellas_antiguedad01-1-750x500.jpg 750w, https:\/\/www.upo.es\/diario\/wp-content\/uploads\/2025\/05\/Tras_huellas_antiguedad01-1-420x280.jpg 420w, https:\/\/www.upo.es\/diario\/wp-content\/uploads\/2025\/05\/Tras_huellas_antiguedad01-1-768x512.jpg 768w, https:\/\/www.upo.es\/diario\/wp-content\/uploads\/2025\/05\/Tras_huellas_antiguedad01-1-1536x1024.jpg 1536w, https:\/\/www.upo.es\/diario\/wp-content\/uploads\/2025\/05\/Tras_huellas_antiguedad01-1-2048x1365.jpg 2048w, https:\/\/www.upo.es\/diario\/wp-content\/uploads\/2025\/05\/Tras_huellas_antiguedad01-1-165x109.jpg 165w, https:\/\/www.upo.es\/diario\/wp-content\/uploads\/2025\/05\/Tras_huellas_antiguedad01-1-1320x880.jpg 1320w\" sizes=\"auto, (max-width: 750px) 100vw, 750px\" \/><\/a><figcaption id=\"caption-attachment-30886535\" class=\"wp-caption-text\">Presentaci\u00f3n del TFG \u2018El silencio y la palabra como elementos de poder en Lavinia de \u00darsula K. Le Guin: de la pasividad a la acci\u00f3n en la figura literaria femenina\u2019, de Paula P\u00e9rez de Vargas.<\/figcaption><\/figure>\n<p>La <strong>Revista It\u00e1lica<\/strong> organiza un a\u00f1o m\u00e1s el congreso <strong>\u2018Tras las Huellas de la Antig\u00fcedad\u2019<\/strong>, un evento que celebra este a\u00f1o su d\u00e9cima edici\u00f3n y que, con el apoyo de la <strong>Facultad de Humanidades<\/strong>, se convierte en foro de encuentro de estudiantes de \u00faltimo curso de Grado, quienes comparten sus Trabajos de Fin de Grado (TFG) centrados en tem\u00e1ticas del \u00e1mbito de la Antig\u00fcedad.<\/p>\n<p>El congreso supone as\u00ed una oportunidad \u00fanica para que alumnos y alumnas presenten, frente a sus compa\u00f1eros y a otros miembros de la comunidad universitaria, el trabajo que han realizado a lo largo del curso sobre Historia Antigua, Arqueolog\u00eda, Historia del Arte, Filolog\u00eda Cl\u00e1sica o Traducci\u00f3n, entre otras disciplinas relacionadas con la Antig\u00fcedad.<\/p>\n<figure id=\"attachment_30886536\" aria-describedby=\"caption-attachment-30886536\" style=\"width: 420px\" class=\"wp-caption alignright\"><a href=\"https:\/\/www.upo.es\/diario\/wp-content\/uploads\/2025\/05\/Tras_huellas_antiguedad02-1-scaled.jpg\"><img loading=\"lazy\" decoding=\"async\" class=\"size-medium wp-image-30886536\" src=\"https:\/\/www.upo.es\/diario\/wp-content\/uploads\/2025\/05\/Tras_huellas_antiguedad02-1-420x280.jpg\" alt=\"\" width=\"420\" height=\"280\" srcset=\"https:\/\/www.upo.es\/diario\/wp-content\/uploads\/2025\/05\/Tras_huellas_antiguedad02-1-420x280.jpg 420w, https:\/\/www.upo.es\/diario\/wp-content\/uploads\/2025\/05\/Tras_huellas_antiguedad02-1-750x500.jpg 750w, https:\/\/www.upo.es\/diario\/wp-content\/uploads\/2025\/05\/Tras_huellas_antiguedad02-1-768x512.jpg 768w, https:\/\/www.upo.es\/diario\/wp-content\/uploads\/2025\/05\/Tras_huellas_antiguedad02-1-1536x1024.jpg 1536w, https:\/\/www.upo.es\/diario\/wp-content\/uploads\/2025\/05\/Tras_huellas_antiguedad02-1-2048x1365.jpg 2048w, https:\/\/www.upo.es\/diario\/wp-content\/uploads\/2025\/05\/Tras_huellas_antiguedad02-1-165x109.jpg 165w, https:\/\/www.upo.es\/diario\/wp-content\/uploads\/2025\/05\/Tras_huellas_antiguedad02-1-1320x880.jpg 1320w\" sizes=\"auto, (max-width: 420px) 100vw, 420px\" \/><\/a><figcaption id=\"caption-attachment-30886536\" class=\"wp-caption-text\">Presentaci\u00f3n del TFG \u2018Ecos hom\u00e9ricos de la Il\u00edada en City on Fire (2022) de Don Wislow y su traducci\u00f3n al espa\u00f1ol\u2019, de Miguel Fern\u00e1ndez Iruzubieta.<\/figcaption><\/figure>\n<p>El programa recoge los TFG: \u2018El silencio y la palabra como elementos de poder en Lavinia de \u00darsula K. Le Guin: de la pasividad a la acci\u00f3n en la figura literaria femenina\u2019, de <strong>Paula P\u00e9rez de Vargas<\/strong>; \u2018Ecos hom\u00e9ricos de la Il\u00edada en City on Fire (2022) de Don Wislow y su traducci\u00f3n al espa\u00f1ol\u2019, de <strong>Miguel Fern\u00e1ndez Iruzubieta<\/strong>; \u2018Safo de Lesbos en la poes\u00eda escrita por mujeres hispanohablantes en la actualidad\u2019, de <strong>Mar\u00eda Hern\u00e1ndez Mac\u00edas<\/strong>; \u2018Panem et circenses en la provincia B\u00e9tica. Una perspectiva desde los espect\u00e1culos y el evergetismo\u2019, de <strong>Mar\u00eda Roc\u00edo Brazo P\u00e9rez<\/strong>; \u2018La de Dios es Cristo: an\u00e1lisis bidimensional del Concilio ecum\u00e9nico de Nicea como herramienta de unificaci\u00f3n social\u2019, de <strong>Antonio Cayuela Morales<\/strong>; \u2018Primeros pasos como investigadores: Publicaci\u00f3n del TFG con It\u00e1lica\u2019, de <strong>Antonio Jos\u00e9 G\u00f3mez Verdugo<\/strong>.<\/p>\n<p>Tras la presentaci\u00f3n de las principales conclusiones de los trabajos, se ha presentado el n\u00famero 7 de la Revista It\u00e1lica, se ha abierto el plazo del <em>Call for Papers<\/em> del n\u00famero 8 y <strong>Esperanza Macarena R\u00f3denas<\/strong>, directora del equipo editorial de la revista, ha dado unas peque\u00f1as pautas para convertir el TFG en art\u00edculo cient\u00edfico para todos aquellos que deseen participar en el pr\u00f3ximo n\u00famero.<\/p>\n<p>La Facultad de Humanidades, que colabora en las jornadas, trata as\u00ed de impulsar la vocaci\u00f3n investigadora de los j\u00f3venes sobre materias relacionadas con el mundo antiguo a lo largo de los estudios, y especialmente cuando dan sus \u00faltimos pasos antes de graduarse.<\/p>\n<p>La <a href=\"https:\/\/www.upo.es\/revistas\/index.php\/italica\/issue\/view\/544\">Revista It\u00e1lica<\/a> tiene como objetivo la difusi\u00f3n de j\u00f3venes investigadores e investigadoras del mundo antiguo y est\u00e1 gestionada por alumnado egresado de Humanidades.<\/p>\n","protected":false},"excerpt":{"rendered":"<p>La Revista It\u00e1lica organiza un a\u00f1o m\u00e1s el congreso \u2018Tras las Huellas de la Antig\u00fcedad\u2019, un evento que celebra este a\u00f1o su d\u00e9cima edici\u00f3n y que, con el apoyo de la Facultad de Humanidades, se convierte en foro de encuentro de estudiantes de \u00faltimo curso de Grado, quienes comparten sus Trabajos de Fin de Grado (TFG) centrados en tem\u00e1ticas del \u00e1mbito de la Antig\u00fcedad.<\/p>\n","protected":false},"author":2,"featured_media":30886535,"comment_status":"closed","ping_status":"open","sticky":false,"template":"","format":"standard","meta":{"_monsterinsights_skip_tracking":false,"_monsterinsights_sitenote_active":false,"_monsterinsights_sitenote_note":"","_monsterinsights_sitenote_category":0,"footnotes":""},"categories":[5842],"tags":[2694,354,96,2546,3650],"class_list":["post-30886534","post","type-post","status-publish","format-standard","has-post-thumbnail","hentry","category-comunidad","tag-antiguedad","tag-congreso","tag-facultad-de-humanidades","tag-revista-italica","tag-tfg"],"_links":{"self":[{"href":"https:\/\/www.upo.es\/diario\/wp-json\/wp\/v2\/posts\/30886534","targetHints":{"allow":["GET"]}}],"collection":[{"href":"https:\/\/www.upo.es\/diario\/wp-json\/wp\/v2\/posts"}],"about":[{"href":"https:\/\/www.upo.es\/diario\/wp-json\/wp\/v2\/types\/post"}],"author":[{"embeddable":true,"href":"https:\/\/www.upo.es\/diario\/wp-json\/wp\/v2\/users\/2"}],"replies":[{"embeddable":true,"href":"https:\/\/www.upo.es\/diario\/wp-json\/wp\/v2\/comments?post=30886534"}],"version-history":[{"count":2,"href":"https:\/\/www.upo.es\/diario\/wp-json\/wp\/v2\/posts\/30886534\/revisions"}],"predecessor-version":[{"id":30886538,"href":"https:\/\/www.upo.es\/diario\/wp-json\/wp\/v2\/posts\/30886534\/revisions\/30886538"}],"wp:featuredmedia":[{"embeddable":true,"href":"https:\/\/www.upo.es\/diario\/wp-json\/wp\/v2\/media\/30886535"}],"wp:attachment":[{"href":"https:\/\/www.upo.es\/diario\/wp-json\/wp\/v2\/media?parent=30886534"}],"wp:term":[{"taxonomy":"category","embeddable":true,"href":"https:\/\/www.upo.es\/diario\/wp-json\/wp\/v2\/categories?post=30886534"},{"taxonomy":"post_tag","embeddable":true,"href":"https:\/\/www.upo.es\/diario\/wp-json\/wp\/v2\/tags?post=30886534"}],"curies":[{"name":"wp","href":"https:\/\/api.w.org\/{rel}","templated":true}]}}