{"id":30886539,"date":"2025-05-14T13:14:18","date_gmt":"2025-05-14T11:14:18","guid":{"rendered":"https:\/\/www.upo.es\/diario\/?p=30886539"},"modified":"2025-05-14T13:14:18","modified_gmt":"2025-05-14T11:14:18","slug":"la-universidad-pablo-de-olavide-clausura-la-primera-edicion-del-master-de-consultoria-tecnologica","status":"publish","type":"post","link":"https:\/\/www.upo.es\/diario\/institucional\/2025\/05\/la-universidad-pablo-de-olavide-clausura-la-primera-edicion-del-master-de-consultoria-tecnologica\/","title":{"rendered":"La Universidad Pablo de Olavide clausura la primera edici\u00f3n del M\u00e1ster de Consultor\u00eda Tecnol\u00f3gica"},"content":{"rendered":"<p><a href=\"https:\/\/www.upo.es\/diario\/wp-content\/uploads\/2024\/10\/mst-consultoria-microsoft-upo-scaled.jpg\"><img loading=\"lazy\" decoding=\"async\" class=\"aligncenter size-large wp-image-30883667\" src=\"https:\/\/www.upo.es\/diario\/wp-content\/uploads\/2024\/10\/mst-consultoria-microsoft-upo-750x420.jpg\" alt=\"\" width=\"750\" height=\"420\" srcset=\"https:\/\/www.upo.es\/diario\/wp-content\/uploads\/2024\/10\/mst-consultoria-microsoft-upo-750x420.jpg 750w, https:\/\/www.upo.es\/diario\/wp-content\/uploads\/2024\/10\/mst-consultoria-microsoft-upo-420x235.jpg 420w, https:\/\/www.upo.es\/diario\/wp-content\/uploads\/2024\/10\/mst-consultoria-microsoft-upo-768x430.jpg 768w, https:\/\/www.upo.es\/diario\/wp-content\/uploads\/2024\/10\/mst-consultoria-microsoft-upo-1536x861.jpg 1536w, https:\/\/www.upo.es\/diario\/wp-content\/uploads\/2024\/10\/mst-consultoria-microsoft-upo-2048x1148.jpg 2048w, https:\/\/www.upo.es\/diario\/wp-content\/uploads\/2024\/10\/mst-consultoria-microsoft-upo-1320x740.jpg 1320w\" sizes=\"auto, (max-width: 750px) 100vw, 750px\" \/><\/a>La Universidad Pablo celebrar\u00e1 el pr\u00f3ximo <strong>jueves 15 de mayo, a las 19:30 horas en la sala de grados del edificio 7<\/strong>, la ceremonia de clausura de la primera edici\u00f3n del <a href=\"https:\/\/www.upo.es\/formacionpermanente\/master-formacion-permanente\/consultoria-tecnologica-especializacion-en-microsoft-dynamics\/\">M\u00e1ster de Formaci\u00f3n Permanente Consultor\u00eda Tecnol\u00f3gica: Especializaci\u00f3n en Microsoft Dynamics 365 Business Central<\/a>. Este t\u00edtulo, que comenz\u00f3 el pasado mes de noviembre, es el primer m\u00e1ster en Espa\u00f1a en formar a profesionales en el \u00e1mbito de la consultor\u00eda tecnol\u00f3gica.<\/p>\n<p>El acto, que estar\u00e1 presidido por la vicerrectora de Relaciones Institucionales y Fundaciones, <strong>Laura L\u00f3pez de la Cruz<\/strong>, contar\u00e1 como padrino de esta primera promoci\u00f3n con <strong>Juan Bravo Baena<\/strong>, exconsejero de Hacienda y Financiaci\u00f3n Europea de la Junta de Andaluc\u00eda (2020-2022); y en \u00e9l ser\u00e1 reconocido como graduado de honor por su contribuci\u00f3n al programa <strong>Enrique Ruiz<\/strong>, responsable de empleabilidad de Microsoft en 2024. Tambi\u00e9n estar\u00e1n presentes en el acto la comisi\u00f3n acad\u00e9mica del t\u00edtulo, autoridades acad\u00e9micas, profesorado y profesionales del sector.<\/p>\n<p>El alumnado de este programa ha tenido la oportunidad de trabajar a lo largo de los \u00faltimos meses con herramientas de vanguardia como <strong>Microsoft Dynamics 365 Business Central<\/strong> y <strong>Power Bi<\/strong>, logrando la adquisici\u00f3n de habilidades altamente demandadas en el mercado laboral actual y compartiendo experiencias con profesionales de alto nivel, lo que ha permitido una tasa de empleabilidad alta incluso antes de la finalizaci\u00f3n del programa.<\/p>\n<p>Este m\u00e1ster, que comenzar\u00e1 en el curso acad\u00e9mico 2025\/2026 su segunda edici\u00f3n, ha sido dise\u00f1ado para proporcionar una formaci\u00f3n integral en consultor\u00eda tecnol\u00f3gica, abordando \u00e1reas clave como la <strong>gesti\u00f3n financiera, la log\u00edstica, la gesti\u00f3n de proyectos y la inteligencia artificial, a la vez que proporciona a su alumnado la adquisici\u00f3n de certificaciones profesionales de Microsoft<\/strong> que validan sus competencias y aumentan las oportunidades de empleo.<\/p>\n<p>Fuente: Fundaci\u00f3n Universidad Pablo de Olavide<\/p>\n","protected":false},"excerpt":{"rendered":"<p>La Universidad Pablo celebrar\u00e1 el pr\u00f3ximo jueves 15 de mayo, a las 19:30 horas, la ceremonia de clausura de la primera edici\u00f3n del M\u00e1ster de Formaci\u00f3n Permanente Consultor\u00eda Tecnol\u00f3gica: Especializaci\u00f3n en Microsoft Dynamics 365 Business Central. Este t\u00edtulo, que comenz\u00f3 el pasado mes de noviembre, es el primer m\u00e1ster en Espa\u00f1a en formar a profesionales en el \u00e1mbito de la consultor\u00eda tecnol\u00f3gica.<\/p>\n","protected":false},"author":6,"featured_media":30883667,"comment_status":"closed","ping_status":"open","sticky":false,"template":"","format":"standard","meta":{"_monsterinsights_skip_tracking":false,"_monsterinsights_sitenote_active":false,"_monsterinsights_sitenote_note":"","_monsterinsights_sitenote_category":0,"footnotes":""},"categories":[6],"tags":[2817,165,918,2474,6059,118,2449,217],"class_list":["post-30886539","post","type-post","status-publish","format-standard","has-post-thumbnail","hentry","category-institucional","tag-area-de-formacion-permanente","tag-consultoria","tag-finanzas","tag-fundacion-universidad-pablo-de-olavide","tag-logistica","tag-master","tag-microsoft","tag-nuevas-tecnologias"],"_links":{"self":[{"href":"https:\/\/www.upo.es\/diario\/wp-json\/wp\/v2\/posts\/30886539","targetHints":{"allow":["GET"]}}],"collection":[{"href":"https:\/\/www.upo.es\/diario\/wp-json\/wp\/v2\/posts"}],"about":[{"href":"https:\/\/www.upo.es\/diario\/wp-json\/wp\/v2\/types\/post"}],"author":[{"embeddable":true,"href":"https:\/\/www.upo.es\/diario\/wp-json\/wp\/v2\/users\/6"}],"replies":[{"embeddable":true,"href":"https:\/\/www.upo.es\/diario\/wp-json\/wp\/v2\/comments?post=30886539"}],"version-history":[{"count":3,"href":"https:\/\/www.upo.es\/diario\/wp-json\/wp\/v2\/posts\/30886539\/revisions"}],"predecessor-version":[{"id":30886542,"href":"https:\/\/www.upo.es\/diario\/wp-json\/wp\/v2\/posts\/30886539\/revisions\/30886542"}],"wp:featuredmedia":[{"embeddable":true,"href":"https:\/\/www.upo.es\/diario\/wp-json\/wp\/v2\/media\/30883667"}],"wp:attachment":[{"href":"https:\/\/www.upo.es\/diario\/wp-json\/wp\/v2\/media?parent=30886539"}],"wp:term":[{"taxonomy":"category","embeddable":true,"href":"https:\/\/www.upo.es\/diario\/wp-json\/wp\/v2\/categories?post=30886539"},{"taxonomy":"post_tag","embeddable":true,"href":"https:\/\/www.upo.es\/diario\/wp-json\/wp\/v2\/tags?post=30886539"}],"curies":[{"name":"wp","href":"https:\/\/api.w.org\/{rel}","templated":true}]}}