{"id":30886564,"date":"2025-05-15T16:01:11","date_gmt":"2025-05-15T14:01:11","guid":{"rendered":"https:\/\/www.upo.es\/diario\/?p=30886564"},"modified":"2025-05-15T16:01:11","modified_gmt":"2025-05-15T14:01:11","slug":"la-universidad-pablo-de-olavide-y-la-junta-de-andalucia-impulsan-el-primer-master-en-direccion-de-proyectos-culturales","status":"publish","type":"post","link":"https:\/\/www.upo.es\/diario\/institucional\/2025\/05\/la-universidad-pablo-de-olavide-y-la-junta-de-andalucia-impulsan-el-primer-master-en-direccion-de-proyectos-culturales\/","title":{"rendered":"La Universidad Pablo de Olavide y la Junta de Andaluc\u00eda impulsan el primer M\u00e1ster en Direcci\u00f3n de Proyectos Culturales"},"content":{"rendered":"<p><img loading=\"lazy\" decoding=\"async\" class=\"alignright wp-image-30886566 size-medium\" src=\"https:\/\/www.upo.es\/diario\/wp-content\/uploads\/2025\/05\/pexels-pixabay-207783-420x318.jpg\" alt=\"Primer plano de una joven mirando un lienzo\" width=\"420\" height=\"318\" srcset=\"https:\/\/www.upo.es\/diario\/wp-content\/uploads\/2025\/05\/pexels-pixabay-207783-420x318.jpg 420w, https:\/\/www.upo.es\/diario\/wp-content\/uploads\/2025\/05\/pexels-pixabay-207783-694x525.jpg 694w, https:\/\/www.upo.es\/diario\/wp-content\/uploads\/2025\/05\/pexels-pixabay-207783-768x581.jpg 768w, https:\/\/www.upo.es\/diario\/wp-content\/uploads\/2025\/05\/pexels-pixabay-207783-1536x1162.jpg 1536w, https:\/\/www.upo.es\/diario\/wp-content\/uploads\/2025\/05\/pexels-pixabay-207783-2048x1550.jpg 2048w, https:\/\/www.upo.es\/diario\/wp-content\/uploads\/2025\/05\/pexels-pixabay-207783-1320x999.jpg 1320w\" sizes=\"auto, (max-width: 420px) 100vw, 420px\" \/>La Universidad Pablo de Olavide, la Agencia Andaluza de Instituciones Culturales y la Asociaci\u00f3n Andaluza de Profesionales de la Gesti\u00f3n Cultural (GECA) han impulsado la creaci\u00f3n del <strong>M\u00e1ster de Formaci\u00f3n Permanente en \u2018Estrategias de Innovaci\u00f3n para la Direcci\u00f3n de Proyectos Culturales\u2019<\/strong>, un t\u00edtulo propio de la UPO pionero en Andaluc\u00eda. Con la colaboraci\u00f3n del Instituto Andaluz de Patrimonio Hist\u00f3rico, este programa formativo <strong>comenzar\u00e1 el pr\u00f3ximo mes de octubre para dar respuesta a una necesidad del sector profesional, que actualmente no contaba con un programa presencial de este tipo en la comunidad andaluza<\/strong>.<\/p>\n<p>La colaboraci\u00f3n entre la Universidad Pablo de Olavide y la Agencia Andaluza de Instituciones Culturales se remonta al a\u00f1o 2018 con la puesta en marcha del t\u00edtulo de experto en \u2018Gesti\u00f3n de Proyectos Culturales\u2019, un programa que desde entonces ha formado a numerosos profesionales del sector cultural en las seis ediciones puestas en marcha hasta la fecha. La creaci\u00f3n, para el pr\u00f3ximo curso, del primer m\u00e1ster en \u2018Estrategias de Innovaci\u00f3n para la Direcci\u00f3n de Proyectos Culturales\u2019 supone el avance a un t\u00edtulo superior con m\u00e1s contenido y carga lectiva.<\/p>\n<p>El M\u00e1ster<strong> se desarrollar\u00e1 en modalidad presencial del 14 de octubre de este a\u00f1o hasta el 19 de junio de 2026 y las clases tendr\u00e1n lugar en la sede del Instituto Andaluz de Patrimonio Hist\u00f3rico<\/strong>, en el Monasterio de la Cartuja. El programa formativo de este t\u00edtulo gira entorno a ocho asignaturas: Introducci\u00f3n a la gesti\u00f3n cultural, marco te\u00f3rico y legal; Los subsectores de la Cultura; Herramientas para la gesti\u00f3n empresarial y direcci\u00f3n de proyectos culturales; Marketing, comunicaci\u00f3n e innovaci\u00f3n cultural; Producci\u00f3n ejecutiva y log\u00edstica de proyectos culturales; Proyectos culturales; Masterclass y visitas t\u00e9cnicas; y Trabajo Fin de M\u00e1ster.<\/p>\n<p>El claustro de este m\u00e1ster est\u00e1 compuesto por m\u00e1s de 30 docentes, en su totalidad profesionales de reconocido prestigio de distintos \u00e1mbitos de la Cultura, la econom\u00eda y la empresa, la comunicaci\u00f3n cultural, el teatro, la danza, la m\u00fasica, el flamenco, el patrimonio, los museos, eventos y festivales, el libro, el audiovisual, el arte contempor\u00e1neo o el derecho en el \u00e1mbito cultural; as\u00ed como investigadores de la Universidad Pablo de Olavide y especialistas de la Agencia Andaluza de Instituciones Culturales y otras administraciones p\u00fablicas.<\/p>\n<p>Dentro de la metodolog\u00eda del programa, peri\u00f3dicamente se desarrollar\u00e1 una sesi\u00f3n de proyectos en las que se tutorizar\u00e1 al alumnado en el desarrollo de un proyecto cultural real siguiente la metodolog\u00eda del <em>Design Thinking<\/em>, una filosof\u00eda participativa que pone al usuario final en el centro del proceso de dise\u00f1o de los proyectos.<\/p>\n<p>El M\u00e1ster se ofrecer\u00e1 de manera bienal, altern\u00e1ndose con nuevas ediciones del ya consolidado curso de experto en \u2018Gesti\u00f3n de Proyectos Culturales\u2019. Esta alternancia tiene como finalidad atender las necesidades de los profesionales con distintos formatos que se adaptan a la realidad del sector. <strong>El plazo de matriculaci\u00f3n para este m\u00e1ster, gestionado por el \u00c1rea de T\u00edtulos Propios de la Fundaci\u00f3n UPO, est\u00e1 abierto<\/strong> y las personas interesadas pueden consultar toda la informaci\u00f3n sobre el programa formativo en: <a href=\"https:\/\/www.upo.es\/formacionpermanente\/master-formacion-permanente\/estrategias-e-innovacion-para-la-direccion-de-proyectos-culturales\/\">M\u00e1ster de Formaci\u00f3n Permanente \u2018Estrategias de Innovaci\u00f3n para la Direcci\u00f3n de Proyectos Culturales\u2019<\/a>.<\/p>\n<p>Adem\u00e1s, y en l\u00ednea con el contenido del programa, la Agencia Andaluza de Instituciones Culturales y la Universidad Pablo de Olavide vienen ofertando desde hace casi una d\u00e9cada un curso de verano en la sede Olavide en Carmona. En esta edici\u00f3n ser\u00e1 un taller de \u2018<a href=\"https:\/\/www.upo.es\/formacionpermanente\/cursos-de-verano\/innovacion-cultural-design-thinking-con-inteligencia-artificial\/\">Innovaci\u00f3n Cultural: Design Thinking con inteligencia artificial\u2019<\/a> y que se desarrolla del 14 al 16 de julio.<\/p>\n<p>Fuente: Fundaci\u00f3n Universidad Pablo de Olavide<\/p>\n","protected":false},"excerpt":{"rendered":"<p>La Universidad Pablo de Olavide, la Agencia Andaluza de Instituciones Culturales y la Asociaci\u00f3n Andaluza de Profesionales de la Gesti\u00f3n Cultural (GECA) han impulsado la creaci\u00f3n del M\u00e1ster de Formaci\u00f3n Permanente en \u2018Estrategias de Innovaci\u00f3n para la Direcci\u00f3n de Proyectos Culturales\u2019, un t\u00edtulo propio de la UPO pionero en Andaluc\u00eda. Con la colaboraci\u00f3n del Instituto Andaluz de Patrimonio Hist\u00f3rico, este programa formativo comenzar\u00e1 el pr\u00f3ximo mes de octubre para dar respuesta a una necesidad del sector profesional, que actualmente no contaba con un programa presencial de este tipo en la comunidad andaluza.<\/p>\n","protected":false},"author":6,"featured_media":30886566,"comment_status":"closed","ping_status":"open","sticky":false,"template":"","format":"standard","meta":{"_monsterinsights_skip_tracking":false,"_monsterinsights_sitenote_active":false,"_monsterinsights_sitenote_note":"","_monsterinsights_sitenote_category":0,"footnotes":""},"categories":[6],"tags":[2817,328,4360,8095,118],"class_list":["post-30886564","post","type-post","status-publish","format-standard","has-post-thumbnail","hentry","category-institucional","tag-area-de-formacion-permanente","tag-formacion-permanente","tag-gestion-cultural","tag-instituto-andaluz-de-patrimonio-historico","tag-master"],"_links":{"self":[{"href":"https:\/\/www.upo.es\/diario\/wp-json\/wp\/v2\/posts\/30886564","targetHints":{"allow":["GET"]}}],"collection":[{"href":"https:\/\/www.upo.es\/diario\/wp-json\/wp\/v2\/posts"}],"about":[{"href":"https:\/\/www.upo.es\/diario\/wp-json\/wp\/v2\/types\/post"}],"author":[{"embeddable":true,"href":"https:\/\/www.upo.es\/diario\/wp-json\/wp\/v2\/users\/6"}],"replies":[{"embeddable":true,"href":"https:\/\/www.upo.es\/diario\/wp-json\/wp\/v2\/comments?post=30886564"}],"version-history":[{"count":3,"href":"https:\/\/www.upo.es\/diario\/wp-json\/wp\/v2\/posts\/30886564\/revisions"}],"predecessor-version":[{"id":30886568,"href":"https:\/\/www.upo.es\/diario\/wp-json\/wp\/v2\/posts\/30886564\/revisions\/30886568"}],"wp:featuredmedia":[{"embeddable":true,"href":"https:\/\/www.upo.es\/diario\/wp-json\/wp\/v2\/media\/30886566"}],"wp:attachment":[{"href":"https:\/\/www.upo.es\/diario\/wp-json\/wp\/v2\/media?parent=30886564"}],"wp:term":[{"taxonomy":"category","embeddable":true,"href":"https:\/\/www.upo.es\/diario\/wp-json\/wp\/v2\/categories?post=30886564"},{"taxonomy":"post_tag","embeddable":true,"href":"https:\/\/www.upo.es\/diario\/wp-json\/wp\/v2\/tags?post=30886564"}],"curies":[{"name":"wp","href":"https:\/\/api.w.org\/{rel}","templated":true}]}}