{"id":30886570,"date":"2025-05-15T11:58:39","date_gmt":"2025-05-15T09:58:39","guid":{"rendered":"https:\/\/www.upo.es\/diario\/?p=30886570"},"modified":"2025-05-16T12:07:45","modified_gmt":"2025-05-16T10:07:45","slug":"mas-de-80-estudiantes-se-graduan-del-grado-en-criminologia-y-del-doble-grado-con-derecho","status":"publish","type":"post","link":"https:\/\/www.upo.es\/diario\/comunidad\/2025\/05\/mas-de-80-estudiantes-se-graduan-del-grado-en-criminologia-y-del-doble-grado-con-derecho\/","title":{"rendered":"M\u00e1s de 80 estudiantes se grad\u00faan del Grado en Criminolog\u00eda y del Doble Grado con Derecho"},"content":{"rendered":"<figure id=\"attachment_30886572\" aria-describedby=\"caption-attachment-30886572\" style=\"width: 750px\" class=\"wp-caption aligncenter\"><a href=\"https:\/\/www.upo.es\/diario\/wp-content\/uploads\/2025\/05\/Graduacion-CRIM-DERDRIM-2-scaled.jpg\"><img loading=\"lazy\" decoding=\"async\" class=\"size-large wp-image-30886572\" src=\"https:\/\/www.upo.es\/diario\/wp-content\/uploads\/2025\/05\/Graduacion-CRIM-DERDRIM-2-750x422.jpg\" alt=\"\" width=\"750\" height=\"422\" srcset=\"https:\/\/www.upo.es\/diario\/wp-content\/uploads\/2025\/05\/Graduacion-CRIM-DERDRIM-2-750x422.jpg 750w, https:\/\/www.upo.es\/diario\/wp-content\/uploads\/2025\/05\/Graduacion-CRIM-DERDRIM-2-420x237.jpg 420w, https:\/\/www.upo.es\/diario\/wp-content\/uploads\/2025\/05\/Graduacion-CRIM-DERDRIM-2-768x432.jpg 768w, https:\/\/www.upo.es\/diario\/wp-content\/uploads\/2025\/05\/Graduacion-CRIM-DERDRIM-2-1536x865.jpg 1536w, https:\/\/www.upo.es\/diario\/wp-content\/uploads\/2025\/05\/Graduacion-CRIM-DERDRIM-2-2048x1153.jpg 2048w, https:\/\/www.upo.es\/diario\/wp-content\/uploads\/2025\/05\/Graduacion-CRIM-DERDRIM-2-1320x743.jpg 1320w\" sizes=\"auto, (max-width: 750px) 100vw, 750px\" \/><\/a><figcaption id=\"caption-attachment-30886572\" class=\"wp-caption-text\">Promoci\u00f3n 2021\/2025 del Grado en Criminolog\u00eda de la UPO<\/figcaption><\/figure>\n<p>La ceremonia de graduaci\u00f3n de la promoci\u00f3n 2021\/25 del Grado en Criminolog\u00eda y de la promoci\u00f3n 2020\/2025 del Doble Grado en Derecho y Criminolog\u00eda se celebr\u00f3 ayer mi\u00e9rcoles en el Paraninfo de la Universidad Pablo de Olavide. El acto fue presidido por el decano de la Facultad de Derecho, C\u00e9sar Hornero M\u00e9ndez.<\/p>\n<p><strong>El padrino de las promociones ha sido <\/strong><strong>Luis Fern\u00e1ndez Ar\u00e9valo, fiscal jefe de la Audiencia Provincial de Sevilla<\/strong>. A la ceremonia tambi\u00e9n han asistido Margarita Arenas Viruez, secretaria de la Facultad de Derecho de la UPO y Sara Maisanaba Hern\u00e1ndez, directora acad\u00e9mica del Grado en Criminolog\u00eda.<\/p>\n<p>En representaci\u00f3n del alumnado egresado, pronunciaron los discursos Irene L\u00f3pez Carbajo y Eva Pach\u00f3n Balboa del Grado en Criminolog\u00eda y Rosario Guti\u00e9rrez Casado y F\u00e1tima Pilar Serrano Moya del Doble Grado en Derecho y Criminolog\u00eda. Un total de 88 egresados y egresadas asistieron, junto a sus familiares, a este acto con el que la Universidad Pablo de Olavide recupera una antigua tradici\u00f3n de las universidades europeas.<\/p>\n<figure id=\"attachment_30886571\" aria-describedby=\"caption-attachment-30886571\" style=\"width: 750px\" class=\"wp-caption aligncenter\"><a href=\"https:\/\/www.upo.es\/diario\/wp-content\/uploads\/2025\/05\/Graduacion-CRIM-DERDRIM-1-scaled.jpg\"><img loading=\"lazy\" decoding=\"async\" class=\"size-large wp-image-30886571\" src=\"https:\/\/www.upo.es\/diario\/wp-content\/uploads\/2025\/05\/Graduacion-CRIM-DERDRIM-1-750x422.jpg\" alt=\"\" width=\"750\" height=\"422\" srcset=\"https:\/\/www.upo.es\/diario\/wp-content\/uploads\/2025\/05\/Graduacion-CRIM-DERDRIM-1-750x422.jpg 750w, https:\/\/www.upo.es\/diario\/wp-content\/uploads\/2025\/05\/Graduacion-CRIM-DERDRIM-1-420x237.jpg 420w, https:\/\/www.upo.es\/diario\/wp-content\/uploads\/2025\/05\/Graduacion-CRIM-DERDRIM-1-768x432.jpg 768w, https:\/\/www.upo.es\/diario\/wp-content\/uploads\/2025\/05\/Graduacion-CRIM-DERDRIM-1-1536x865.jpg 1536w, https:\/\/www.upo.es\/diario\/wp-content\/uploads\/2025\/05\/Graduacion-CRIM-DERDRIM-1-2048x1153.jpg 2048w, https:\/\/www.upo.es\/diario\/wp-content\/uploads\/2025\/05\/Graduacion-CRIM-DERDRIM-1-1320x743.jpg 1320w\" sizes=\"auto, (max-width: 750px) 100vw, 750px\" \/><\/a><figcaption id=\"caption-attachment-30886571\" class=\"wp-caption-text\">Promoci\u00f3n 2020\/2025 del Doble Grado en Derecho y Criminolog\u00eda<\/figcaption><\/figure>\n<p>&nbsp;<\/p>\n","protected":false},"excerpt":{"rendered":"<p>La ceremonia de graduaci\u00f3n de la promoci\u00f3n 2021\/25 del Grado en Criminolog\u00eda y de la promoci\u00f3n 2020\/2025 del Doble Grado en Derecho y Criminolog\u00eda se celebr\u00f3 en el Paraninfo de la Universidad Pablo de Olavide. El padrino de las promociones ha sido Luis Fern\u00e1ndez Ar\u00e9valo, fiscal jefe de la Audiencia Provincial de Sevilla.<\/p>\n","protected":false},"author":4,"featured_media":30886571,"comment_status":"closed","ping_status":"open","sticky":false,"template":"","format":"standard","meta":{"_monsterinsights_skip_tracking":false,"_monsterinsights_sitenote_active":false,"_monsterinsights_sitenote_note":"","_monsterinsights_sitenote_category":0,"footnotes":""},"categories":[5842],"tags":[5074,3440,81,4176,2374,5042],"class_list":["post-30886570","post","type-post","status-publish","format-standard","has-post-thumbnail","hentry","category-comunidad","tag-ceremonia-de-graduacion","tag-doble-grado-en-derecho-y-criminologia","tag-facultad-de-derecho","tag-fin-de-grado","tag-grado-en-criminologia","tag-graduacion"],"_links":{"self":[{"href":"https:\/\/www.upo.es\/diario\/wp-json\/wp\/v2\/posts\/30886570","targetHints":{"allow":["GET"]}}],"collection":[{"href":"https:\/\/www.upo.es\/diario\/wp-json\/wp\/v2\/posts"}],"about":[{"href":"https:\/\/www.upo.es\/diario\/wp-json\/wp\/v2\/types\/post"}],"author":[{"embeddable":true,"href":"https:\/\/www.upo.es\/diario\/wp-json\/wp\/v2\/users\/4"}],"replies":[{"embeddable":true,"href":"https:\/\/www.upo.es\/diario\/wp-json\/wp\/v2\/comments?post=30886570"}],"version-history":[{"count":1,"href":"https:\/\/www.upo.es\/diario\/wp-json\/wp\/v2\/posts\/30886570\/revisions"}],"predecessor-version":[{"id":30886573,"href":"https:\/\/www.upo.es\/diario\/wp-json\/wp\/v2\/posts\/30886570\/revisions\/30886573"}],"wp:featuredmedia":[{"embeddable":true,"href":"https:\/\/www.upo.es\/diario\/wp-json\/wp\/v2\/media\/30886571"}],"wp:attachment":[{"href":"https:\/\/www.upo.es\/diario\/wp-json\/wp\/v2\/media?parent=30886570"}],"wp:term":[{"taxonomy":"category","embeddable":true,"href":"https:\/\/www.upo.es\/diario\/wp-json\/wp\/v2\/categories?post=30886570"},{"taxonomy":"post_tag","embeddable":true,"href":"https:\/\/www.upo.es\/diario\/wp-json\/wp\/v2\/tags?post=30886570"}],"curies":[{"name":"wp","href":"https:\/\/api.w.org\/{rel}","templated":true}]}}