{"id":30886574,"date":"2025-05-16T13:14:38","date_gmt":"2025-05-16T11:14:38","guid":{"rendered":"https:\/\/www.upo.es\/diario\/?p=30886574"},"modified":"2025-05-21T18:51:33","modified_gmt":"2025-05-21T16:51:33","slug":"la-universidad-pablo-de-olavide-une-fuerzas-con-la-fundacion-cristina-heeren-para-la-ensenanza-y-la-difusion-del-flamenco","status":"publish","type":"post","link":"https:\/\/www.upo.es\/diario\/cultura-social\/2025\/05\/la-universidad-pablo-de-olavide-une-fuerzas-con-la-fundacion-cristina-heeren-para-la-ensenanza-y-la-difusion-del-flamenco\/","title":{"rendered":"La Universidad Pablo de Olavide une fuerzas con la Fundaci\u00f3n Cristina Heeren para la ense\u00f1anza y la difusi\u00f3n del Flamenco"},"content":{"rendered":"<figure id=\"attachment_30886576\" aria-describedby=\"caption-attachment-30886576\" style=\"width: 750px\" class=\"wp-caption aligncenter\"><a href=\"https:\/\/www.upo.es\/diario\/wp-content\/uploads\/2025\/05\/16052025-Conve-UPO-Fund-CristinaHeeren-5715-scaled.jpg\"><img loading=\"lazy\" decoding=\"async\" class=\"size-large wp-image-30886576\" src=\"https:\/\/www.upo.es\/diario\/wp-content\/uploads\/2025\/05\/16052025-Conve-UPO-Fund-CristinaHeeren-5715-750x422.jpg\" alt=\"Francisco Oliva y Cristina Heeren tras la firma del acuerdo\" width=\"750\" height=\"422\" srcset=\"https:\/\/www.upo.es\/diario\/wp-content\/uploads\/2025\/05\/16052025-Conve-UPO-Fund-CristinaHeeren-5715-750x422.jpg 750w, https:\/\/www.upo.es\/diario\/wp-content\/uploads\/2025\/05\/16052025-Conve-UPO-Fund-CristinaHeeren-5715-420x236.jpg 420w, https:\/\/www.upo.es\/diario\/wp-content\/uploads\/2025\/05\/16052025-Conve-UPO-Fund-CristinaHeeren-5715-768x432.jpg 768w, https:\/\/www.upo.es\/diario\/wp-content\/uploads\/2025\/05\/16052025-Conve-UPO-Fund-CristinaHeeren-5715-1536x864.jpg 1536w, https:\/\/www.upo.es\/diario\/wp-content\/uploads\/2025\/05\/16052025-Conve-UPO-Fund-CristinaHeeren-5715-2048x1152.jpg 2048w, https:\/\/www.upo.es\/diario\/wp-content\/uploads\/2025\/05\/16052025-Conve-UPO-Fund-CristinaHeeren-5715-1320x743.jpg 1320w\" sizes=\"auto, (max-width: 750px) 100vw, 750px\" \/><\/a><figcaption id=\"caption-attachment-30886576\" class=\"wp-caption-text\">Francisco Oliva y Cristina Heeren tras la firma del acuerdo<\/figcaption><\/figure>\n<p><strong>Francisco Oliva<\/strong>, rector de la Universidad Pablo de Olavide, y <strong>Cristina Heeren<\/strong>, presidenta de la <a href=\"https:\/\/www.flamencoheeren.com\/\">Fundaci\u00f3n<\/a> hom\u00f3nima de Arte Flamenco, han firmado esta ma\u00f1ana un convenio de colaboraci\u00f3n para promover conjuntamente la formaci\u00f3n, la difusi\u00f3n y la preservaci\u00f3n del flamenco, arte declarado Patrimonio Cultural Inmaterial de la Humanidad.<\/p>\n<p>El acuerdo subraya el compromiso compartido por ambas entidades para fomentar el aprendizaje y un mayor conocimiento del flamenco, por medio de cursos, acciones art\u00edsticas y culturales, as\u00ed como la promoci\u00f3n del talento joven a trav\u00e9s de una formaci\u00f3n especializada.<\/p>\n<p>De este modo, la Universidad Pablo de Olavide suma en su esfuerzo por impulsar y difundir el Flamenco en el contexto universitario a la Fundaci\u00f3n Cristina Heeren; con casi tres d\u00e9cadas dedicadas a la ense\u00f1anza profesional del flamenco y m\u00e1s de 9.000 alumnos titulados en todo el mundo, su trabajo por la conservaci\u00f3n y ense\u00f1anza del flamenco ha sido reconocido por numerosas instituciones. \u00a0<strong>La Fundaci\u00f3n, cuyo principal proyecto es la Escuela Internacional de Arte Flamenco, y la Olavide unen desde hoy su vocaci\u00f3n docente para avanzar en la formaci\u00f3n del flamenco<\/strong>.<\/p>\n<p>Cristina Heeren ha celebrado la firma del convenio que iniciar\u00e1 proyectos en com\u00fan. Por su parte, el rector ha reconocido la labor de una Fundaci\u00f3n que se \u00abdedica a dar una oportunidad de desarrollo personal y profesional al talento en el mundo del flamenco\u00bb. \u00abLa cultura lo es todo, forma parte del desarrollo personal, de la democracia y de la identidad de los pueblos y de las personas, y la cultura del flamenco, en Andaluc\u00eda y en Espa\u00f1a, tiene una importancia fundamental, por ello en la Universidad tambi\u00e9n debe tenerla\u00bb, ha se\u00f1alado Francisco Oliva.<\/p>\n<p><strong>La promoci\u00f3n del flamenco ha ocupado, desde sus inicios, un lugar especial entre las actividades promovidas por el Vicerrectorado de Cultura y Pol\u00edticas Sociales de la Universidad Pablo de Olavide<\/strong>. Este compromiso se ha materializado con proyectos propios, como el programa de Artes y Formaci\u00f3n de cante y baile flamenco, y con la creaci\u00f3n de espacios para acoger a artistas e investigadores en el campus. Un trabajo continuado que ha desembocado en la <a href=\"https:\/\/www.upo.es\/diario\/institucional\/2025\/04\/upo-consejeria-cultura-presentan-catedra-olavide-flamenco-acercar-este-arte-juventud-universitaria\/\">C\u00e1tedra Olavide de Flamenco<\/a> \u2014primera c\u00e1tedra universitaria institucional dedicada al estudio y difusi\u00f3n de este arte\u2014 que organiza ya actividades como el curso universitario \u2018Especialista en Gesti\u00f3n Cultural del Flamenco\u2019, el Festival Universitario de Flamenco de la Pablo de Olavide o un curso anual en el marco de los Cursos de Verano de la Olavide en Carmona. La Universidad trata de este modo de facilitar un v\u00ednculo con el arte flamenco y su conocimiento entre la juventud universitaria andaluza.<\/p>\n<p><a href=\"https:\/\/www.upo.es\/diario\/wp-content\/uploads\/2025\/05\/16052025-Conve-UPO-Fund-CristinaHeeren-5724-scaled.jpg\"><img loading=\"lazy\" decoding=\"async\" class=\"aligncenter size-large wp-image-30886577\" src=\"https:\/\/www.upo.es\/diario\/wp-content\/uploads\/2025\/05\/16052025-Conve-UPO-Fund-CristinaHeeren-5724-750x422.jpg\" alt=\"Promotores del convenio entre la Universidad y la Fundaci\u00f3n Cristina Heeren\" width=\"750\" height=\"422\" srcset=\"https:\/\/www.upo.es\/diario\/wp-content\/uploads\/2025\/05\/16052025-Conve-UPO-Fund-CristinaHeeren-5724-750x422.jpg 750w, https:\/\/www.upo.es\/diario\/wp-content\/uploads\/2025\/05\/16052025-Conve-UPO-Fund-CristinaHeeren-5724-420x236.jpg 420w, https:\/\/www.upo.es\/diario\/wp-content\/uploads\/2025\/05\/16052025-Conve-UPO-Fund-CristinaHeeren-5724-768x432.jpg 768w, https:\/\/www.upo.es\/diario\/wp-content\/uploads\/2025\/05\/16052025-Conve-UPO-Fund-CristinaHeeren-5724-1536x864.jpg 1536w, https:\/\/www.upo.es\/diario\/wp-content\/uploads\/2025\/05\/16052025-Conve-UPO-Fund-CristinaHeeren-5724-2048x1152.jpg 2048w, https:\/\/www.upo.es\/diario\/wp-content\/uploads\/2025\/05\/16052025-Conve-UPO-Fund-CristinaHeeren-5724-1320x742.jpg 1320w\" sizes=\"auto, (max-width: 750px) 100vw, 750px\" \/><\/a><\/p>\n","protected":false},"excerpt":{"rendered":"<p>Francisco Oliva, rector de la Universidad Pablo de Olavide, y Cristina Heeren, presidenta de la Fundaci\u00f3n hom\u00f3nima de Arte Flamenco, han firmado esta ma\u00f1ana un convenio de colaboraci\u00f3n para promover conjuntamente la formaci\u00f3n, la difusi\u00f3n y la preservaci\u00f3n del flamenco, arte declarado Patrimonio Cultural Inmaterial de la Humanidad.<\/p>\n","protected":false},"author":6,"featured_media":30886578,"comment_status":"closed","ping_status":"open","sticky":false,"template":"","format":"standard","meta":{"_monsterinsights_skip_tracking":false,"_monsterinsights_sitenote_active":false,"_monsterinsights_sitenote_note":"","_monsterinsights_sitenote_category":0,"footnotes":""},"categories":[5843],"tags":[6943,326,93,4021,503,7824,3746,7194],"class_list":["post-30886574","post","type-post","status-publish","format-standard","has-post-thumbnail","hentry","category-cultura-social","tag-artes-y-formacion","tag-convenio","tag-flamenco","tag-francisco-oliva-blazquez","tag-fundacion","tag-laura-gomez-ruiz","tag-servicio-de-extension-cultural","tag-vicerrectorado-de-cultura-y-politicas-sociales"],"_links":{"self":[{"href":"https:\/\/www.upo.es\/diario\/wp-json\/wp\/v2\/posts\/30886574","targetHints":{"allow":["GET"]}}],"collection":[{"href":"https:\/\/www.upo.es\/diario\/wp-json\/wp\/v2\/posts"}],"about":[{"href":"https:\/\/www.upo.es\/diario\/wp-json\/wp\/v2\/types\/post"}],"author":[{"embeddable":true,"href":"https:\/\/www.upo.es\/diario\/wp-json\/wp\/v2\/users\/6"}],"replies":[{"embeddable":true,"href":"https:\/\/www.upo.es\/diario\/wp-json\/wp\/v2\/comments?post=30886574"}],"version-history":[{"count":3,"href":"https:\/\/www.upo.es\/diario\/wp-json\/wp\/v2\/posts\/30886574\/revisions"}],"predecessor-version":[{"id":30886580,"href":"https:\/\/www.upo.es\/diario\/wp-json\/wp\/v2\/posts\/30886574\/revisions\/30886580"}],"wp:featuredmedia":[{"embeddable":true,"href":"https:\/\/www.upo.es\/diario\/wp-json\/wp\/v2\/media\/30886578"}],"wp:attachment":[{"href":"https:\/\/www.upo.es\/diario\/wp-json\/wp\/v2\/media?parent=30886574"}],"wp:term":[{"taxonomy":"category","embeddable":true,"href":"https:\/\/www.upo.es\/diario\/wp-json\/wp\/v2\/categories?post=30886574"},{"taxonomy":"post_tag","embeddable":true,"href":"https:\/\/www.upo.es\/diario\/wp-json\/wp\/v2\/tags?post=30886574"}],"curies":[{"name":"wp","href":"https:\/\/api.w.org\/{rel}","templated":true}]}}