{"id":30886588,"date":"2025-05-16T14:02:33","date_gmt":"2025-05-16T12:02:33","guid":{"rendered":"https:\/\/www.upo.es\/diario\/?p=30886588"},"modified":"2025-05-21T18:51:38","modified_gmt":"2025-05-21T16:51:38","slug":"la-universidad-pablo-de-olavide-clausura-la-primera-edicion-del-master-de-consultoria-tecnologica-2","status":"publish","type":"post","link":"https:\/\/www.upo.es\/diario\/comunidad\/2025\/05\/la-universidad-pablo-de-olavide-clausura-la-primera-edicion-del-master-de-consultoria-tecnologica-2\/","title":{"rendered":"La Universidad Pablo de Olavide clausura la primera edici\u00f3n del M\u00e1ster de Consultor\u00eda Tecnol\u00f3gica"},"content":{"rendered":"<p><a href=\"https:\/\/www.upo.es\/diario\/wp-content\/uploads\/2025\/05\/IMG_0057-scaled-e1747396663510.jpg\"><img loading=\"lazy\" decoding=\"async\" class=\"aligncenter size-large wp-image-30886590\" src=\"https:\/\/www.upo.es\/diario\/wp-content\/uploads\/2025\/05\/IMG_0057-scaled-e1747396663510-750x397.jpg\" alt=\"Estudiantes de la la primera edici\u00f3n del M\u00e1ster de Consultor\u00eda Tecnol\u00f3gica\" width=\"750\" height=\"397\" srcset=\"https:\/\/www.upo.es\/diario\/wp-content\/uploads\/2025\/05\/IMG_0057-scaled-e1747396663510-750x397.jpg 750w, https:\/\/www.upo.es\/diario\/wp-content\/uploads\/2025\/05\/IMG_0057-scaled-e1747396663510-420x222.jpg 420w, https:\/\/www.upo.es\/diario\/wp-content\/uploads\/2025\/05\/IMG_0057-scaled-e1747396663510-768x406.jpg 768w, https:\/\/www.upo.es\/diario\/wp-content\/uploads\/2025\/05\/IMG_0057-scaled-e1747396663510-1536x812.jpg 1536w, https:\/\/www.upo.es\/diario\/wp-content\/uploads\/2025\/05\/IMG_0057-scaled-e1747396663510-2048x1083.jpg 2048w, https:\/\/www.upo.es\/diario\/wp-content\/uploads\/2025\/05\/IMG_0057-scaled-e1747396663510-1320x698.jpg 1320w\" sizes=\"auto, (max-width: 750px) 100vw, 750px\" \/><\/a>La Universidad Pablo celebr\u00f3 ayer la ceremonia de clausura y graduaci\u00f3n de la <strong>primera edici\u00f3n del M\u00e1ster de Formaci\u00f3n Permanente en \u2018Consultor\u00eda Tecnol\u00f3gica: Especializaci\u00f3n en Microsoft Dynamics 365 Business Central\u2019<\/strong>. Este t\u00edtulo propio de la UPO que cuenta con la colaboraci\u00f3n de Microsoft ha formado a lo largo de los \u00faltimos meses a sus alumnos y alumnas para convertirlos en profesionales del \u00e1mbito de la consultor\u00eda tecnol\u00f3gica, ofreciendo una formaci\u00f3n especializada, \u00fanica y adaptada a las demandas del mercado laboral actual.<\/p>\n<p><a href=\"https:\/\/www.upo.es\/diario\/wp-content\/uploads\/2025\/05\/IMG_0013-2-scaled.jpg\"><img loading=\"lazy\" decoding=\"async\" class=\"size-medium wp-image-30886591 alignright\" src=\"https:\/\/www.upo.es\/diario\/wp-content\/uploads\/2025\/05\/IMG_0013-2-420x280.jpg\" alt=\"Asistentes a la clausura de la primera edici\u00f3n del M\u00e1ster de Consultor\u00eda Tecnol\u00f3gica\" width=\"420\" height=\"280\" srcset=\"https:\/\/www.upo.es\/diario\/wp-content\/uploads\/2025\/05\/IMG_0013-2-420x280.jpg 420w, https:\/\/www.upo.es\/diario\/wp-content\/uploads\/2025\/05\/IMG_0013-2-750x500.jpg 750w, https:\/\/www.upo.es\/diario\/wp-content\/uploads\/2025\/05\/IMG_0013-2-768x512.jpg 768w, https:\/\/www.upo.es\/diario\/wp-content\/uploads\/2025\/05\/IMG_0013-2-1536x1024.jpg 1536w, https:\/\/www.upo.es\/diario\/wp-content\/uploads\/2025\/05\/IMG_0013-2-2048x1365.jpg 2048w, https:\/\/www.upo.es\/diario\/wp-content\/uploads\/2025\/05\/IMG_0013-2-165x109.jpg 165w, https:\/\/www.upo.es\/diario\/wp-content\/uploads\/2025\/05\/IMG_0013-2-1320x880.jpg 1320w\" sizes=\"auto, (max-width: 420px) 100vw, 420px\" \/><\/a>El acto ha estado presidido por la vicerrectora de Relaciones Institucionales, Formaci\u00f3n Permanente y Fundaciones, <strong>Laura L\u00f3pez de la Cruz<\/strong>, y ha contado con la presencia de <strong>Juan Bravo Baena<\/strong>, vicesecretario de Econom\u00eda del Partido Popular e invitado de honor de este acto de clausura, as\u00ed como con los miembros de la comisi\u00f3n acad\u00e9mica del t\u00edtulo, <strong>Norberto D\u00edaz D\u00edaz<\/strong>, director acad\u00e9mico; Jos\u00e9 Mar\u00eda Pedraza Infante, director ejecutivo; y <strong>Laura G\u00f3mez-Ruiz,<\/strong> vicerrectora de Cultura y Pol\u00edticas Sociales de la UPO, y responsable de calidad del programa. Adem\u00e1s, tambi\u00e9n han participado en el acto el director de la Escuela Polit\u00e9cnica Superior, <strong>Luis Merino Caba\u00f1as<\/strong>; el decano de la Facultad de Empresariales, <strong>\u00c1lvaro L\u00f3pez Cabrales<\/strong>; as\u00ed como profesorado y alumnado de este t\u00edtulo propio.<\/p>\n<p>Tras la bienvenida, la direcci\u00f3n acad\u00e9mica dio paso a las palabras del Consejero de Presidencia, Interior, Di\u00e1logo Social y Simplificaci\u00f3n Administrativa de la Junta de Andaluc\u00eda y padrino de la promoci\u00f3n, Antonio Sanz Cabello; del responsable de Empleabilidad de Microsoft, Enrique Ruiz P\u00e9rez; y del director de PYME de Microsoft, Juan Chinchilla Alvargonz\u00e1lez, que participaron en la clausura de forma telem\u00e1tica.<\/p>\n<p><strong>Durante el acto se ha destacado la versatilidad de este t\u00edtulo, dirigido a profesionales de diferentes sectores, con un enfoque innovador<\/strong> y orientado a la excelencia. Adem\u00e1s, los participantes han destacado la importancia de crear sinergias entre la universidad y las empresas que repercuten en la puesta en marcha de programas como este t\u00edtulo de m\u00e1ster, un programa formativo cuya calidad se ve demostrada con la elevada tasa de inserci\u00f3n laboral del alumnado lo que pone de manifiesto la necesidad del mercado de profesionales formados en este \u00e1mbito.<\/p>\n<p>El alumnado de este programa ha tenido la oportunidad de trabajar a lo largo de los \u00faltimos meses con herramientas de vanguardia como <strong>Microsoft Dynamics 365 Business Central <\/strong>y<strong> Power Bi<\/strong>, logrando la adquisici\u00f3n de habilidades altamente demandadas en el mercado laboral actual y compartiendo experiencias con profesionales de alto nivel, lo que ha permitido una <strong>tasa de empleabilidad alta incluso antes de la finalizaci\u00f3n del programa<\/strong>.<\/p>\n<p>Este m\u00e1ster, que comenzar\u00e1 en el curso acad\u00e9mico 2025\/2026 su segunda edici\u00f3n, ha sido <strong>dise\u00f1ado para proporcionar una formaci\u00f3n integral en consultor\u00eda tecnol\u00f3gica, abordando \u00e1reas clave como la gesti\u00f3n financiera, la log\u00edstica, la gesti\u00f3n de proyectos y la inteligencia artificial<\/strong>, a la vez que proporciona a su alumnado la adquisici\u00f3n de certificaciones profesionales de Microsoft que validan sus competencias y aumentan las oportunidades de empleo.\u00a0 Se desarrollar\u00e1 mediante una metodolog\u00eda presencial online, integrando sesiones presenciales\/online con seguimiento activo del alumnado a trav\u00e9s de plataformas digitales, pudiendo cursarse tambi\u00e9n de forma remota y as\u00edncrona en su totalidad.<\/p>\n<p>Este programa, que est\u00e1 gestionado por la Fundaci\u00f3n Universidad Pablo de Olavide, se divide en tres m\u00f3dulos formativos: Transformaci\u00f3n Empresarial y Sistemas de Gesti\u00f3n Integrados, Preparaci\u00f3n de certificaciones y Trabajo Fin de M\u00e1ster. La matr\u00edcula para la segunda edici\u00f3n de este t\u00edtulo ya se encuentra abierta.<\/p>\n<p>M\u00e1s informaci\u00f3n: <a href=\"https:\/\/www.upo.es\/formacionpermanente\/master-formacion-permanente\/consultoria-tecnologica-especializacion-en-microsoft-dynamics\/\">M\u00e1ster de Formaci\u00f3n Permanente \u2018Consultor\u00eda Tecnol\u00f3gica: Especializaci\u00f3n en Microsoft Dynamics 365 Business Central\u2019<\/a><\/p>\n<p>Fuente: Fundaci\u00f3n Universidad Pablo de Olavide<\/p>\n","protected":false},"excerpt":{"rendered":"<p>Un t\u00edtulo propio de esta universidad que cuenta con la colaboraci\u00f3n de Microsoft y que ha conseguido egresar a su alumnado tasa de inserci\u00f3n laboral del 100 %.<\/p>\n","protected":false},"author":6,"featured_media":30886590,"comment_status":"closed","ping_status":"open","sticky":false,"template":"","format":"standard","meta":{"_monsterinsights_skip_tracking":false,"_monsterinsights_sitenote_active":false,"_monsterinsights_sitenote_note":"","_monsterinsights_sitenote_category":0,"footnotes":""},"categories":[5842],"tags":[2817,463,165,328,2474,118,2449,217],"class_list":["post-30886588","post","type-post","status-publish","format-standard","has-post-thumbnail","hentry","category-comunidad","tag-area-de-formacion-permanente","tag-clausura","tag-consultoria","tag-formacion-permanente","tag-fundacion-universidad-pablo-de-olavide","tag-master","tag-microsoft","tag-nuevas-tecnologias"],"_links":{"self":[{"href":"https:\/\/www.upo.es\/diario\/wp-json\/wp\/v2\/posts\/30886588","targetHints":{"allow":["GET"]}}],"collection":[{"href":"https:\/\/www.upo.es\/diario\/wp-json\/wp\/v2\/posts"}],"about":[{"href":"https:\/\/www.upo.es\/diario\/wp-json\/wp\/v2\/types\/post"}],"author":[{"embeddable":true,"href":"https:\/\/www.upo.es\/diario\/wp-json\/wp\/v2\/users\/6"}],"replies":[{"embeddable":true,"href":"https:\/\/www.upo.es\/diario\/wp-json\/wp\/v2\/comments?post=30886588"}],"version-history":[{"count":2,"href":"https:\/\/www.upo.es\/diario\/wp-json\/wp\/v2\/posts\/30886588\/revisions"}],"predecessor-version":[{"id":30886592,"href":"https:\/\/www.upo.es\/diario\/wp-json\/wp\/v2\/posts\/30886588\/revisions\/30886592"}],"wp:featuredmedia":[{"embeddable":true,"href":"https:\/\/www.upo.es\/diario\/wp-json\/wp\/v2\/media\/30886590"}],"wp:attachment":[{"href":"https:\/\/www.upo.es\/diario\/wp-json\/wp\/v2\/media?parent=30886588"}],"wp:term":[{"taxonomy":"category","embeddable":true,"href":"https:\/\/www.upo.es\/diario\/wp-json\/wp\/v2\/categories?post=30886588"},{"taxonomy":"post_tag","embeddable":true,"href":"https:\/\/www.upo.es\/diario\/wp-json\/wp\/v2\/tags?post=30886588"}],"curies":[{"name":"wp","href":"https:\/\/api.w.org\/{rel}","templated":true}]}}