{"id":30886607,"date":"2025-05-19T12:18:25","date_gmt":"2025-05-19T10:18:25","guid":{"rendered":"https:\/\/www.upo.es\/diario\/?p=30886607"},"modified":"2025-05-27T16:03:10","modified_gmt":"2025-05-27T14:03:10","slug":"cursos-de-verano-olavide-en-carmona-2025","status":"publish","type":"post","link":"https:\/\/www.upo.es\/diario\/institucional\/2025\/05\/cursos-de-verano-olavide-en-carmona-2025\/","title":{"rendered":"La vig\u00e9sima tercera edici\u00f3n de los Cursos de Verano de la Universidad Pablo de Olavide en Carmona comienza el 23 de junio"},"content":{"rendered":"<p><iframe loading=\"lazy\" title=\"YouTube video player\" src=\"https:\/\/www.youtube.com\/embed\/4JjeYNVTrpI?si=RzmpFTRTB5ncNgsw\" width=\"560\" height=\"315\" frameborder=\"0\" allowfullscreen=\"allowfullscreen\"><\/iframe><\/p>\n<p>Los <strong>Cursos de Verano de la Universidad Pablo de Olavide<\/strong> se celebrar\u00e1n nuevamente <strong>en su sede de Carmona<\/strong> <a href=\"https:\/\/www.upo.es\/formacionpermanente\/cursos-de-verano-olavide\/programa\/\"><strong>del 23 de junio al 30 de julio<\/strong><\/a>\u00a0en la que constituye ya su vig\u00e9sima tercera edici\u00f3n. Organizados por la UPO en colaboraci\u00f3n con el Ayuntamiento de esta ciudad, la Casa Palacio de Los Briones, sede permanente de la Universidad Pablo de Olavide en Carmona, acoger\u00e1 un total de <strong>40 cursos<\/strong>.<\/p>\n<figure id=\"attachment_30886608\" aria-describedby=\"caption-attachment-30886608\" style=\"width: 420px\" class=\"wp-caption alignleft\"><a href=\"https:\/\/www.upo.es\/diario\/wp-content\/uploads\/2025\/05\/19052025-Present_CuVe-2025_23ed-6135-scaled.jpg\"><img loading=\"lazy\" decoding=\"async\" class=\"size-medium wp-image-30886608\" src=\"https:\/\/www.upo.es\/diario\/wp-content\/uploads\/2025\/05\/19052025-Present_CuVe-2025_23ed-6135-420x236.jpg\" alt=\"Gloria Ruiz, Juan \u00c1vila, Francisco Oliva, Francisco Jos\u00e9 Toajas e Iv\u00e1n Pesta\u00f1a durante la presentaci\u00f3n de los Cursos de Verano 2025\" width=\"420\" height=\"236\" srcset=\"https:\/\/www.upo.es\/diario\/wp-content\/uploads\/2025\/05\/19052025-Present_CuVe-2025_23ed-6135-420x236.jpg 420w, https:\/\/www.upo.es\/diario\/wp-content\/uploads\/2025\/05\/19052025-Present_CuVe-2025_23ed-6135-750x422.jpg 750w, https:\/\/www.upo.es\/diario\/wp-content\/uploads\/2025\/05\/19052025-Present_CuVe-2025_23ed-6135-768x432.jpg 768w, https:\/\/www.upo.es\/diario\/wp-content\/uploads\/2025\/05\/19052025-Present_CuVe-2025_23ed-6135-1536x864.jpg 1536w, https:\/\/www.upo.es\/diario\/wp-content\/uploads\/2025\/05\/19052025-Present_CuVe-2025_23ed-6135-2048x1152.jpg 2048w, https:\/\/www.upo.es\/diario\/wp-content\/uploads\/2025\/05\/19052025-Present_CuVe-2025_23ed-6135-1320x743.jpg 1320w\" sizes=\"auto, (max-width: 420px) 100vw, 420px\" \/><\/a><figcaption id=\"caption-attachment-30886608\" class=\"wp-caption-text\">Gloria Ruiz, Juan \u00c1vila, Francisco Oliva, Francisco Jos\u00e9 Toajas e Iv\u00e1n Pesta\u00f1a durante la presentaci\u00f3n de los Cursos de Verano 2025<\/figcaption><\/figure>\n<p>El rector de la Universidad Pablo de Olavide, <strong>Francisco Oliva Bl\u00e1zquez<\/strong>; el alcalde de Carmona, <strong>Juan \u00c1vila Guti\u00e9rrez<\/strong>; el diputado del \u00c1rea de Empleado P\u00fablico de la Diputaci\u00f3n de Sevilla,<strong> Francisco Jos\u00e9 Toajas Mellado;<\/strong> el vicepresidente del Consejo Social de la UPO, <strong>Iv\u00e1n Pesta\u00f1a Ruiz<\/strong>; la vicerrectora de Relaciones Institucionales y Fundaciones, <strong>Laura L\u00f3pez de la Cruz<\/strong> y la subdirectora de actividades de la Fundaci\u00f3n Cajasol, <strong>Gloria Ruiz Mart\u00edn <\/strong>han participado en el acto de presentaci\u00f3n esta misma ma\u00f1ana en la UPO.<\/p>\n<p>Asimismo, en dicho evento han estado presentes el director de la Sede Olavide en Carmona\u2013Rectora Rosario Valpuesta, <strong>Francisco Hidalgo Rosendo<\/strong>, adem\u00e1s de otras autoridades acad\u00e9micas de la UPO, autoridades municipales de Carmona, directores y directoras de los cursos y representantes de instituciones colaboradoras de los mismos.<\/p>\n<figure id=\"attachment_30886610\" aria-describedby=\"caption-attachment-30886610\" style=\"width: 280px\" class=\"wp-caption alignleft\"><a href=\"https:\/\/www.upo.es\/diario\/wp-content\/uploads\/2025\/05\/19052025-Present_CuVe-2025_23ed-6071-scaled.jpg\"><img loading=\"lazy\" decoding=\"async\" class=\"wp-image-30886610 size-medium\" src=\"https:\/\/www.upo.es\/diario\/wp-content\/uploads\/2025\/05\/19052025-Present_CuVe-2025_23ed-6071-280x420.jpg\" alt=\"Laura L\u00f3pez de la Cruz ha presentado la programaci\u00f3n 2025\" width=\"280\" height=\"420\" srcset=\"https:\/\/www.upo.es\/diario\/wp-content\/uploads\/2025\/05\/19052025-Present_CuVe-2025_23ed-6071-280x420.jpg 280w, https:\/\/www.upo.es\/diario\/wp-content\/uploads\/2025\/05\/19052025-Present_CuVe-2025_23ed-6071-350x525.jpg 350w, https:\/\/www.upo.es\/diario\/wp-content\/uploads\/2025\/05\/19052025-Present_CuVe-2025_23ed-6071-768x1154.jpg 768w, https:\/\/www.upo.es\/diario\/wp-content\/uploads\/2025\/05\/19052025-Present_CuVe-2025_23ed-6071-1023x1536.jpg 1023w, https:\/\/www.upo.es\/diario\/wp-content\/uploads\/2025\/05\/19052025-Present_CuVe-2025_23ed-6071-1364x2048.jpg 1364w, https:\/\/www.upo.es\/diario\/wp-content\/uploads\/2025\/05\/19052025-Present_CuVe-2025_23ed-6071-1320x1983.jpg 1320w, https:\/\/www.upo.es\/diario\/wp-content\/uploads\/2025\/05\/19052025-Present_CuVe-2025_23ed-6071-scaled.jpg 1704w\" sizes=\"auto, (max-width: 280px) 100vw, 280px\" \/><\/a><figcaption id=\"caption-attachment-30886610\" class=\"wp-caption-text\">Laura L\u00f3pez de la Cruz ha presentado la programaci\u00f3n 2025<\/figcaption><\/figure>\n<p>Una amplia variedad de talleres y cursos con temas de actualidad y especializaci\u00f3n se dar\u00e1n cita en los Cursos de Verano 2025. Desde el impacto transformador de la inteligencia artificial en el mercado laboral hasta el complejo panorama de la crisis de las democracias y el auge de las extremas derechas, analizado desde la perspectiva del sindicalismo. La programaci\u00f3n tambi\u00e9n abordar\u00e1 problem\u00e1ticas sociales relevantes como los trastornos de la conducta en el \u00e1mbito educativo, la aplicaci\u00f3n de la Psicolog\u00eda forense en la justicia, y la crucial cuesti\u00f3n de la salud femenina. Asimismo, se explorar\u00e1 la humanizaci\u00f3n de la atenci\u00f3n sanitaria como v\u00eda para mejorar la calidad de vida de las personas.<\/p>\n<p>La riqueza del territorio sevillano tambi\u00e9n tendr\u00e1 su espacio, con cursos dedicados a los vinos y aceites de la provincia. En el \u00e1mbito cient\u00edfico y t\u00e9cnico, los cursos se adentrar\u00e1n en los modelos gen\u00e9ticos utilizados en la investigaci\u00f3n, desde el estudio de bacterias hasta modelos en ratones, en dos cursos especializados. Asimismo, se ofrecer\u00e1n herramientas y orientaciones esenciales para el desarrollo profesional en el campo de la traducci\u00f3n, abordando la gesti\u00f3n de l\u00e9xico especializado y el uso eficaz de corpus ling\u00fc\u00edsticos tanto para traductores principiantes como experimentados, entre otros.<\/p>\n<p>Adem\u00e1s, por tercer a\u00f1o consecutivo, se ha vuelto a apostar por los talleres, cuyo objetivo es que el estudiante pueda adquirir unas habilidades pr\u00e1cticas y espec\u00edficas que pueda aplicar en su vida personal o profesional en un tiempo de formaci\u00f3n limitado.<\/p>\n<p>En estos talleres, se formar\u00e1 al alumnado en diversas materias, como la lucha contra la desinformaci\u00f3n y el impacto disruptivo de la inteligencia artificial en el periodismo actual. La comunicaci\u00f3n institucional ser\u00e1 otro foco de inter\u00e9s, con un taller dedicado a los principios b\u00e1sicos que rigen este \u00e1mbito. Adem\u00e1s, se desvelar\u00e1n las claves del protocolo y las habilidades esenciales para la coordinaci\u00f3n eficaz de los gabinetes de direcci\u00f3n en cualquier instituci\u00f3n.<\/p>\n<p>El mundo del marketing gastron\u00f3mico y el arte del <em>food styling<\/em> tambi\u00e9n tendr\u00e1n su espacio, ofreciendo herramientas para destacar la oferta culinaria. Los paladares curiosos podr\u00e1n embarcarse en una \u2018vuelta al mundo de la alimentaci\u00f3n saludable\u2019, mientras que la gastronom\u00eda italiana ser\u00e1 explorada desde una perspectiva interdisciplinar bajo el lema \u2018\u00a1buonissimo!\u2019. Por otro lado, los viajeros encontrar\u00e1n respuestas a sus dudas sobre el transporte a\u00e9reo, desde normativas sobre equipajes hasta la gesti\u00f3n de cancelaciones.<\/p>\n<p>Finalmente, se tratar\u00e1n temas de gran relevancia social y educativa, como la identificaci\u00f3n y atenci\u00f3n de las altas capacidades en el entorno escolar, y la construcci\u00f3n de alternativas econ\u00f3micas a trav\u00e9s de la econom\u00eda social transformadora. Estos talleres son espacios din\u00e1micos de aprendizaje activo y aplicaci\u00f3n pr\u00e1ctica de conocimientos.<\/p>\n<p>Los cursos abordar\u00e1n temas que van desde lo pol\u00edtico a lo cultural, desde lo econ\u00f3mico a lo social y que se complementan con otros temas y disciplinas como son: la interpretaci\u00f3n del verso esc\u00e9nico y po\u00e9tico; el teatro y las emociones; la espeleoarqueolog\u00eda; el coaching t\u00e9cnico vocal de alto rendimiento y las pr\u00e1cticas arqueol\u00f3gicas en excavaciones abiertas, entre otras. Con respecto a este \u00faltimo seminario, se trata de un \u00e1rea de trabajo en el que las personas participantes podr\u00e1n, del 14 al 25 de julio, conocer todos los entresijos, proceso y gesti\u00f3n de una excavaci\u00f3n en una ciudad como Carmona, que por su propia historia y valor patrimonial posibilita este tipo de actividad.<\/p>\n<p>Adem\u00e1s, es destacable que por duod\u00e9cimo a\u00f1o consecutivo se haya vuelto a incluir en la programaci\u00f3n estival una actividad formativa de verano coordinado por el Centro Adscrito San Isidoro. En concreto, se trata del taller \u2018Inteligencia artificial y sus aplicaciones militares\u2019.<\/p>\n<p>En esta pr\u00f3xima edici\u00f3n, aunque <strong>la presencialidad sigue siendo el objetivo prioritario<\/strong>, para fomentar la interacci\u00f3n y la convivencia entre estudiantes y profesorado, se seguir\u00e1 apostando por la celebraci\u00f3n de cursos en formato de docencia simult\u00e1nea (se pueden cursar en modalidad presencial o en modalidad online), con el objetivo de facilitar el acceso a la formaci\u00f3n de los estudiantes, independientemente del lugar de residencia y las circunstancias en las que se encuentren.<\/p>\n<p>Los talleres y cursos se podr\u00e1n realizar, <strong>22 <\/strong>de manera <strong>exclusivamente presencial, 2 en modalidad <em>online<\/em> y 16 en formato de docencia simult\u00e1nea (presencial u <em>online)<\/em><\/strong>. El <strong>45% de los seminarios vuelve a repetir tem\u00e1tica<\/strong>, aunque con diferentes enfoques, mientras que el <strong>55% de los mismos son primeras ediciones<\/strong>, lo que evidencia la importante apuesta realizada desde Olavide en Carmona en relaci\u00f3n a la renovaci\u00f3n y actualizaci\u00f3n de contenidos formativos.<\/p>\n<p><strong>El plazo de matr\u00edcula<\/strong> para inscribirse en los Cursos de Verano 2025 de la Universidad Pablo de Olavide <strong>comenz\u00f3 el pasado 30 de abril<\/strong> y permanecer\u00e1 abierto hasta 7 d\u00edas antes del inicio del curso, siempre que queden plazas disponibles. Las personas interesadas podr\u00e1n realizar su matr\u00edcula a trav\u00e9s de Internet mediante la p\u00e1gina web <a href=\"https:\/\/www.upo.es\/formacionpermanente\/cursos-de-verano\">www.upo.es\/formacionpermanente\/cursos-de-verano-olavide<\/a><\/p>\n<p>Este a\u00f1o tambi\u00e9n podr\u00e1n beneficiarse de un precio de matr\u00edcula reducido las personas desempleadas y los integrantes de familia numerosa, adem\u00e1s de los miembros de la comunidad universitaria de la Universidad Pablo de Olavide, trabajadores y trabajadoras de la Fundaci\u00f3n Universidad Pablo de Olavide, estudiantes del Aula de Mayores de la UPO, del Centro Adscrito San Isidoro y los vecinos y vecinas de la localidad de Carmona.<\/p>\n<h3><strong>Ponentes<\/strong><\/h3>\n<p><a href=\"https:\/\/www.upo.es\/diario\/wp-content\/uploads\/2025\/05\/Cursos-de-Verano-2025-Cartel-Programa.png\"><img loading=\"lazy\" decoding=\"async\" class=\"alignright size-large wp-image-30886621\" src=\"https:\/\/www.upo.es\/diario\/wp-content\/uploads\/2025\/05\/Cursos-de-Verano-2025-Cartel-Programa-372x525.png\" alt=\"Cursos de Verano 2025: programaci\u00f3n\" width=\"372\" height=\"525\" srcset=\"https:\/\/www.upo.es\/diario\/wp-content\/uploads\/2025\/05\/Cursos-de-Verano-2025-Cartel-Programa-372x525.png 372w, https:\/\/www.upo.es\/diario\/wp-content\/uploads\/2025\/05\/Cursos-de-Verano-2025-Cartel-Programa-297x420.png 297w, https:\/\/www.upo.es\/diario\/wp-content\/uploads\/2025\/05\/Cursos-de-Verano-2025-Cartel-Programa-768x1085.png 768w, https:\/\/www.upo.es\/diario\/wp-content\/uploads\/2025\/05\/Cursos-de-Verano-2025-Cartel-Programa-1087x1536.png 1087w, https:\/\/www.upo.es\/diario\/wp-content\/uploads\/2025\/05\/Cursos-de-Verano-2025-Cartel-Programa-1449x2048.png 1449w, https:\/\/www.upo.es\/diario\/wp-content\/uploads\/2025\/05\/Cursos-de-Verano-2025-Cartel-Programa-1320x1865.png 1320w\" sizes=\"auto, (max-width: 372px) 100vw, 372px\" \/><\/a>Esta nueva edici\u00f3n se presenta bajo un programa multidisciplinar en el que participar\u00e1n m\u00e1s de 300 ponentes y conferenciantes, profesores y profesoras, investigadores e investigadoras, profesionales, personal t\u00e9cnico, pol\u00edtico, periodistas, as\u00ed como personajes del mundo de la cultura, la justicia, lo p\u00fablico o lo social.<\/p>\n<p>En el \u00e1mbito del periodismo y la comunicaci\u00f3n, el evento contar\u00e1 con la participaci\u00f3n de destacados profesionales como Mikel Ayestar\u00e1n, freelance multimedia experto en Oriente Medio; Inma Carretero, redactora jefa de Nacional de <em>El Pa\u00eds<\/em>; Mercedes de Pablos, presidenta del Observatorio de Igualdad de RTVE; Montserrat Dom\u00ednguez, directora de Contenidos de Cadena SER; Alberto Garc\u00eda Reyes, director general de <em>ABC Sevilla<\/em>; Javier Guti\u00e9rrez, corresponsal de RTVE en Estados Unidos; Juan Luis Lara, jefe de prensa del Parlamento de Andaluc\u00eda; Miquel Molina, director adjunto de <em>La Vanguardia<\/em>; Emilio Morenatti, director de Fotograf\u00eda de Associated Press en Espa\u00f1a y Portugal; Virginia P\u00e9rez, directora de <em>Infolibre<\/em> y Rafael Rodr\u00edguez, presidente de la Asociaci\u00f3n de la Prensa de Sevilla.<\/p>\n<p>En el terreno de la pol\u00edtica y la administraci\u00f3n p\u00fablica, se dar\u00e1n cita figuras relevantes como Mar\u00eda Jes\u00fas Montero, vicepresidenta primera y ministra de Hacienda del Gobierno de Espa\u00f1a; Diana Morant, ministra de Ciencia, Innovaci\u00f3n y Universidades; Javier Arenas, secretario general del grupo parlamentario popular del Senado y exministro de la Presidencia; Jos\u00e9 Carlos G\u00f3mez Villamandos, consejero de Universidades, Investigaci\u00f3n e Innovaci\u00f3n o Juan Fernando L\u00f3pez Aguilar, eurodiputado y catedr\u00e1tico de Derecho Constitucional.<\/p>\n<p>La perspectiva del mundo sindical estar\u00e1 representada por Unai Sordo, secretario general de CCOO; Nuria L\u00f3pez, secretaria general de CCOO de Andaluc\u00eda; Carlos Aristu, secretario general de CCOO de Sevilla; Jos\u00e9 Manuel Torres, secretario de Comunicaci\u00f3n de CCOO de Sevilla; Mar\u00eda Dolores Navarro, vicesecretaria general de UGT; Oskar Mart\u00edn, secretario general de UGT Andaluc\u00eda y Juan Bautista Gin\u00e9s, secretario general de UGT Sevilla.<\/p>\n<p>Adem\u00e1s, tambi\u00e9n se dar\u00e1n cita otras personalidades como Amparo Rubiales, doctora en Derecho; Mar\u00eda \u00c1ngeles Dur\u00e1n, doctora en Ciencias Pol\u00edticas e investigadora del CSIC; Joaquim Bosch, magistrado y portavoz de Juezas y Jueces para la Democracia; Olga Ruiz, abogada y presidenta de FACUA; Jos\u00e9 Antonio Castilla, coronel de la Jefatura del Ciberespacio; B\u00e1rbara S\u00e1nchez-Ramade, directora de la Escuela Superior de Hosteler\u00eda de Sevilla; Cristina Monge, soci\u00f3loga y polit\u00f3loga; Juana Castillo, soprano o Roberto Quintana, actor, entre otros.<\/p>\n<p>Esta nueva edici\u00f3n de los Cursos de Verano de la Universidad Pablo de Olavide, gestionados por la Fundaci\u00f3n Universidad Pablo de Olavide, cuenta con la colaboraci\u00f3n de <strong>m\u00e1s de 80 entidades p\u00fablicas y privadas<\/strong>.<\/p>\n<p>M\u00e1s informaci\u00f3n en <a href=\"https:\/\/www.upo.es\/formacionpermanente\/cursos-de-verano-olavide\/\">https:\/\/www.upo.es\/formacionpermanente\/cursos-de-verano-olavide\/<\/a><\/p>\n","protected":false},"excerpt":{"rendered":"<p>Los Cursos de Verano de la Universidad Pablo de Olavide se celebrar\u00e1n nuevamente en su sede de Carmona del 23 de junio al 30 de julio en la que constituye ya su vig\u00e9sima tercera edici\u00f3n. Organizados por la UPO en colaboraci\u00f3n con el Ayuntamiento de esta ciudad, la Casa Palacio de Los Briones, sede permanente de la Universidad Pablo de Olavide en Carmona, acoger\u00e1 un total de 40 cursos.<\/p>\n","protected":false},"author":6,"featured_media":30886609,"comment_status":"closed","ping_status":"open","sticky":false,"template":"","format":"standard","meta":{"_monsterinsights_skip_tracking":false,"_monsterinsights_sitenote_active":false,"_monsterinsights_sitenote_note":"","_monsterinsights_sitenote_category":0,"footnotes":""},"categories":[6],"tags":[5325,23,112,22,3690,328,4021,2078,2474,519],"class_list":["post-30886607","post","type-post","status-publish","format-standard","has-post-thumbnail","hentry","category-institucional","tag-ayuntamiento-de-carmona","tag-carmona","tag-consejo-social","tag-cursos-de-verano","tag-diputacion-de-sevilla","tag-formacion-permanente","tag-francisco-oliva-blazquez","tag-fundacion-cajasol","tag-fundacion-universidad-pablo-de-olavide","tag-olavide-en-carmona"],"_links":{"self":[{"href":"https:\/\/www.upo.es\/diario\/wp-json\/wp\/v2\/posts\/30886607","targetHints":{"allow":["GET"]}}],"collection":[{"href":"https:\/\/www.upo.es\/diario\/wp-json\/wp\/v2\/posts"}],"about":[{"href":"https:\/\/www.upo.es\/diario\/wp-json\/wp\/v2\/types\/post"}],"author":[{"embeddable":true,"href":"https:\/\/www.upo.es\/diario\/wp-json\/wp\/v2\/users\/6"}],"replies":[{"embeddable":true,"href":"https:\/\/www.upo.es\/diario\/wp-json\/wp\/v2\/comments?post=30886607"}],"version-history":[{"count":5,"href":"https:\/\/www.upo.es\/diario\/wp-json\/wp\/v2\/posts\/30886607\/revisions"}],"predecessor-version":[{"id":30886623,"href":"https:\/\/www.upo.es\/diario\/wp-json\/wp\/v2\/posts\/30886607\/revisions\/30886623"}],"wp:featuredmedia":[{"embeddable":true,"href":"https:\/\/www.upo.es\/diario\/wp-json\/wp\/v2\/media\/30886609"}],"wp:attachment":[{"href":"https:\/\/www.upo.es\/diario\/wp-json\/wp\/v2\/media?parent=30886607"}],"wp:term":[{"taxonomy":"category","embeddable":true,"href":"https:\/\/www.upo.es\/diario\/wp-json\/wp\/v2\/categories?post=30886607"},{"taxonomy":"post_tag","embeddable":true,"href":"https:\/\/www.upo.es\/diario\/wp-json\/wp\/v2\/tags?post=30886607"}],"curies":[{"name":"wp","href":"https:\/\/api.w.org\/{rel}","templated":true}]}}